{"id":99007,"date":"2025-11-28T11:20:12","date_gmt":"2025-11-28T11:20:12","guid":{"rendered":"https:\/\/www.europesays.com\/no\/99007\/"},"modified":"2025-11-28T11:20:12","modified_gmt":"2025-11-28T11:20:12","slug":"gar-veldig-fort-framover","status":"publish","type":"post","link":"https:\/\/www.europesays.com\/no\/99007\/","title":{"rendered":"&#8211; G\u00e5r veldig fort framover"},"content":{"rendered":"<p>Hun m\u00e5tte st\u00e5 over Norges f\u00f8rste kamp i mesterskapet, men i dag kom moldenseren med en gladnyhet.\u00a0<\/p>\n<p>Hun kan v\u00e6re tilbake allerede mot Kasakhstan i morgen.\u00a0<\/p>\n<p>\u2013\u00a0Jeg fikk en liten strekk i leggen. Status er veldig bra. Det g\u00e5r fint med meg, og h\u00e5per jeg er tilbake veldig fort, sier Obaidli til TV 2.\u00a0<\/p>\n<p>\u2013 Typisk<\/p>\n<p>Den skadeforfulgte Storhamar-profilen har slitt med mye skader gjennom, karrieren.\u00a0<\/p>\n<p>\u2013 Litt typisk at det skjer rett f\u00f8r VM?\u00a0<\/p>\n<p>\u2013 Ja, det er veldig typisk. Det er kjedelig \u00e5 sitte p\u00e5 tribunen. Men jeg er veldig positiv for det g\u00e5r fort framover. Jeg kjenner bedring dag for dag.<\/p>\n<p>I g\u00e5r f\u00f8rte hun statistikk under kampen. Og hun er imponert over det lagvenninnen fikk til i VM-\u00e5pningen.\u00a0<\/p>\n<p>\u2013 Ja, det s\u00e5 fint ut. Dette blir bra det, ler hun.\u00a0<\/p>\n<p class=\"bold m-bold\" data-lab-font_weight=\"bold\">Om det blir kamp mot Kasakhstan for Obaidli er enn\u00e5 ikke helt avgjort.\u00a0<\/p>\n<p>        <img class=\"image__img lazyload\" itemprop=\"image\" title=\"Foto: Beate Oma Dahle \/ NTB\" alt=\"FORN\u00d8YD: Ole Gustav Gjekstad kom de kritiske sp\u00f8rsm\u00e5lene i forkant p\u00e5 dagens pressetreff. Foto: Beate Oma Dahle \/ NTB\" width=\"675\" height=\"527\" bad-src=\"https:\/\/www.europesays.com\/no\/wp-content\/uploads\/2025\/11\/18332262.webp\" fetchpriority=\"auto\" \/><\/p>\n<p>      FORN\u00d8YD: Ole Gustav Gjekstad kom de kritiske sp\u00f8rsm\u00e5lene i forkant p\u00e5 dagens pressetreff.<br \/>\n         Foto: Beate Oma Dahle \/ NTB<\/p>\n<p>\u2013 Jeg utelukker det ikke, sier landslagssjef Ole Gustav Gjekstad.\u00a0<\/p>\n<p>\u2013 N\u00e5 har ikke jeg hvit frakk, men v\u00e5re medisinere sier i alle fall at det ikke er s\u00e5 langt unna.\u00a0<\/p>\n<p>Enkel motstand<\/p>\n<p>Norge m\u00f8ter et av mesterskapets laveste rankede nasjoner i morgen. Og Gjekstad innledet pressem\u00f8tet med \u00e5 im\u00f8tekomme det ujevne niv\u00e5et i VM med f\u00f8lgende statistikk.\u00a0<\/p>\n<p>\u2013 Vi er forberedt p\u00e5 disse sp\u00f8rsm\u00e5lene. Og da er det p\u00e5 sin plass \u00e5 nevne at i de siste fem mesterskapene s\u00e5 har fem ulike nasjoner tatt gull, og det er seks ulike medalj\u00f8rer. S\u00e5 jeg synes det er et greit perspektiv \u00e5 ha med seg, sier Gjekstad.\u00a0<\/p>\n<p>Han p\u00e5peker at alle lag m\u00e5 begynne et sted, og trekker fram Brasil som en nasjon som slet i sine fem f\u00f8rste VM-deltagelser.\u00a0<\/p>\n<p>\u2013 S\u00e5 ble de verdensmestere i 2015. S\u00e5 alle m\u00e5 begynne et sted, sier han.\u00a0<\/p>\n<p>Kaptein Hennie Reistad sier det p\u00e5 den diplomatiske m\u00e5ten.\u00a0<\/p>\n<p>        <img class=\"image__img lazyload\" itemprop=\"image\" title=\"Foto: Beate Oma Dahle \/ NTB\" alt=\"VERDENS BESTE: Henny Reistad har ikke veldig tro p\u00e5 Norges neste motstander i VM. Foto: Beate Oma Dahle \/ NTB\" width=\"675\" height=\"554\" bad-src=\"https:\/\/www.europesays.com\/no\/wp-content\/uploads\/2025\/11\/18332272.webp\" fetchpriority=\"auto\" \/><\/p>\n<p>      VERDENS BESTE: Henny Reistad har ikke veldig tro p\u00e5 Norges neste motstander i VM.<br \/>\n         Foto: Beate Oma Dahle \/ NTB<\/p>\n<p>\u2013 Vi vet jo at Kasakhstan er et niv\u00e5 under det vi vil v\u00e6re p\u00e5. Det er ikke s\u00e5 mer \u00e5 si enn det. S\u00e5 m\u00e5 vi bare ut \u00e5 gj\u00f8re jobben, og fordelt noen spilleminutter p\u00e5 hele laget, sier Reistad.\u00a0<\/p>\n","protected":false},"excerpt":{"rendered":"Hun m\u00e5tte st\u00e5 over Norges f\u00f8rste kamp i mesterskapet, men i dag kom moldenseren med en gladnyhet.\u00a0 Hun&hellip;\n","protected":false},"author":2,"featured_media":99008,"comment_status":"","ping_status":"","sticky":false,"template":"","format":"standard","meta":{"footnotes":""},"categories":[59],"tags":[30,28,29,83,82],"class_list":{"0":"post-99007","1":"post","2":"type-post","3":"status-publish","4":"format-standard","5":"has-post-thumbnail","7":"category-sport","8":"tag-no","9":"tag-norge","10":"tag-norway","11":"tag-sport","12":"tag-sports"},"share_on_mastodon":{"url":"https:\/\/pubeurope.com\/@no\/115627060443657213","error":""},"_links":{"self":[{"href":"https:\/\/www.europesays.com\/no\/wp-json\/wp\/v2\/posts\/99007","targetHints":{"allow":["GET"]}}],"collection":[{"href":"https:\/\/www.europesays.com\/no\/wp-json\/wp\/v2\/posts"}],"about":[{"href":"https:\/\/www.europesays.com\/no\/wp-json\/wp\/v2\/types\/post"}],"author":[{"embeddable":true,"href":"https:\/\/www.europesays.com\/no\/wp-json\/wp\/v2\/users\/2"}],"replies":[{"embeddable":true,"href":"https:\/\/www.europesays.com\/no\/wp-json\/wp\/v2\/comments?post=99007"}],"version-history":[{"count":0,"href":"https:\/\/www.europesays.com\/no\/wp-json\/wp\/v2\/posts\/99007\/revisions"}],"wp:featuredmedia":[{"embeddable":true,"href":"https:\/\/www.europesays.com\/no\/wp-json\/wp\/v2\/media\/99008"}],"wp:attachment":[{"href":"https:\/\/www.europesays.com\/no\/wp-json\/wp\/v2\/media?parent=99007"}],"wp:term":[{"taxonomy":"category","embeddable":true,"href":"https:\/\/www.europesays.com\/no\/wp-json\/wp\/v2\/categories?post=99007"},{"taxonomy":"post_tag","embeddable":true,"href":"https:\/\/www.europesays.com\/no\/wp-json\/wp\/v2\/tags?post=99007"}],"curies":[{"name":"wp","href":"https:\/\/api.w.org\/{rel}","templated":true}]}}