{"id":99013,"date":"2025-11-28T11:25:12","date_gmt":"2025-11-28T11:25:12","guid":{"rendered":"https:\/\/www.europesays.com\/no\/99013\/"},"modified":"2025-11-28T11:25:12","modified_gmt":"2025-11-28T11:25:12","slug":"listhaug-ber-store-slutte-logre-for-eu","status":"publish","type":"post","link":"https:\/\/www.europesays.com\/no\/99013\/","title":{"rendered":"Listhaug ber St\u00f8re slutte \u00ablogre for EU\u00bb"},"content":{"rendered":"<p><strong>Frp-leder Sylvi Listhaug g\u00e5r hardt ut mot regjeringen etter EUs beslutning om \u00e5 holde Norge utenfor tollmuren i striden om jernlegeringer. Avgj\u00f8relsen er \u00abuakseptabel\u00bb, og regjeringen har sviktet, mener hun.<\/strong><\/p>\n<p>\u2013 Ap og H\u00f8yre unnskylder EU og forklarer EUs sak i stedet for \u00e5 st\u00e5 opp for norske interesser, sier Listhaug til <a href=\"https:\/\/www.nationen.no\/ber-regjeringen-slutte-a-logre-for-eu-uakseptabelt\/s\/5-148-828535\" rel=\"nofollow noopener\" target=\"_blank\">Nationen<\/a>.<\/p>\n<p>Hun mener St\u00f8re-regjeringen har v\u00e6rt altfor ettergivende overfor Brussel.<\/p>\n<p>\u2013 De skal blidgj\u00f8re og logre for EU. Men vi m\u00e5 t\u00f8rre \u00e5 st\u00e5 opp for egne interesser, som \u00e5 ta kontroll over str\u00f8meksporten, sier Frp-lederen til avisen.<\/p>\n<p>Listhaug peker p\u00e5 at Norge st\u00e5r for 30 prosent av EUs olje- og gassforsyning, og mener regjeringen burde brukt dette som forhandlingskort.<\/p>\n<p>\u2013 Det er faktisk uakseptabelt at EU ikke behandler en av sine n\u00e6rmeste allierte som en av sine gode venner som hjalp dem gjennom energikrisen, sier hun.<\/p>\n<p>Listhaug advarer ogs\u00e5 mot H\u00f8yres \u00f8nske om en ny EU-debatt. Hun mener det vil skape un\u00f8dig polarisering, og at ja-sidens tro p\u00e5 norsk innflytelse i EU-parlamentet er naiv.<\/p>\n<p>\u2013 \u00c5 tro at det skulle gi noen voldsom innvirkning for Norge, det mener jeg er \u00e5 tro p\u00e5 julenissen. Det ville gitt en av-demokratisering av Norge, med mye mer makt til Brussel, sier Listhaug til Nationen.<\/p>\n","protected":false},"excerpt":{"rendered":"Frp-leder Sylvi Listhaug g\u00e5r hardt ut mot regjeringen etter EUs beslutning om \u00e5 holde Norge utenfor tollmuren i&hellip;\n","protected":false},"author":2,"featured_media":99014,"comment_status":"","ping_status":"","sticky":false,"template":"","format":"standard","meta":{"footnotes":""},"categories":[10],"tags":[20,21,279,24,25,15,22,23,13,30,28,29,14,16,7152,12673,200,12674,26,27],"class_list":{"0":"post-99013","1":"post","2":"type-post","3":"status-publish","4":"format-standard","5":"has-post-thumbnail","7":"category-norge","8":"tag-breaking-news","9":"tag-breakingnews","10":"tag-eu","11":"tag-featured-news","12":"tag-featurednews","13":"tag-headlines","14":"tag-latest-news","15":"tag-latestnews","16":"tag-news","17":"tag-no","18":"tag-norge","19":"tag-norway","20":"tag-nyheter","21":"tag-overskrifter","22":"tag-regjerigen","23":"tag-store","24":"tag-sylvi-listhaug","25":"tag-tollmur","26":"tag-top-stories","27":"tag-topstories"},"share_on_mastodon":{"url":"https:\/\/pubeurope.com\/@no\/115627080076654286","error":""},"_links":{"self":[{"href":"https:\/\/www.europesays.com\/no\/wp-json\/wp\/v2\/posts\/99013","targetHints":{"allow":["GET"]}}],"collection":[{"href":"https:\/\/www.europesays.com\/no\/wp-json\/wp\/v2\/posts"}],"about":[{"href":"https:\/\/www.europesays.com\/no\/wp-json\/wp\/v2\/types\/post"}],"author":[{"embeddable":true,"href":"https:\/\/www.europesays.com\/no\/wp-json\/wp\/v2\/users\/2"}],"replies":[{"embeddable":true,"href":"https:\/\/www.europesays.com\/no\/wp-json\/wp\/v2\/comments?post=99013"}],"version-history":[{"count":0,"href":"https:\/\/www.europesays.com\/no\/wp-json\/wp\/v2\/posts\/99013\/revisions"}],"wp:featuredmedia":[{"embeddable":true,"href":"https:\/\/www.europesays.com\/no\/wp-json\/wp\/v2\/media\/99014"}],"wp:attachment":[{"href":"https:\/\/www.europesays.com\/no\/wp-json\/wp\/v2\/media?parent=99013"}],"wp:term":[{"taxonomy":"category","embeddable":true,"href":"https:\/\/www.europesays.com\/no\/wp-json\/wp\/v2\/categories?post=99013"},{"taxonomy":"post_tag","embeddable":true,"href":"https:\/\/www.europesays.com\/no\/wp-json\/wp\/v2\/tags?post=99013"}],"curies":[{"name":"wp","href":"https:\/\/api.w.org\/{rel}","templated":true}]}}