{"id":99015,"date":"2025-11-28T11:26:12","date_gmt":"2025-11-28T11:26:12","guid":{"rendered":"https:\/\/www.europesays.com\/no\/99015\/"},"modified":"2025-11-28T11:26:12","modified_gmt":"2025-11-28T11:26:12","slug":"advarer-ordentlig-skummelt-fore-dagbladet","status":"publish","type":"post","link":"https:\/\/www.europesays.com\/no\/99015\/","title":{"rendered":"Advarer: &#8211; Ordentlig skummelt f\u00f8re &#8211; Dagbladet"},"content":{"rendered":"<ol>\n<li><a href=\"https:\/\/news.google.com\/rss\/articles\/CBMifkFVX3lxTFBQTi1WSE1xSnA2OW1BX2pEWC1BV1ltOTlzTnd3bE9uOFdUa1dxbzk4LUN1andsZWFKSDFkbW1XeE96WWd6S3BxZ1ZRbkRmQ0IxT1hPM2VrTkJMeW4xVTFOWlRJMGZNZjE5SXN0cmIxUnN1bXZocEpJLS1yNElsdw?oc=5\" target=\"_blank\" rel=\"nofollow noopener\">Advarer: &#8211; Ordentlig skummelt f\u00f8re<\/a>&nbsp;&nbsp;Dagbladet<\/li>\n<li><a href=\"https:\/\/news.google.com\/rss\/articles\/CBMiqwFBVV95cUxNcE1ZanlDdC1rbmVDT2xhX2d4SjhhMHJFUzh0Ty1JdUlzdG9qQzF1amVsM29XbW5tODdMQWMtWTBBdnJUSUZOMzZfd09UOXhnQWdyNjRiNGlHeFEyRzJzV0lHdVU2b3Atcno1WHVUZ0F3c2tkOE5hM1RCTUtPbDZ5Y0FiVXlXd0hGVkxVdUJ5VnR4QkFaUV8tX0dwSkE2dmJCOUd0bjNfczUtTkE?oc=5\" target=\"_blank\" rel=\"nofollow noopener\">Flere kj\u00f8ret\u00f8y har kj\u00f8rt av veien ved E6 rundt Hamar og Midtstranda<\/a>&nbsp;&nbsp;NRK<\/li>\n<li><a href=\"https:\/\/news.google.com\/rss\/articles\/CBMiowFBVV95cUxNN3NoSUdjSTAwdEdxOE1aZHdXV1dPUk5hUDBDNENEZzMtcXpaNC1oM3BpOUJRQWkyQmdWN1pRclFveDB4QTV6ZW5HaWlUcmp5akU3LUYzMXBtckpaS053cWxyQk44c250THp4VzNfNGNuemhQUkxHSFhzSmlXT2M4MUpReHd1cUdxa1hwNTZlR29Ybm1yMVVUUUQ1SDd5R0xaMWhn?oc=5\" target=\"_blank\" rel=\"nofollow noopener\">V\u00e6ret har snudd: Flere farevarsler<\/a>&nbsp;&nbsp;VG<\/li>\n<li><a href=\"https:\/\/news.google.com\/rss\/articles\/CBMiW0FVX3lxTE9PWmpISmdIbEVrOTVTYkk0c1Fva1dycTVEVUFLR3ZRbjc2Q19XUDdUakc5X2xUbFkwNEdXUi10U3Jzc3FjOW5BTXZtcDV2dzM1VEtKS01nbVJ3S1E?oc=5\" target=\"_blank\" rel=\"nofollow noopener\">Politi, Trafikk | \u2013 Kj\u00f8r forsiktig!<\/a>&nbsp;&nbsp;Oppland Arbeiderblad<\/li>\n<li><a href=\"https:\/\/news.google.com\/rss\/articles\/CBMijAFBVV95cUxOenhSckg0VjZJNDVSTkVONUJyRVZJRWFqU3ltRVROSUJDOS1Ea1lmRERvYU0wVm01azBkeXpnRGJhckZfdGlfTTJUaWNPc1I1RzJiM1JLWk5XQmEweG9tTG1nRUgzZGlzUnlZbldlRUN6bEptRC1WeEd1aFJSWWx6Rmp4QzNkclBuR0VBRw?oc=5\" target=\"_blank\" rel=\"nofollow noopener\">Trafikk, Ulykker | Buss kj\u00f8rte av veien i Hamar: \u2013 Vanskelig f\u00f8re<\/a>&nbsp;&nbsp;Hamar Arbeiderblad<\/li>\n<\/ol>\n","protected":false},"excerpt":{"rendered":"Advarer: &#8211; Ordentlig skummelt f\u00f8re&nbsp;&nbsp;Dagbladet Flere kj\u00f8ret\u00f8y har kj\u00f8rt av veien ved E6 rundt Hamar og Midtstranda&nbsp;&nbsp;NRK V\u00e6ret&hellip;\n","protected":false},"author":2,"featured_media":99016,"comment_status":"","ping_status":"","sticky":false,"template":"","format":"standard","meta":{"footnotes":""},"categories":[5],"tags":[20,21,24,25,15,19,2539,22,23,17,18,13,30,28,29,14,16,26,27],"class_list":{"0":"post-99015","1":"post","2":"type-post","3":"status-publish","4":"format-standard","5":"has-post-thumbnail","7":"category-overskrifter","8":"tag-breaking-news","9":"tag-breakingnews","10":"tag-featured-news","11":"tag-featurednews","12":"tag-headlines","13":"tag-hovedoppslag","14":"tag-innenriks","15":"tag-latest-news","16":"tag-latestnews","17":"tag-main-news","18":"tag-mainnews","19":"tag-news","20":"tag-no","21":"tag-norge","22":"tag-norway","23":"tag-nyheter","24":"tag-overskrifter","25":"tag-top-stories","26":"tag-topstories"},"share_on_mastodon":{"url":"https:\/\/pubeurope.com\/@no\/115627084017755581","error":""},"_links":{"self":[{"href":"https:\/\/www.europesays.com\/no\/wp-json\/wp\/v2\/posts\/99015","targetHints":{"allow":["GET"]}}],"collection":[{"href":"https:\/\/www.europesays.com\/no\/wp-json\/wp\/v2\/posts"}],"about":[{"href":"https:\/\/www.europesays.com\/no\/wp-json\/wp\/v2\/types\/post"}],"author":[{"embeddable":true,"href":"https:\/\/www.europesays.com\/no\/wp-json\/wp\/v2\/users\/2"}],"replies":[{"embeddable":true,"href":"https:\/\/www.europesays.com\/no\/wp-json\/wp\/v2\/comments?post=99015"}],"version-history":[{"count":0,"href":"https:\/\/www.europesays.com\/no\/wp-json\/wp\/v2\/posts\/99015\/revisions"}],"wp:featuredmedia":[{"embeddable":true,"href":"https:\/\/www.europesays.com\/no\/wp-json\/wp\/v2\/media\/99016"}],"wp:attachment":[{"href":"https:\/\/www.europesays.com\/no\/wp-json\/wp\/v2\/media?parent=99015"}],"wp:term":[{"taxonomy":"category","embeddable":true,"href":"https:\/\/www.europesays.com\/no\/wp-json\/wp\/v2\/categories?post=99015"},{"taxonomy":"post_tag","embeddable":true,"href":"https:\/\/www.europesays.com\/no\/wp-json\/wp\/v2\/tags?post=99015"}],"curies":[{"name":"wp","href":"https:\/\/api.w.org\/{rel}","templated":true}]}}