{"id":99027,"date":"2025-11-28T11:34:14","date_gmt":"2025-11-28T11:34:14","guid":{"rendered":"https:\/\/www.europesays.com\/no\/99027\/"},"modified":"2025-11-28T11:34:14","modified_gmt":"2025-11-28T11:34:14","slug":"black-friday-2025-handledagen-er-i-gang","status":"publish","type":"post","link":"https:\/\/www.europesays.com\/no\/99027\/","title":{"rendered":"Black Friday 2025: Handledagen er i gang"},"content":{"rendered":"<p>I 2024 handlet nordmenn for over 2,5 milliarder kroner i fysiske butikker under Black Friday, if\u00f8lge BankAxept.\u00a0<\/p>\n<p>Handelen p\u00e5 selve dagen i butikk har siden 2022 g\u00e5tt nedover. Likevel satte netthandelen med <a href=\"https:\/\/vipps.no\/om-oss\/nyheter\/vipps-knuste-gamle-black-friday-rekorder\" target=\"_blank\" rel=\"nofollow noopener\">Vipps nye rekorder i fjor<\/a>, der omsetningen fordelt p\u00e5 rundt 326 000 nettkj\u00f8p den ene dagen havnet p\u00e5 403 millioner kroner.\u00a0<\/p>\n<p>Med andre ord tyder alt p\u00e5 at nordmenn ikke n\u00f8dvendigvis handler mindre.<\/p>\n<p>&#8211; Nedgangen i fysisk handel p\u00e5 Black Friday skyldes nok at mer og mer handel skjer p\u00e5 nett, b\u00e5de under Black Week og ellers, sa Kjetil B\u00f8e, leder for BankAxept, i en pressemelding i fjor.\u00a0<\/p>\n<p>    <a itemprop=\"url\" href=\"https:\/\/dinside.dagbladet.no\/reise\/black-week-sjokk-20-mill\/83897463\" rel=\"nofollow noopener\" target=\"_blank\"><\/p>\n<p>      <img loading=\"lazy\" decoding=\"async\" src=\"https:\/\/www.europesays.com\/no\/wp-content\/uploads\/2025\/11\/1764329651_625_83897802.webp\" width=\"147\" height=\"98\" title=\"Black week-sjokk  - 20 mill.\" alt=\"\" class=\"\" style=\"--aspect-ratio-image: 1.50; \"\/><\/p>\n<p>        Black week-sjokk  &#8211; 20 mill.<\/p>\n<p>    <\/a><\/p>\n<p>Slutt p\u00e5 k\u00f8ene\t<\/p>\n<p class=\"font-weight-bold m-font-weight-bold\" data-lab-font_weight=\"font-weight-bold\">DinSide har fredag morgen og formiddag tatt turen ut i Oslo sentrum for \u00e5 ta tempen p\u00e5 starten av \u00e5rets st\u00f8rste handledag &#8211; i fysiske butikker.\u00a0<\/p>\n<p>Ved kj\u00f8pesenteret Oslo City i sentrum av hovedstaden g\u00e5r det rolig for seg, og senterleder Elisatbeth Lohk forteller at ting har endret seg de siste \u00e5rene. Hun peker p\u00e5 at det n\u00e5 er b\u00e5de black week og black month.<\/p>\n<p>          <img loading=\"lazy\" decoding=\"async\" src=\"https:\/\/www.europesays.com\/no\/wp-content\/uploads\/2025\/11\/83912837.webp\" width=\"980\" height=\"559\" title=\"F\u00d8R: Tidligere var det lange k\u00f8er p\u00e5 black friday, slik er det ikke lengre. Her fra 2020. Foto: Arkiv\" alt=\"\" class=\"\" style=\"--aspect-ratio-image: 1.75; \"\/><\/p>\n<p>\n          F\u00d8R: Tidligere var det lange k\u00f8er p\u00e5 black friday, slik er det ikke lengre. Her fra 2020. Foto: Arkiv\n      <\/p>\n<p>De er likevel godt forberedt, da de venter 60 000 kunder innom senteret p\u00e5 fredag. Oslo City har \u00f8kt bemanningen b\u00e5de p\u00e5 sikkerhet og renhold.\u00a0<\/p>\n<p>&#8211; Enormt\t<\/p>\n<p>Hos Power-butikken i Oslo sentrum renner det inn med nettbestillinger, rapporterer varehussjef Tore V\u00e5gen.\u00a0<\/p>\n<p>Han forteller at antall bestillinger p\u00e5 nett er sterkt \u00f8kende, og ansl\u00e5r at rundt 35 prosent av bestillingene p\u00e5 black friday skjer p\u00e5 nett.\u00a0 \u00a0<\/p>\n<p>          <img loading=\"lazy\" decoding=\"async\" src=\"https:\/\/www.europesays.com\/no\/wp-content\/uploads\/2025\/11\/83912226.webp\" width=\"980\" height=\"559\" title=\"INGEN K\u00d8: Power forventer stort trykk, men de klassiske Black Friday-k\u00f8ene er det slutt p\u00e5. Foto: Frida Tvedte Matre\" alt=\"\" class=\"\" style=\"--aspect-ratio-image: 1.75; \"\/><\/p>\n<p>\n          INGEN K\u00d8: Power forventer stort trykk, men de klassiske Black Friday-k\u00f8ene er det slutt p\u00e5. Foto: Frida Tvedte Matre\n      <\/p>\n<p>Ogs\u00e5 han mener at tidene med hundrevis av meter med k\u00f8 p\u00e5 Black Friday er over, men at hovedtyngden av kundene kommer i dag.<\/p>\n<p class=\"font-weight-bold m-font-weight-bold\" data-lab-font_weight=\"font-weight-bold\">&#8211; Men vi vet det blir enormt med kunder, og i dag dobler vi omsetningen, sier han.\u00a0<\/p>\n<p>\u00a0P\u00e5l Klethagen er p\u00e5 julegavejakt, og har ogs\u00e5 kj\u00f8pt seg ny telefon. Han er klar p\u00e5 hva han mener om kj\u00f8pefesten.\u00a0<\/p>\n<p>          <img loading=\"lazy\" decoding=\"async\" src=\"https:\/\/www.europesays.com\/no\/wp-content\/uploads\/2025\/11\/83912366.webp\" width=\"980\" height=\"559\" title=\"SHOPPING: P\u00e5l Klethagen sjekket tilbud p\u00e5 Black Friday. Foto: Frida Tvedte Matre\" alt=\"\" class=\"\" style=\"--aspect-ratio-image: 1.75; \"\/><\/p>\n<p>\n          SHOPPING: P\u00e5l Klethagen sjekket tilbud p\u00e5 Black Friday. Foto: Frida Tvedte Matre\n      <\/p>\n<p>&#8211; Det er galskap. Folk m\u00e5 slutte \u00e5 kj\u00f8pe det de ikke trenger, eller kj\u00f8pe bedre kvalitet mener han.\u00a0<\/p>\n","protected":false},"excerpt":{"rendered":"I 2024 handlet nordmenn for over 2,5 milliarder kroner i fysiske butikker under Black Friday, if\u00f8lge BankAxept.\u00a0 Handelen&hellip;\n","protected":false},"author":2,"featured_media":99028,"comment_status":"","ping_status":"","sticky":false,"template":"","format":"standard","meta":{"footnotes":""},"categories":[5],"tags":[10785,20,21,24,25,15,19,22,23,17,18,13,30,28,29,14,16,572,4415,26,27],"class_list":{"0":"post-99027","1":"post","2":"type-post","3":"status-publish","4":"format-standard","5":"has-post-thumbnail","7":"category-overskrifter","8":"tag-black-friday","9":"tag-breaking-news","10":"tag-breakingnews","11":"tag-featured-news","12":"tag-featurednews","13":"tag-headlines","14":"tag-hovedoppslag","15":"tag-latest-news","16":"tag-latestnews","17":"tag-main-news","18":"tag-mainnews","19":"tag-news","20":"tag-no","21":"tag-norge","22":"tag-norway","23":"tag-nyheter","24":"tag-overskrifter","25":"tag-okonomi","26":"tag-shopping","27":"tag-top-stories","28":"tag-topstories"},"share_on_mastodon":{"url":"https:\/\/pubeurope.com\/@no\/115627116172965721","error":""},"_links":{"self":[{"href":"https:\/\/www.europesays.com\/no\/wp-json\/wp\/v2\/posts\/99027","targetHints":{"allow":["GET"]}}],"collection":[{"href":"https:\/\/www.europesays.com\/no\/wp-json\/wp\/v2\/posts"}],"about":[{"href":"https:\/\/www.europesays.com\/no\/wp-json\/wp\/v2\/types\/post"}],"author":[{"embeddable":true,"href":"https:\/\/www.europesays.com\/no\/wp-json\/wp\/v2\/users\/2"}],"replies":[{"embeddable":true,"href":"https:\/\/www.europesays.com\/no\/wp-json\/wp\/v2\/comments?post=99027"}],"version-history":[{"count":0,"href":"https:\/\/www.europesays.com\/no\/wp-json\/wp\/v2\/posts\/99027\/revisions"}],"wp:featuredmedia":[{"embeddable":true,"href":"https:\/\/www.europesays.com\/no\/wp-json\/wp\/v2\/media\/99028"}],"wp:attachment":[{"href":"https:\/\/www.europesays.com\/no\/wp-json\/wp\/v2\/media?parent=99027"}],"wp:term":[{"taxonomy":"category","embeddable":true,"href":"https:\/\/www.europesays.com\/no\/wp-json\/wp\/v2\/categories?post=99027"},{"taxonomy":"post_tag","embeddable":true,"href":"https:\/\/www.europesays.com\/no\/wp-json\/wp\/v2\/tags?post=99027"}],"curies":[{"name":"wp","href":"https:\/\/api.w.org\/{rel}","templated":true}]}}