{"id":99029,"date":"2025-11-28T11:35:17","date_gmt":"2025-11-28T11:35:17","guid":{"rendered":"https:\/\/www.europesays.com\/no\/99029\/"},"modified":"2025-11-28T11:35:17","modified_gmt":"2025-11-28T11:35:17","slug":"fredagens-rykter-4","status":"publish","type":"post","link":"https:\/\/www.europesays.com\/no\/99029\/","title":{"rendered":"Fredagens rykter"},"content":{"rendered":"<p>LES OGS\u00c5: <a href=\"https:\/\/www.united.no\/nyheter\/sondagens-rykter\/1404174\" target=\"_blank\" rel=\"nofollow noopener\">Forrige ukes rykter<\/a><\/p>\n<p>Fredag 28. november<\/p>\n<p>09.03: Fabrizio Romanos\u00a0Cristian Orozco-oppdatering har vi omtalt i egen sak <a href=\"https:\/\/www.united.no\/nyheter\/signerer-kontrakten-i-lopet-av-de-neste-dagene\/1405867\" rel=\"nofollow noopener\" target=\"_blank\">her<\/a>, men Romano hadde mer \u00e5 si ogs\u00e5 om potensielle midtbanekj\u00f8p:<\/p>\n<ul>\n<li class=\"lab-bodytext-line\">Han gjentar p\u00e5standen, som ogs\u00e5 har blitt omtalt av andre, om at det potensielt kan bli to midtbanekj\u00f8p (utenom Orozco) i 2026, litt avhengig av hva som skjer med\u00a0Casemiro.<\/li>\n<li class=\"lab-bodytext-line\">Wolverhampton-spiller Jo\u00e3o Gomes (24) er blant spillerne United vurderer, og blir sett p\u00e5 som en mulighet hvis Wolves bestemmer seg for \u00e5 selge i januar.<\/li>\n<li class=\"lab-bodytext-line\">\n<p>Romano sier at United har noen midtbane-hovedm\u00e5l som er mer sannsynlig til sommeren enn i januar fordi en slik avtale er vanskelig i januar, og nevner Elliot Anderson og Carlos Baleba som slike eksempler. Gomes blir ikke sett p\u00e5 som en spiller i samme kategori, han er ikke topprioritet, men en potensiell mulighet.<\/p>\n<\/li>\n<li class=\"lab-bodytext-line\">\n<p class=\"lab-bodytext-line\">Gomes er veldig lysten p\u00e5 en overgang til United, selv uten europeisk fotball.<\/p>\n<\/li>\n<li class=\"lab-bodytext-line\">\n<p class=\"lab-bodytext-line\">Romano gjentar det som tidligere har blitt p\u00e5st\u00e5tt om at United pr\u00f8vde \u00e5 f\u00e5\u00a0Conor Gallagher\u00a0p\u00e5 l\u00e5n helt p\u00e5 slutten av sommervinduet, og sier ogs\u00e5 at Atl\u00e9tico Madrid fortsatt ikke er villige til \u00e5 sende ham p\u00e5 l\u00e5n. Det skal v\u00e6re interesse fra mange klubber, og han blir i likhet med Gomes ikke sett p\u00e5 som en hovedprioritet av United, men en potensiell mulighet.<\/p>\n<\/li>\n<\/ul>\n<p>Torsdag 27. november<\/p>\n<p data-lab-font_weight=\"\">15.47:\u00a0\u00a0Borussia Dortmund-spiss Serhou Guirassy har en klausul i kontrakten sin som inneb\u00e6rer at en rekke navngitte klubber kan kj\u00f8pe 29-\u00e5ringen for 44 millioner pund, skriver tyske <a href=\"https:\/\/www.bild.de\/sport\/fussball\/borussia-dortmund-zukunftsplan-von-serhou-guirassy-enthuellt-692753edb4508c8851a522a7\" target=\"_blank\" rel=\"nofollow noopener\">BILD<\/a>.<\/p>\n<p class=\"font-weight-light m-font-weight-light\" data-lab-font_weight=\"font-weight-light\"><b>If\u00f8lge den tyske storavisa st\u00e5r Manchester United p\u00e5 denne lista, sammen med Arsenal, Manchester City, Chelsea, Liverpool, Real Madrid og Barcelona.<\/b><\/p>\n<p class=\"font-weight-light m-font-weight-light\" data-lab-font_weight=\"font-weight-light\"><b>Guirassy st\u00e5r med ni m\u00e5l og fire assist p\u00e5 17 kamper s\u00e5 langt denne sesongen, og endte forrige sesong med imponerende 47 m\u00e5lpoeng p\u00e5 50 kamper.\u00a0<\/b><\/p>\n<p class=\"font-weight-normal m-font-weight-normal\" data-lab-font_weight=\"font-weight-normal\">\u00a014.25: If\u00f8lge <a href=\"https:\/\/thedailybriefing.io\/p\/jeremy-jacquet-united-transfer\" target=\"_blank\" rel=\"nofollow noopener\">The Daily Briefing<\/a> er Manchester United interesserte i \u00e5 hente Rennes&#8217; midtstopper Jeremy Jacquet.\u00a0<\/p>\n<p class=\"font-weight-normal m-font-weight-normal\" data-lab-font_weight=\"font-weight-normal\">De hevder at United f\u00f8lger n\u00f8ye med p\u00e5 20-\u00e5ringen, som anses som en av de mest spennende forsvarerne i Ligue 1, men at de trolig f\u00e5r konkurranse fra Chelsea, Tottenham, Crystal Palace og RB Leipzig.<\/p>\n<p class=\"font-weight-normal m-font-weight-normal\" data-lab-font_weight=\"font-weight-normal\">Prislappen skal ligge p\u00e5 under 35 millioner pund.\u00a0<\/p>\n<p class=\"font-weight-normal m-font-weight-normal\" data-lab-font_weight=\"font-weight-normal\">14.12: Brightons Carlos Baleba ble sterkt linket til United i sommer, og nevnes stadig i ryktespaltene. P\u00e5 en pressekonferanse torsdag ble Brighton-manager Fabian Hurzeler spurt om Baleba-ryktene.<\/p>\n<p class=\"font-weight-normal m-font-weight-normal\" data-lab-font_weight=\"font-weight-normal\">\u2013 Det er over n\u00e5. Vi er fire m\u00e5neder inn i sesongen, s\u00e5 vi snakker ikke om disse ryktene lenger.<\/p>\n<p class=\"font-weight-normal m-font-weight-normal\" data-lab-font_weight=\"font-weight-normal\">\u2013 Det handler om \u00e5 v\u00e6re Brighton-spiller, gj\u00f8re det bra her og \u00e5 f\u00e5 ham tilbake til hans beste niv\u00e5. Unng\u00e5 br\u00e5ket, ryktene og fokuser p\u00e5 ting du kan gj\u00f8re noe med, sier Hurzeler.\u00a0<\/p>\n<p>08.10: Det virker \u00e5penbart at Manchester United ser etter nye krefter p\u00e5 midtbanen, og Nottingham Forests Elliot Anderson er blant de heteste midtbanespillerne p\u00e5 markedet.<\/p>\n<p>Den engelske landslagsspilleren har ved flere anledninger blitt nevt i samme \u00e5ndedrag som Manchester United, men n\u00e5 skriver Daily Mail at Forest vil avvise alle framst\u00f8t mot Anderson i januarvinduet.\u00a0<\/p>\n<p>Onsdag 26. november<\/p>\n<p><b>14.03: <\/b>Mer Zirkzee:\u00a0<a href=\"https:\/\/www.gazzetta.it\/Calcio\/Calciomercato\/Roma\/26-11-2025\/roma-su-zirkzee-la-trattativa-con-il-manchester-united.shtml\" target=\"_blank\" rel=\"nofollow noopener\">Gazzetta dello Sport<\/a> skriver at Manchester United har bestemt seg for \u00e5 selge angriperen, og at Zirkzee selv har takket ja til Roma. If\u00f8lge avisa har Roma kommet med et bud til United som inneb\u00e6rer et l\u00e5n med en kj\u00f8psopsjon som blir obligatorisk dersom Roma tar seg til Champions League.\u00a0<\/p>\n<p>10.02: Joshua Zirkzee fikk en sjelden sjanse fra start da United gikk p\u00e5 et f\u00e6lt tap mot Everton mandag kveld. Den sjansen tok han p\u00e5 ingen m\u00e5te vare p\u00e5, og spilte til en treer p\u00e5 <a href=\"https:\/\/www.united.no\/nyheter\/her-er-var-dom-etter-skuffelsen\/1405312\" target=\"_blank\" rel=\"nofollow noopener\">United.no-b\u00f8rsen<\/a>.\u00a0<\/p>\n<p>Den siste tiden har nederlenderen blitt koblet til andre klubber, og aller mest aktuelt virker det med en januarovergang tilbake til italiensk fotball, der Roma virker \u00e5 v\u00e6re den heteste kandidaten.<\/p>\n<p>N\u00e5 skriver den Roma-baserte avisa <a href=\"https:\/\/www.ilmessaggero.it\/sport\/as_roma\/roma_zirkzee_trattativa_notizie-9210159.html?refresh_ce\" target=\"_blank\" rel=\"nofollow noopener\">Il Messaggero<\/a> at en l\u00e5neovergang for Zirkzee er Romas hovedprioritet i januarvinduet.\u00a0<\/p>\n<p>Vi m\u00e5 nesten ett \u00e5r tilbake i tid for \u00e5 finne forrige Zirkzee-scoring i Premier League. Den gang scoret han to m\u00e5l mot Everton.\u00a0<\/p>\n<p>Tirsdag 25. november<\/p>\n<p>19.30: Flere av Uniteds unggutter kan v\u00e6re aktuelle for utl\u00e5n i det kommende overgangsvinduet i januar.<\/p>\n<p>Ayden Heaven, Sekou Kon\u00e9 og Diego L\u00e9on skal alle v\u00e6re spillere United vurderer \u00e5 finne midlertidige l\u00f8sninger for i jakten p\u00e5 seniorerfaring, det skriver <a href=\"https:\/\/www.dailymail.co.uk\/sport\/football\/article-15324195\/Man-United-Confidential-AFCON-transfers-basketball-Kai-Rooney.html\" target=\"_blank\" rel=\"nofollow noopener\">Daily Mail<\/a>.\u00a0<\/p>\n<p>Det nevnes ingenting direkte om klubber for verken Heaven eller Kone, mens det for L\u00e9ons del nevnes Ineos-eide Nice i Frankrike etter at det har kommet rapporter fra s\u00f8ramerikanske x-kontoer om at det kan v\u00e6re aktuelt.<\/p>\n<p>17.30:\u00a0\u00a0\u2013 Elliot Anderson er den midtbanespilleren United vil ha, det sa Andy Mitten i tirsdagens episode av <a href=\"https:\/\/www.youtube.com\/watch?v=S1rCPeXlH2M&amp;feature=youtu.be\" target=\"_blank\" rel=\"nofollow noopener\">Talk of the Devils<\/a>, en podkast fra The Athletic om United.<\/p>\n<p>Mitten fortsatte med \u00e5 si at United ogs\u00e5 har andre alternativer, men at Anderson st\u00e5r klart \u00f8verst p\u00e5 listen og at det vil v\u00e6re mulig \u00e5 bruke penger for \u00e5 f\u00e5 gjennomf\u00f8rt overgangen.<\/p>\n<p>08.07: Manchester United og flere andre Premier League-klubber skal v\u00e6re p\u00e5 alerten n\u00e5 som Real Madrid-stjernen Vinicius Junior har bestemt seg for \u00e5 ikke forlenge sin n\u00e5v\u00e6rende avtale med \u00abLos Blancos\u00bb. Det skriver <a href=\"https:\/\/www.mirror.co.uk\/sport\/football\/transfer-news\/vinicius-real-madrid-transfer-liverpool-36298986\" target=\"_blank\" rel=\"nofollow noopener\">Daily Mirror<\/a>.\u00a0<\/p>\n<p>Mandag ble det kjent at den brasilianske stjernen ikke ville skrive under p\u00e5 en ny kontrakt p\u00e5 n\u00e5v\u00e6rende tidspunkt, og da tar det ikke lang tid f\u00f8r han kobles til diverse klubber. N\u00e5 hevder Mirror at United, Liverpool og flere andre f\u00f8lger med p\u00e5 situasjonen.\u00a0 Vinicius Juniors n\u00e5v\u00e6rende avtale strekker seg til sommeren 2027.<\/p>\n<p>08.01: Vi starter tirsdagen rapporter om at United skal ha hatt folk p\u00e5 plass for \u00e5 se 17 \u00e5r gamle Wenderson Dell i U17-VM, skriver <a href=\"https:\/\/sportwitness.co.uk\/manchester-united-target-the-brazilian-haaland-officials-sent-for-rising-star\/\" target=\"_blank\" rel=\"nofollow noopener\">Sport Witness<\/a>, som gjengir rapporter fra flere kilder. United skal ha latt seg imponere da brasilianeren scoret to m\u00e5l i en 2-1-seier over Marokkos U17-landslag.\u00a0<\/p>\n<p>Utfordringen dersom det skulle komme et fremst\u00f8t er at han til daglig spiller for Bahia, en klubb som er en del av City Football Group. Dell har tidligere snakket om \u00f8nsket om \u00e5 spille for\u00a0\u00aben klubb som Manchester City\u00bb.<\/p>\n<p>Mandag 24. november<\/p>\n<p>18.57: Ikke alltid like treffsikre Florian Plettenberg skriver at Manchester United og Chelsea speider p\u00e5 RB Leipzig-midtbanespiller Assan Ou\u00e9draogo (19).<\/p>\n<p>If\u00f8lge Plettenberg er det Premier League-lag som er \u00abg\u00e6rne\u00bb etter Ou\u00e9drago, som har et m\u00e5l om \u00e5 kjempe seg inn i den tyske VM-troppen. Han fikk sin f\u00f8rste landskamp n\u00e5 i november, og scoret etter 102 sekunder p\u00e5 banen.<\/p>\n<p>Ou\u00e9drago har ingen utkj\u00f8psklausul, og er under kontrakt til 2029, skriver Plettenberg.<\/p>\n<blockquote class=\"twitter-tweet\">\n<p lang=\"en\" dir=\"ltr\">\ud83d\udea8\ud83c\udd95 Premier League sides are crazy about Assan <a href=\"https:\/\/twitter.com\/hashtag\/Ouedraogo?src=hash&amp;ref_src=twsrc%5Etfw\" rel=\"nofollow noopener\" target=\"_blank\">#Ouedraogo<\/a> ahead of next summer.<\/p>\n<p>Manchester United and Chelsea are already scouting him. <a href=\"https:\/\/twitter.com\/hashtag\/MUFC?src=hash&amp;ref_src=twsrc%5Etfw\" rel=\"nofollow noopener\" target=\"_blank\">#MUFC<\/a> <a href=\"https:\/\/twitter.com\/hashtag\/CFC?src=hash&amp;ref_src=twsrc%5Etfw\" rel=\"nofollow noopener\" target=\"_blank\">#CFC<\/a><\/p>\n<p>The 19 y\/o top central midfielder has three goals and three assists for RB Leipzig in the Bundesliga, is under contract until 2029\u2026 <a href=\"https:\/\/t.co\/2aRkswOVyH\" rel=\"nofollow\">pic.twitter.com\/2aRkswOVyH<\/a><\/p>\n<p>\u2014 Florian Plettenberg (@Plettigoal) <a href=\"https:\/\/twitter.com\/Plettigoal\/status\/1993006113567260963?ref_src=twsrc%5Etfw\" rel=\"nofollow noopener\" target=\"_blank\">November 24, 2025<\/a><\/p><\/blockquote>\n<p>08.01: Det har blitt lite spilletid p\u00e5 United-duoen Kobbie Mainoo og Joshua Zirkzee denne sesongen. Ingen av dem skal v\u00e6re spesielt forn\u00f8yde med antall minutter p\u00e5 banen og det har v\u00e6rt flere rykter om at de kan forsvinne p\u00e5 l\u00e5n i januar. P\u00e5 del to av pressekonferansen f\u00f8r mandagens kamp mot Everton fikk R\u00faben Amorim sp\u00f8rsm\u00e5l om duoen.\u00a0<\/p>\n<p>&#8211; Klubben kommer f\u00f8rst. Vi m\u00e5 tenke p\u00e5 klubben og p\u00e5 laget. Utover det kan alt skje. Jeg har selv v\u00e6rt fotballspiller s\u00e5 jeg forst\u00e5r alt. Jeg \u00f8nsker \u00e5 hjelpe spillerne mine i alle situasjoner, men jeg vet ikke hva som kommer til \u00e5 skje. Jeg vil at spillerne mine skal v\u00e6re forn\u00f8yde, og jeg forst\u00e5r frustrasjonen noen av dem har med tanke p\u00e5 et kommende VM. Men United kommer f\u00f8rst. Hvis jeg kan hjelpe klubben og spillerne blir jeg glad. Hvis ikke er det laget jeg tar hensyn til, sier Amorim.\u00a0<\/p>\n<p><script async src=\"https:\/\/platform.twitter.com\/widgets.js\" charset=\"utf-8\"><\/script><\/p>\n","protected":false},"excerpt":{"rendered":"LES OGS\u00c5: Forrige ukes rykter Fredag 28. november 09.03: Fabrizio Romanos\u00a0Cristian Orozco-oppdatering har vi omtalt i egen sak&hellip;\n","protected":false},"author":2,"featured_media":99030,"comment_status":"","ping_status":"","sticky":false,"template":"","format":"standard","meta":{"footnotes":""},"categories":[59],"tags":[30,28,29,83,82],"class_list":{"0":"post-99029","1":"post","2":"type-post","3":"status-publish","4":"format-standard","5":"has-post-thumbnail","7":"category-sport","8":"tag-no","9":"tag-norge","10":"tag-norway","11":"tag-sport","12":"tag-sports"},"share_on_mastodon":{"url":"https:\/\/pubeurope.com\/@no\/115627119363865295","error":""},"_links":{"self":[{"href":"https:\/\/www.europesays.com\/no\/wp-json\/wp\/v2\/posts\/99029","targetHints":{"allow":["GET"]}}],"collection":[{"href":"https:\/\/www.europesays.com\/no\/wp-json\/wp\/v2\/posts"}],"about":[{"href":"https:\/\/www.europesays.com\/no\/wp-json\/wp\/v2\/types\/post"}],"author":[{"embeddable":true,"href":"https:\/\/www.europesays.com\/no\/wp-json\/wp\/v2\/users\/2"}],"replies":[{"embeddable":true,"href":"https:\/\/www.europesays.com\/no\/wp-json\/wp\/v2\/comments?post=99029"}],"version-history":[{"count":0,"href":"https:\/\/www.europesays.com\/no\/wp-json\/wp\/v2\/posts\/99029\/revisions"}],"wp:featuredmedia":[{"embeddable":true,"href":"https:\/\/www.europesays.com\/no\/wp-json\/wp\/v2\/media\/99030"}],"wp:attachment":[{"href":"https:\/\/www.europesays.com\/no\/wp-json\/wp\/v2\/media?parent=99029"}],"wp:term":[{"taxonomy":"category","embeddable":true,"href":"https:\/\/www.europesays.com\/no\/wp-json\/wp\/v2\/categories?post=99029"},{"taxonomy":"post_tag","embeddable":true,"href":"https:\/\/www.europesays.com\/no\/wp-json\/wp\/v2\/tags?post=99029"}],"curies":[{"name":"wp","href":"https:\/\/api.w.org\/{rel}","templated":true}]}}