{"id":99051,"date":"2025-11-28T12:06:11","date_gmt":"2025-11-28T12:06:11","guid":{"rendered":"https:\/\/www.europesays.com\/no\/99051\/"},"modified":"2025-11-28T12:06:11","modified_gmt":"2025-11-28T12:06:11","slug":"jonas-gahr-store-jens-stoltenberg-3","status":"publish","type":"post","link":"https:\/\/www.europesays.com\/no\/99051\/","title":{"rendered":"Jonas Gahr St\u00f8re, Jens Stoltenberg"},"content":{"rendered":"\n<p><b>SISTE: Statsminister Jonas Gahr St\u00f8re har v\u00e6rt p\u00e5 Stortinget i formiddag for \u00e5 fors\u00f8ke \u00e5 l\u00f8se budsjettfloken. Nettavisen m\u00f8ter statsministeren med Senterpartiets forhandlingsleder Bj\u00f8rn Arild Gram hakk i h\u00e6l. St\u00f8res kommentar begrenser seg til \u00abhei, gutter!\u00bb. <\/b><\/p>\n<p>STORTINGET (Nettavisen): Det var nye forhandlinger om statsbudsjett natt til i dag. Nettavisen f\u00e5r bekreftet at forhandlingene er l\u00f8ftet til parlamentariske ledere fredag formiddag.<\/p>\n<p>If\u00f8lge Nettavisens opplysninger er en enighet mellom Ap, Sp, SV, MDG og R\u00f8dt fortsatt langt unna. Enkelte partier opplyser at det er \u00abfifty fifty\u00bb om partiene i det hele tatt blir enige f\u00f8r fristen p\u00e5 s\u00f8ndag.<\/p>\n<p>I forhandlingene har MDG stilt seg ettertrykkelig bak SVs krav om at Oljefondet b\u00f8r trekkes ut av Israel. Senterpartiet krever blant annet flere milliarder kroner til en anstreng kommune\u00f8konomi.<\/p>\n<p><b>Bli med Nettavisens journalister p\u00e5 innsiden av dramaet p\u00e5 Stortinget:<\/b><\/p>\n<p>Lite fremgang<\/p>\n<p>Kilder i flere partier beskrives avstanden i oljesp\u00f8rsm\u00e5let mellom Arbeiderpartiet og MDG som den st\u00f8rste i forhandlingene.<\/p>\n<p>Flere skisser har v\u00e6rt lagt p\u00e5 bordet det siste d\u00f8gnet, opplyser Nettavisens kilder. Disse beskrives som uferdige og \u00ablangt unna\u00bb noe alle partene kan stille seg bak. I forhandlingene fastholder MDG at de m\u00e5 f\u00e5 en form for letestans for \u00e5 akseptere et statsbudsjett. Hvordan denne skal se ut, er partiet \u00e5pen for \u00e5 diskutere med Arbeiderpartiet. Problemet har v\u00e6rt, sett med MDGs \u00f8yne, at Arbeiderpartiet ikke er s\u00e6rlig villig til \u00e5 ta denne diskusjonen i det hele tatt.<\/p>\n<p><b>If\u00f8lge \u00e9n med kjennskap til prosessen har Arbeiderpartiet forel\u00f8pig tilbudt MDG \u00abfuck all\u00bb i oljesaken &#8211; alts\u00e5 at de ikke tilbys noe som helst av substans. <\/b><\/p>\n<p>    Vil du se neste video?<\/p>\n<p>    <a href=\"https:\/\/www.nettavisen.no\/nyheter\/ukrainapodden-putins-bloff-avslort-lurt-opp-i-et-hjorne\/v\/5-95-2747058\" class=\"recommend-poster\" data-adp-clicklabel=\"video-recommend\" data-adp-clickvalue=\"poster\" rel=\"nofollow noopener\" target=\"_blank\"><br \/>\n      <img decoding=\"async\" width=\"200\" height=\"200\" loading=\"lazy\" src=\"https:\/\/www.europesays.com\/no\/wp-content\/uploads\/2025\/11\/vladimir+putin+volodomyr+zelenskyj.jpg\" alt=\"\" class=\"brick-c-cFOWSL\" style=\"--brick-image-ratio: 200 \/ 200;\"\/><\/p>\n<p>Putins bl\u00f8ff avsl\u00f8rt: \u2013 Lurt opp i et hj\u00f8rne14:39<\/p>\n<p>    <\/a><\/p>\n<p>        Fredrik Solvang var ikke imponert over statsministerens svar.<\/p>\n<p>En annen kilde mener fremgangen mellom partene g\u00e5r \u00abmed museskritt\u00bb, men dette er \u00abi s\u00e5 fall en sv\u00e6rt liten mus\u00bb, if\u00f8lge en tredje kilde i budsjettforhandlingene. Igjen pekes det p\u00e5 Arbeiderpartiets manglende vilje til \u00e5 diskutere og forhandle p\u00e5 hovedkravene til SV og MDG.<\/p>\n<p>Sm\u00e5partiene i forhandlingen opplever at Arbeiderpartiet n\u00e5 presser p\u00e5 for \u00e5 f\u00e5 en enighet p\u00e5 bordet f\u00f8r fristen p\u00e5 s\u00f8ndag, akkurat som Nettavisen skrev tidligere denne uka.<\/p>\n<p>   <img decoding=\"async\" width=\"6678\" height=\"3756\" fetchpriority=\"low\"  loading=\"lazy\"  src=\"https:\/\/www.europesays.com\/no\/wp-content\/uploads\/2025\/11\/1764331571_467_NTB_AfYyiAxL41Q.jpg\" alt=\"\" class=\"brick-c-cFOWSL\" style=\"--brick-image-ratio: 6678 \/ 3756;\"\/><\/p>\n<p>      POWERPOINT-ARILD: MDG-leder Arild Hermstad forklarte pressen at oljen\u00e6ringen ikke er s\u00e5 lukrativ som folk tror. N\u00e5 h\u00e5per han p\u00e5 gjennomslag hos Ap.<br \/>\n      Foto: Javad Parsa (NTB)\n    <\/p>\n<p>  Ap-grep avvises blankt<\/p>\n<p>Dette bekreftes ved at DN erfarte at en enighet er n\u00e6rt forest\u00e5ende fredag morgen, og at finansminister Jens Stoltenberg n\u00e5 hadde v\u00e6rt p\u00e5 Stortinget fredag morgen for \u00e5 l\u00f8se flokene mellom de fem partiene.<\/p>\n<p>Opplysningene omtales som \u00abbare tull\u00bb av sentrale kilder i flere andre partier. Utspillet vurderes videre som et taktisk grep fra regjeringspartiet Ap for \u00e5 presse frem en enighet f\u00f8r fristen.<\/p>\n<p>Arbeiderpartiet har heller ikke kontaktet sentrale deler av fagbevegelsen for \u00e5 forankre enigheten DN skriver at er p\u00e5 trappene, if\u00f8lge Nettavisens opplysninger. Dette taler mot en snarlig enighet. <\/p>\n<p>Kilder i fagbevegelsen sier at MDGs krav om en form for letestans etter olje er klart mest uspiselig. De foresl\u00e5tte avgifts\u00f8kningene p\u00e5 oljesektoren m\u00e5 man ta stilling til n\u00e5r de foreligger, opplyses det. <\/p>\n<p>I Arbeiderpartiet \u00f8nsker man \u00e5 gi landet et klart signal om at \u00abtuttifrutti-blokken\u00bb p\u00e5 Stortinget ikke er like uregjerlig som kommentariatet i pressen har hevdet.<\/p>\n","protected":false},"excerpt":{"rendered":"SISTE: Statsminister Jonas Gahr St\u00f8re har v\u00e6rt p\u00e5 Stortinget i formiddag for \u00e5 fors\u00f8ke \u00e5 l\u00f8se budsjettfloken. Nettavisen&hellip;\n","protected":false},"author":2,"featured_media":99052,"comment_status":"","ping_status":"","sticky":false,"template":"","format":"standard","meta":{"footnotes":""},"categories":[5],"tags":[20,21,24,25,15,19,22,23,17,18,13,30,28,29,14,16,26,27],"class_list":{"0":"post-99051","1":"post","2":"type-post","3":"status-publish","4":"format-standard","5":"has-post-thumbnail","7":"category-overskrifter","8":"tag-breaking-news","9":"tag-breakingnews","10":"tag-featured-news","11":"tag-featurednews","12":"tag-headlines","13":"tag-hovedoppslag","14":"tag-latest-news","15":"tag-latestnews","16":"tag-main-news","17":"tag-mainnews","18":"tag-news","19":"tag-no","20":"tag-norge","21":"tag-norway","22":"tag-nyheter","23":"tag-overskrifter","24":"tag-top-stories","25":"tag-topstories"},"share_on_mastodon":{"url":"https:\/\/pubeurope.com\/@no\/115627241325582607","error":""},"_links":{"self":[{"href":"https:\/\/www.europesays.com\/no\/wp-json\/wp\/v2\/posts\/99051","targetHints":{"allow":["GET"]}}],"collection":[{"href":"https:\/\/www.europesays.com\/no\/wp-json\/wp\/v2\/posts"}],"about":[{"href":"https:\/\/www.europesays.com\/no\/wp-json\/wp\/v2\/types\/post"}],"author":[{"embeddable":true,"href":"https:\/\/www.europesays.com\/no\/wp-json\/wp\/v2\/users\/2"}],"replies":[{"embeddable":true,"href":"https:\/\/www.europesays.com\/no\/wp-json\/wp\/v2\/comments?post=99051"}],"version-history":[{"count":0,"href":"https:\/\/www.europesays.com\/no\/wp-json\/wp\/v2\/posts\/99051\/revisions"}],"wp:featuredmedia":[{"embeddable":true,"href":"https:\/\/www.europesays.com\/no\/wp-json\/wp\/v2\/media\/99052"}],"wp:attachment":[{"href":"https:\/\/www.europesays.com\/no\/wp-json\/wp\/v2\/media?parent=99051"}],"wp:term":[{"taxonomy":"category","embeddable":true,"href":"https:\/\/www.europesays.com\/no\/wp-json\/wp\/v2\/categories?post=99051"},{"taxonomy":"post_tag","embeddable":true,"href":"https:\/\/www.europesays.com\/no\/wp-json\/wp\/v2\/tags?post=99051"}],"curies":[{"name":"wp","href":"https:\/\/api.w.org\/{rel}","templated":true}]}}