{"id":99053,"date":"2025-11-28T12:07:16","date_gmt":"2025-11-28T12:07:16","guid":{"rendered":"https:\/\/www.europesays.com\/no\/99053\/"},"modified":"2025-11-28T12:07:16","modified_gmt":"2025-11-28T12:07:16","slug":"hardt-ut-mot-trend","status":"publish","type":"post","link":"https:\/\/www.europesays.com\/no\/99053\/","title":{"rendered":"Hardt ut mot trend"},"content":{"rendered":"<p>RUKA\/OSLO (Dagbladet): Karlsson var overlegen og tok seieren i verdenscup\u00e5pninga i Ruka. Like bak endte Heidi Weng, som gjorde sitt beste resultat i 10 kilometer klassisk noensinne. Mer om det senere.\u00a0<\/p>\n<p>For underveis i l\u00f8pet var det store problemer med tidtakingen. Ved 1,8 kilometer-passeringen begynte forvirringen.\u00a0<\/p>\n<p class=\"font-weight-bold m-font-weight-bold\" data-lab-font_weight=\"font-weight-bold\">Helt plutselig l\u00e5 blant annet svenske Moa Lundgren 2 minutter og 36 sekunder bak ledende Julia Bjervig Drivenes, if\u00f8lge Det internasjonale ski\u00adforbundets (FIS) offisielle tidtaking. Det skapte forvirring for trenere, publikum og kommentatorer. Ogs\u00e5 det norske laget ble preget.\u00a0<\/p>\n<p>&#8211; Jeg har sjelden eller aldri sekundert s\u00e5 d\u00e5rlig som i dag fordi<br \/>\ndet hang seg opp, s\u00e5 var det tilbake igjen og s\u00e5 forsvant det igjen. Det var<br \/>\nveldig krevende \u00e5 st\u00e5 med FIS-appen. Det var sikkert litt blandet sekundering i<br \/>\ndag, sier landslagssjef Sjur Ole Svarstad til Dagbladet.\u00a0<\/p>\n<p>          <img loading=\"lazy\" decoding=\"async\" src=\"https:\/\/www.europesays.com\/no\/wp-content\/uploads\/2025\/11\/83912964.webp\" width=\"980\" height=\"559\" title=\"REAGERER: Sjur Ole Svarstad. Her sammen med Karoline Simpson-Larsen i Ruka. Foto: Terje Pedersen \/ NTB\" alt=\"\" class=\"\" style=\"--aspect-ratio-image: 1.75; \"\/><\/p>\n<p>\n          REAGERER: Sjur Ole Svarstad. Her sammen med Karoline Simpson-Larsen i Ruka. Foto: Terje Pedersen \/ NTB\n      <\/p>\n<p class=\"no_italic m-no_italic\" data-lab-italic=\"\">&#8211; Jeg fikk ikke sekundering, s\u00e5 jeg hadde ikke peiling for hvordan jeg l\u00e5 an. Det skal jeg innr\u00f8mme var kjedelig. Jeg tror det var mange som sleit. Jeg ble usikker p\u00e5 om jeg hadde tatt p\u00e5 meg GPS-brikken, men jeg visste at jeg hadde den, sier Weng til Dagbladet.\u00a0<\/p>\n<p class=\"no_italic m-no_italic\" data-lab-italic=\"\"> &#8211; Skapte det problemer for deg med at du ikke f\u00e5r sekunderinger?<\/p>\n<p class=\"no_italic m-no_italic\" data-lab-italic=\"\"> &#8211; Ja, for da vet jeg ikke \u00e5pningsfarten. Det er kjedelig, svarer den norske stjerna.\u00a0<\/p>\n<p>    Verdenscup\u00e5pning, 10 km klassisk, Ruka<\/p>\n<p>1. Frida Karlsson, 25:31,8<\/p>\n<p>2. Heidi Weng +10,5 sek<\/p>\n<p>3. Moa Ilar +18,3 sek<\/p>\n<p>4. Ebba Andersson +21,3 sek<\/p>\n<p>5. Jessie Diggins +27,6 sek<\/p>\n<p>6. Kristin Fosn\u00e6s +37,2 sek<\/p>\n<p>      Vis mer<br \/>\n      Vis mindre<\/p>\n<p class=\"no_italic m-no_italic\" data-lab-italic=\"\">Kristin Fosn\u00e6s, som ble nummer seks, virket mindre preget av tidsproblemene.\u00a0<\/p>\n<p class=\"font-weight-bold m-font-weight-bold\" data-lab-font_weight=\"font-weight-bold\">&#8211; P\u00e5 f\u00f8rsterunden sa han (Svarstad) at han ikke fikk opp tiden min, men kom igjen! Det m\u00e5 ha v\u00e6rt spennende for dere i media som jobber med dette? At dere ikke fikk opp tiden? Det m\u00e5 v\u00e6re en X-faktor, humrer Fosn\u00e6s overfor Dagbladet.\u00a0<\/p>\n<p>Kommentatorduoen Jonas Karlsson og Anna-Karin Str\u00f6mstedt i svenske Viaplay hadde problemer med \u00e5 f\u00f8lge konkurransen.<\/p>\n<p>&#8211; Det er noe som ikke fungerer helt, sier Karlsson.\u00a0<\/p>\n<p>&#8211; Det er litt vanskelig \u00e5 henge med, fyller Str\u00f6mstedt inn.\u00a0<\/p>\n<p>Yles kommentatorer gikk ett steg lenger og kalte det en \u00abfullstendig katastrofe\u00bb, if\u00f8lge <a href=\"https:\/\/www.expressen.se\/sport\/langdskidor\/tidskaos-i-ruka-fullstandig-katastrof\/\" rel=\"nofollow noopener\" target=\"_blank\">Expressen<\/a>.\u00a0<\/p>\n<p>          <img loading=\"lazy\" decoding=\"async\" src=\"https:\/\/www.europesays.com\/no\/wp-content\/uploads\/2025\/11\/83912692.webp\" width=\"980\" height=\"559\" title=\"IMPONERTE: Heidi Weng under 10 km klassisk i Ruka.Foto: Terje Pedersen \/ NTB\" alt=\"\" class=\"\" style=\"--aspect-ratio-image: 1.75; \"\/><\/p>\n<p>\n          IMPONERTE: Heidi Weng under 10 km klassisk i Ruka.Foto: Terje Pedersen \/ NTB\n      <\/p>\n<p>Tidtakingsproblemen virket \u00e5 l\u00f8se seg etter hvert.\u00a0<\/p>\n<p>Forh\u00e5ndsfavoritt Ebba Andersson og Moa Ilar s\u00e5 ut til \u00e5 kunne utfordre om Karlsson om seieren, men begge to tapte tid mot slutten. Andersson havnet til slutt 21,2 sekunder bak.<\/p>\n<p class=\"font-weight-bold m-font-weight-bold\" data-lab-font_weight=\"font-weight-bold\"> Seieren virker sm\u00e5tt sjokkerende. Karlsson ble sl\u00e5tt med 72 sekunder av Andersson forrige helg i G\u00e4llivare. <\/p>\n<p>        FINALEN: Langrennsl\u00f8per Lotta Udnes Weng ble frustrert da dette skjedde under Beitosprinten. Reporter: Fredrik Schjesvold. Video: B\u00e5rd S\u00f8r\u00f8 Olsen.<\/p>\n<p>For Norge ble det ogs\u00e5 en jubeldag: Weng fikk alts\u00e5 en kjempestart p\u00e5 sesongen og ble nummer to.\u00a0<\/p>\n<p> Weng gjorde sitt beste l\u00f8p p\u00e5 10 kilometer klassisk noen gang i verdenscupen med resultatet. <\/p>\n<p class=\"font-weight-bold m-font-weight-bold\" data-lab-font_weight=\"font-weight-bold\"> &#8211; Jeg hadde hell i \u00e5 m\u00f8te p\u00e5 Kristin (Fosn\u00e6s). Hun \u00e5pner hardt, s\u00e5 det var bare \u00e5 v\u00e6re med p\u00e5 det. Stake hardt, og det gikk bra. Kristin skal f\u00e5 \u00e6ren for den. Jeg tror ikke jeg har gjort det s\u00e5 bra i Ruka f\u00f8r, sier Weng til Viaplay.\u00a0<\/p>\n<p>Den norske stjerna virket r\u00e5sterk, og s\u00e5 ut til \u00e5 tette ledelsen til Karlsson mot slutten, men svensken gikk bra i avslutningen. Weng var 10, 5 sekunder bak i m\u00e5l.\u00a0<\/p>\n<p>          <img loading=\"lazy\" decoding=\"async\" src=\"https:\/\/www.europesays.com\/no\/wp-content\/uploads\/2025\/11\/83912578.webp\" width=\"980\" height=\"559\" title=\"VANT: Frida Karlsson knuste konkurrentene i de finske skoger. Foto: Terje Pedersen \/ NTB\" alt=\"\" class=\"\" style=\"--aspect-ratio-image: 1.75; \"\/><\/p>\n<p>\n          VANT: Frida Karlsson knuste konkurrentene i de finske skoger. Foto: Terje Pedersen \/ NTB\n      <\/p>\n<p class=\"font-weight-normal m-font-weight-normal\" data-lab-font_weight=\"font-weight-normal\">Fosn\u00e6s ble nest beste norske som nummer seks. <\/p>\n<p class=\"font-weight-normal m-font-weight-normal\" data-lab-font_weight=\"font-weight-normal\">De norske som var p\u00e5 startlista i Ruka var: Julie Bjervig Drivenes, Kristin Austgulen Fosn\u00e6s, Anne Kjersti Kalv\u00e5, Karoline Simpson-Larsen, Heidi Weng og Tiril Udnes Weng.\u00a0<\/p>\n<p class=\"font-weight-normal m-font-weight-normal\" data-lab-font_weight=\"font-weight-normal\"> B\u00e5de Simpson-Larsen og Drivenes satte personlig rekord i verdenscupsammenheng. De ble henholdsvis nummer \u00e5tte og elleve. <\/p>\n<p class=\"font-weight-bold m-font-weight-bold\" data-lab-font_weight=\"font-weight-bold\"> &#8211; Jeg er veldig forn\u00f8yd. Det var g\u00f8y \u00e5 g\u00e5 i dag. Det var tungt fra start, sier Julie Drivenes til Dagbladet.<\/p>\n<p class=\"font-weight-normal m-font-weight-normal italic m-italic\" data-lab-font_weight=\"font-weight-normal\" data-lab-italic=\"italic\">&#8211; Fikk sitte litt i lederstolen?<\/p>\n<p class=\"font-weight-normal m-font-weight-normal no_italic m-no_italic\" data-lab-font_weight=\"font-weight-normal\" data-lab-italic=\"\">&#8211; Det var en god stol, s\u00e5 jeg h\u00e5per jeg f\u00e5r sitte mer der, humrer Drivenes. <\/p>\n<p>        OVERRASKELSE: Julie Bjervig Drivenes sin innsats p\u00e5 Beitost\u00f8len st\u00e5r i sterk kontrast til hvordan det gikk under pr\u00f8ve-VM. Video: NRK, Schjesvold\/S\u00f8r\u00f8 Olsen\/Dagbladet TV-sporten<\/p>\n<p class=\"no_italic m-no_italic\" data-lab-italic=\"\">I Ruka fortsetter det med klassisk sprint l\u00f8rdag og 20 kilometer fellesstart i fri teknikk s\u00f8ndag.<\/p>\n","protected":false},"excerpt":{"rendered":"RUKA\/OSLO (Dagbladet): Karlsson var overlegen og tok seieren i verdenscup\u00e5pninga i Ruka. Like bak endte Heidi Weng, som&hellip;\n","protected":false},"author":2,"featured_media":99054,"comment_status":"","ping_status":"","sticky":false,"template":"","format":"standard","meta":{"footnotes":""},"categories":[59],"tags":[398,30,28,29,83,82],"class_list":{"0":"post-99053","1":"post","2":"type-post","3":"status-publish","4":"format-standard","5":"has-post-thumbnail","7":"category-sport","8":"tag-langrenn","9":"tag-no","10":"tag-norge","11":"tag-norway","12":"tag-sport","13":"tag-sports"},"share_on_mastodon":{"url":"https:\/\/pubeurope.com\/@no\/115627245160611996","error":""},"_links":{"self":[{"href":"https:\/\/www.europesays.com\/no\/wp-json\/wp\/v2\/posts\/99053","targetHints":{"allow":["GET"]}}],"collection":[{"href":"https:\/\/www.europesays.com\/no\/wp-json\/wp\/v2\/posts"}],"about":[{"href":"https:\/\/www.europesays.com\/no\/wp-json\/wp\/v2\/types\/post"}],"author":[{"embeddable":true,"href":"https:\/\/www.europesays.com\/no\/wp-json\/wp\/v2\/users\/2"}],"replies":[{"embeddable":true,"href":"https:\/\/www.europesays.com\/no\/wp-json\/wp\/v2\/comments?post=99053"}],"version-history":[{"count":0,"href":"https:\/\/www.europesays.com\/no\/wp-json\/wp\/v2\/posts\/99053\/revisions"}],"wp:featuredmedia":[{"embeddable":true,"href":"https:\/\/www.europesays.com\/no\/wp-json\/wp\/v2\/media\/99054"}],"wp:attachment":[{"href":"https:\/\/www.europesays.com\/no\/wp-json\/wp\/v2\/media?parent=99053"}],"wp:term":[{"taxonomy":"category","embeddable":true,"href":"https:\/\/www.europesays.com\/no\/wp-json\/wp\/v2\/categories?post=99053"},{"taxonomy":"post_tag","embeddable":true,"href":"https:\/\/www.europesays.com\/no\/wp-json\/wp\/v2\/tags?post=99053"}],"curies":[{"name":"wp","href":"https:\/\/api.w.org\/{rel}","templated":true}]}}