{"id":99055,"date":"2025-11-28T12:12:22","date_gmt":"2025-11-28T12:12:22","guid":{"rendered":"https:\/\/www.europesays.com\/no\/99055\/"},"modified":"2025-11-28T12:12:22","modified_gmt":"2025-11-28T12:12:22","slug":"sophie-elise-lanserer-ny-podkastserie-med-kjente-forfattere-2","status":"publish","type":"post","link":"https:\/\/www.europesays.com\/no\/99055\/","title":{"rendered":"Sophie Elise lanserer ny podkastserie med kjente forfattere"},"content":{"rendered":"<p class=\"kicker \" style=\"\">Sophie Elise:<\/p>\n<p>  Etter flere t\u00f8ffe nederlag kommer Sophie Elise n\u00e5 med gladmelding &#8211; og avsl\u00f8rer premieredatoen!<\/p>\n<p>\n    R\u00d8PER: Sophie Elise har et nytt prosjekt p\u00e5 gang. Foto: Javad Parsa \/ NTB\n  <\/p>\n<p>Sophie Elise (30) kommer med en ny podkast, det kommer fram i en pressemelding.\u00a0<\/p>\n<p>Podme lanserer en podkastserie i fem deler hvor Sophie Elise m\u00f8ter forfattere hun har et sterkt forhold til, og g\u00e5r inn i samtaler om liv, s\u00e5rbarhet og hva som egentlig gj\u00f8r oss menneskelige, st\u00e5r det i pressemeldingen.\u00a0<\/p>\n<p>        STYGT: Det blir en vond seanse n\u00e5r Benjamin Ingrosso, den nye typen til Annika Momrak, blir konfrontert av eksen Oskar Westerlin. Video: NRK TV\/ Nora Skavhaug\/ Thea Hope\/ R\u00f8d L\u00f8per<\/p>\n<p class=\"font-weight-bold m-font-weight-bold\" data-lab-font_weight=\"font-weight-bold\">F\u00f8rste episode av \u00ab<a href=\"https:\/\/podme.com\/no\/podkast\/sophie-leser\/\" rel=\"nofollow noopener\" target=\"_blank\">Sophie leser<\/a>\u00bb har premiere mandag 1. desember.\u00a0<\/p>\n<p>&#8211; Jeg har brukt mange timer for meg selv med mine favorittforfattere, og har underveis hatt masse sp\u00f8rsm\u00e5l i hodet mitt: Hva f\u00e5r dem til \u00e5 skrive? Hva inspirerer dem? Hvilke b\u00f8ker leser de selv? Og generelt, hvordan er det \u00e5 skrive om noe som er tabu \u00e5 snakke om?, sier Sophie Elise om motivasjonen bak podkasten.<\/p>\n<p>    <a itemprop=\"url\" href=\"https:\/\/www.seher.no\/kjendis\/ny-oppdatering-etter-sjokkbilde\/83906888\" rel=\"nofollow noopener\" target=\"_blank\"><\/p>\n<p>      <img loading=\"lazy\" decoding=\"async\" src=\"https:\/\/www.europesays.com\/no\/wp-content\/uploads\/2025\/11\/1764331940_625_83908607.webp\" width=\"147\" height=\"98\" title=\"Ny beskjed etter sjokkbilde\" alt=\"\" class=\"lazyload\" style=\"--aspect-ratio-image: 1.50; \"\/><\/p>\n<p>        Ny beskjed etter sjokkbilde<\/p>\n<p>    <\/a><\/p>\n<p>30-\u00e5ringen har tidligere v\u00e6rt aktuell med podkasten \u00abSophie Elise Podcast\u00bb. <a href=\"https:\/\/www.seher.no\/kjendis\/ferdig\/83165371\" target=\"_blank\" rel=\"nofollow noopener\">I sommer kunngjorde hun<\/a> at det var slutt for podkasten.\u00a0<\/p>\n<p> &#8211; Denne episoden er spesiell for meg, og det er rett og slett fordi at det er den aller siste episoden av podkasten noen sinne. Jeg slutter med denne podkasten, sa hun i episoden\u00a0 med tittelen \u00abSiste kapittel\u00bb.<\/p>\n<p>Mye har skjedd\t<\/p>\n<p>Det har v\u00e6rt et \u00e5r med en rekke omveltninger for influenseren. <a href=\"https:\/\/www.seher.no\/kjendis\/na-er-hun-singel-igjen\/83178609\" target=\"_blank\" rel=\"nofollow noopener\">I sommer avsl\u00f8rte hun at det var slutt<\/a> mellom henne og samboeren Vegard J\u00f8rstad.\u00a0<\/p>\n<p>    <a itemprop=\"url\" href=\"https:\/\/www.seher.no\/kjendis\/kjenner-ikke-igjen-vennene\/83908269\" rel=\"nofollow noopener\" target=\"_blank\"><\/p>\n<p>      <img loading=\"lazy\" decoding=\"async\" src=\"https:\/\/www.europesays.com\/no\/wp-content\/uploads\/2025\/11\/1764331940_103_83908496.webp\" width=\"980\" height=\"441\" title=\"Kjenner ikke igjen vennene\" alt=\"\" class=\"lazyload\" style=\"--aspect-ratio-image: 2.22; \"\/><\/p>\n<p>        Kjenner ikke igjen vennene<\/p>\n<p>    <\/a><\/p>\n<p>Det bekreftet influenseren p\u00e5 Instagram:<\/p>\n<p>&#8211; Jeg og Vegard er ikke lenger kj\u00e6rester. Vi er fortsatt gode venner, og v\u00e5rt viktigste fokus er s\u00f8nnen v\u00e5r, og relasjonen v\u00e5r som familie, skrev hun i juni.\u00a0<\/p>\n<p>          <img loading=\"lazy\" decoding=\"async\" src=\"https:\/\/www.europesays.com\/no\/wp-content\/uploads\/2025\/11\/1764331941_554_83911519.webp\" width=\"686\" height=\"392\" title=\"EKSER: Sophie Elise Isachsen og eks-samboeren Vegard J\u00f8rstad. Paret har en s\u00f8nn sammen. Foto: Andreas Fadum\/Se og H\u00f8r\" alt=\"\" class=\"\" style=\"--aspect-ratio-image: 1.75; \"\/><\/p>\n<p>\n          EKSER: Sophie Elise Isachsen og eks-samboeren Vegard J\u00f8rstad. Paret har en s\u00f8nn sammen. Foto: Andreas Fadum\/Se og H\u00f8r\n      <\/p>\n<p>De to har s\u00f8nnen Helmer sammen. Kort tid etter bruddet, tok hun nok en gang til sosiale medier og <a href=\"https:\/\/www.seher.no\/kjendis\/roper-nye-planer-etter-bruddet\/83249590\" rel=\"nofollow noopener\" target=\"_blank\">ga f\u00f8lgerne en oppdatering<\/a>.\u00a0<\/p>\n<p> I en lengre video p\u00e5 Snapchat fortalte hun at Vegard hadde flyttet til Harstad, imens hun ble boende i Oslo. <\/p>\n<p>Hun har ogs\u00e5 dukket opp p\u00e5 TV-skjermen en rekke ganger dette \u00e5ret.\u00a0<\/p>\n<p>          <img loading=\"lazy\" decoding=\"async\" src=\"https:\/\/www.europesays.com\/no\/wp-content\/uploads\/2025\/11\/1764331941_200_83911525.webp\" width=\"980\" height=\"559\" title=\"AV MED MASKEN: Det var influenser Sophie Elise Isachsen som gjemte seg bak \u00abOrken\u00bb i NRK-programmet. Foto: Espen Solli, Monster \/ NRK\" alt=\"\" class=\"\" style=\"--aspect-ratio-image: 1.75; \"\/><\/p>\n<p>\n          AV MED MASKEN: Det var influenser Sophie Elise Isachsen som gjemte seg bak \u00abOrken\u00bb i NRK-programmet. Foto: Espen Solli, Monster \/ NRK\n      <\/p>\n<p><a href=\"https:\/\/www.seher.no\/kjendis\/et-mareritt\/83890274\" target=\"_blank\" rel=\"nofollow noopener\">Tidligere denne m\u00e5neden ble hun avsl\u00f8rt<\/a> som \u00abOrken\u00bb i NRK-programmet \u00abMaskorama\u00bb. Det var imidlertid ikke seerne som sendte henne hjem, men sykdom som gjorde at hun m\u00e5tte kaste inn h\u00e5ndkleet og trekke seg fra programmet.\u00a0<\/p>\n<p>        \u00abSKAL VI DANSE\u00bb: Tale Torjussen har spart p\u00e5 detaljene om privatlivet. Video: Tiktok\/@tale.torjussen, R\u00f8d L\u00f8per\/Nora Skavhaug\/Thea Hope<\/p>\n<p>Etter sending gikk hun ut p\u00e5 Snapchat og forklarte fansen hvorfor hun ikke kunne v\u00e6re med lenger:\u00a0<\/p>\n<p> \u00ab\u00c5 f\u00e5 gjemme seg i en maske var en dr\u00f8m, men et mareritt \u00e5 m\u00e5tte trekke seg. Jeg har v\u00e6rt syk fra start og i perioder m\u00e5tte produksjonen bruke munnbind rundt meg. Vi har virkelig kjempet p\u00e5 til siste stund. Ja, jeg sitter her og ser &#8216;fresh&#8217; ut, men det representerer ikke hvordan formen min faktisk er\u00bb, skrev hun.\u00a0<\/p>\n<p>    <a itemprop=\"url\" href=\"https:\/\/www.seher.no\/kjendis\/lider-ikke-av-skyldfolelse\/83910234\" rel=\"nofollow noopener\" target=\"_blank\"><\/p>\n<p>      <img loading=\"lazy\" decoding=\"async\" src=\"https:\/\/www.europesays.com\/no\/wp-content\/uploads\/2025\/11\/1764331942_652_83910250.webp\" width=\"980\" height=\"441\" title=\"- Burde tatt grep f\u00f8r\" alt=\"\" class=\"lazyload\" style=\"--aspect-ratio-image: 2.22; \"\/><\/p>\n<p>        &#8211; Burde tatt grep f\u00f8r<\/p>\n<p>    <\/a><\/p>\n<p>\u00abMaskorama\u00bb har rullet over TV-skjermen samtidig som TV 2-programmet \u00abForr\u00e6der\u00bb.\u00a0 I sistnevnte program ble Sophie Elise utvalgt som forr\u00e6der allerede i f\u00f8rste episode.\u00a0<\/p>\n","protected":false},"excerpt":{"rendered":"Sophie Elise: Etter flere t\u00f8ffe nederlag kommer Sophie Elise n\u00e5 med gladmelding &#8211; og avsl\u00f8rer premieredatoen! R\u00d8PER: Sophie&hellip;\n","protected":false},"author":2,"featured_media":98847,"comment_status":"","ping_status":"","sticky":false,"template":"","format":"standard","meta":{"footnotes":""},"categories":[10],"tags":[20,21,24,25,15,479,2543,22,23,13,30,28,29,14,16,1444,26,27],"class_list":{"0":"post-99055","1":"post","2":"type-post","3":"status-publish","4":"format-standard","5":"has-post-thumbnail","7":"category-norge","8":"tag-breaking-news","9":"tag-breakingnews","10":"tag-featured-news","11":"tag-featurednews","12":"tag-headlines","13":"tag-kjendis","14":"tag-kjendisdesken","15":"tag-latest-news","16":"tag-latestnews","17":"tag-news","18":"tag-no","19":"tag-norge","20":"tag-norway","21":"tag-nyheter","22":"tag-overskrifter","23":"tag-sophie-elise-isachsen","24":"tag-top-stories","25":"tag-topstories"},"share_on_mastodon":{"url":"https:\/\/pubeurope.com\/@no\/115627265160664131","error":""},"_links":{"self":[{"href":"https:\/\/www.europesays.com\/no\/wp-json\/wp\/v2\/posts\/99055","targetHints":{"allow":["GET"]}}],"collection":[{"href":"https:\/\/www.europesays.com\/no\/wp-json\/wp\/v2\/posts"}],"about":[{"href":"https:\/\/www.europesays.com\/no\/wp-json\/wp\/v2\/types\/post"}],"author":[{"embeddable":true,"href":"https:\/\/www.europesays.com\/no\/wp-json\/wp\/v2\/users\/2"}],"replies":[{"embeddable":true,"href":"https:\/\/www.europesays.com\/no\/wp-json\/wp\/v2\/comments?post=99055"}],"version-history":[{"count":0,"href":"https:\/\/www.europesays.com\/no\/wp-json\/wp\/v2\/posts\/99055\/revisions"}],"wp:featuredmedia":[{"embeddable":true,"href":"https:\/\/www.europesays.com\/no\/wp-json\/wp\/v2\/media\/98847"}],"wp:attachment":[{"href":"https:\/\/www.europesays.com\/no\/wp-json\/wp\/v2\/media?parent=99055"}],"wp:term":[{"taxonomy":"category","embeddable":true,"href":"https:\/\/www.europesays.com\/no\/wp-json\/wp\/v2\/categories?post=99055"},{"taxonomy":"post_tag","embeddable":true,"href":"https:\/\/www.europesays.com\/no\/wp-json\/wp\/v2\/tags?post=99055"}],"curies":[{"name":"wp","href":"https:\/\/api.w.org\/{rel}","templated":true}]}}