{"id":99056,"date":"2025-11-28T12:13:46","date_gmt":"2025-11-28T12:13:46","guid":{"rendered":"https:\/\/www.europesays.com\/no\/99056\/"},"modified":"2025-11-28T12:13:46","modified_gmt":"2025-11-28T12:13:46","slug":"sarah-20-ble-skutt-i-washington-dc","status":"publish","type":"post","link":"https:\/\/www.europesays.com\/no\/99056\/","title":{"rendered":"Sarah (20) ble skutt i Washington DC"},"content":{"rendered":"\n<ul class=\"_list_o9xde_3 _list_64s2r_85 _unordered_o9xde_106 text-sans-m\">\n<li class=\"_item_o9xde_30\">To nasjonalgardister ble skutt i Washington D.C. onsdag.<\/li>\n<li class=\"_item_o9xde_30\">En afghansk mann mistenkes for skytingen og kan f\u00e5 livstid i fengsel.<\/li>\n<li class=\"_item_o9xde_30\">FBI etterforsker saken som terrorhandling.<\/li>\n<\/ul>\n<p>Vis mer <\/p>\n<p class=\"_paragraph_o9xde_4 _paragraph_xtcu6_10 layout-component text-serif-m layout-normal text-serif-m layout-padded\">\u2013 Hun var en respektert, ung og praktfull person, sier presidenten. <\/p>\n<p class=\"_paragraph_o9xde_4 _paragraph_xtcu6_10 layout-component text-serif-m layout-normal text-serif-m layout-padded\">Den andre soldaten som ble skutt, Andrew Wolfe (24), er fortsatt innlagt p\u00e5 sykehus. <\/p>\n<p class=\"_paragraph_o9xde_4 _paragraph_xtcu6_10 layout-component text-serif-m layout-normal text-serif-m layout-padded\">Begge var soldater i nasjonalgarden og ble <a href=\"https:\/\/www.vg.no\/nyheter\/i\/zO5zKr\/to-soldater-fra-nasjonalgarden-skal-vaere-skutt-i-d-c\" data-track-element-type=\"Link\" data-track-id=\"link:zO5zKr\" class=\"_link_o9xde_39\" rel=\"nofollow noopener\" target=\"_blank\">skutt i USAs hovedstad onsdag kveld<\/a>, i n\u00e6rheten av Det hvite hus. <\/p>\n<p class=\"_paragraph_o9xde_4 _paragraph_xtcu6_10 layout-component text-serif-m layout-normal text-serif-m layout-padded\">De hadde begge avlagt ed og tiltr\u00e5dt tjenesten mindre enn 24 timer f\u00f8r de ble utsatt for bakhold, if\u00f8lge The Guardian. <\/p>\n<p>\u2013 Min lille jente har g\u00e5tt bort <\/p>\n<p class=\"_paragraph_o9xde_4 _paragraph_xtcu6_10 layout-component text-serif-m layout-normal text-serif-m layout-padded\">Torsdag fortalte faren til Sarah Beckstrom at datteren trolig ikke kom til \u00e5 overleve: <\/p>\n<p class=\"_paragraph_o9xde_4 _paragraph_xtcu6_10 layout-component text-serif-m layout-normal text-serif-m layout-padded\">\u2013 Jeg holder henne i h\u00e5nden akkurat n\u00e5, sa Gary Beckstrom til New York Times. <\/p>\n<p class=\"_paragraph_o9xde_4 _paragraph_xtcu6_10 layout-component text-serif-m layout-normal text-serif-m layout-padded\">\u2013 Hun har en d\u00f8delig skade. Dette kommer hun ikke til \u00e5 komme seg fra.<\/p>\n<ul class=\"_gallery_1qa3s_23\" tabindex=\"0\">\n<li class=\"_item_1qa3s_37\" data-index=\"0\"><img decoding=\"async\" class=\"_image_foru8_23 _articleGallery_foru8_39\" data-fullscreen- width=\"562\" height=\"585\" itemprop=\"image\" loading=\"lazy\"  src=\"https:\/\/www.europesays.com\/no\/wp-content\/uploads\/2025\/11\/a84cafa4-c931-4038-88d5-35201336ec24\"  style=\"object-position:50% 50%;aspect-ratio:var(--gallery-aspect-ratio, 16 \/ 9)\"\/>Foto: US ARMY \/ Reuters \/ NTB<\/li>\n<li class=\"_item_1qa3s_37\" data-index=\"1\"><img decoding=\"async\" class=\"_image_foru8_23 _articleGallery_foru8_39\" data-fullscreen- width=\"5500\" height=\"3667\" itemprop=\"image\" loading=\"lazy\"  src=\"https:\/\/www.europesays.com\/no\/wp-content\/uploads\/2025\/11\/a4a35a51-4e23-4372-b487-87bc13f1e2b5\"  style=\"object-position:50% 50%;aspect-ratio:var(--gallery-aspect-ratio, 16 \/ 9)\"\/>Mange n\u00f8detater m\u00f8tte opp tidlig fredag mnorgen da den d\u00f8de soldaten ble fraktet bort fra sykehuset der hun d\u00f8de. Foto: Craig Hudson \/ Reuters \/ NTB<\/li>\n<\/ul>\n<p>Foto: US ARMY \/ Reuters \/ NTB<\/p>\n<p class=\"_paragraph_o9xde_4 _paragraph_xtcu6_10 layout-component text-serif-m layout-normal text-serif-m layout-padded\">Etter datterens d\u00f8d la han ut f\u00f8lgende melding p\u00e5 sosiale medier: <\/p>\n<p class=\"_paragraph_o9xde_4 _paragraph_xtcu6_10 layout-component text-serif-m layout-normal text-serif-m layout-padded\"><strong class=\"_strong_o9xde_25\">\u00abMin lille jente har g\u00e5tt bort\u00bb<\/strong><\/p>\n<p class=\"_paragraph_o9xde_4 _paragraph_xtcu6_10 layout-component text-serif-m layout-normal text-serif-m layout-padded\"> Han la til at familien n\u00e5 fors\u00f8ker \u00e5 takle den forferdelige tragedien som har rammet dem.<\/p>\n<p>\u2013 Han l\u00e5 i bakhold <\/p>\n<p class=\"_paragraph_o9xde_4 _paragraph_xtcu6_10 layout-component text-serif-m layout-normal text-serif-m layout-padded\">Den afghanske statsborgeren, Rahmanullah Lakanwal (29), skal ha reist tvers over USA fra sitt hjem i delstaten Washington for \u00e5 utf\u00f8re angrepet, if\u00f8lge amerikanske myndigheter.<\/p>\n<p class=\"_paragraph_o9xde_4 _paragraph_xtcu6_10 layout-component text-serif-m layout-normal text-serif-m layout-padded\">Den mistenkte bodde i Bellingham, en kystby n\u00e6r grensen til Canada, sammen med sin kone og fem barn.<\/p>\n<p class=\"_paragraph_o9xde_4 _paragraph_xtcu6_10 layout-component text-serif-m layout-normal text-serif-m layout-padded\">If\u00f8lge Trump er ogs\u00e5 Lakanwal hardt skadet. <\/p>\n<p class=\"_paragraph_o9xde_4 _paragraph_xtcu6_10 layout-component text-serif-m layout-normal text-serif-m layout-padded\">Han kom til USA i 2021 gjennom \u00abOperation Allies Welcome\u00bb, et immigrasjonsprogram under Biden-administrasjonen for \u00e5 bosette afghanere som hadde hjulpet USA under krigen. <\/p>\n<p>Spesielt immigrasjonsvisum (SIV) for afghanere:<\/p>\n<p class=\"_paragraph_o9xde_4 _paragraph_xtcu6_10 _paragraph_16v91_10 layout-component text-serif-m layout-normal text-sans-m layout-padded\">Dette amerikanske visumprogrammet er for afghanske borgere som har jobbet minst ett \u00e5r for eller p\u00e5 vegne av den amerikanske regjeringen i Afghanistan, for eksempel som tolker, oversettere eller i st\u00f8ttefunksjoner. Det gir mulighet for permanent opphold (gr\u00f8nt kort) i USA.<\/p>\n<p class=\"_paragraph_o9xde_4 _paragraph_xtcu6_10 _paragraph_16v91_10 layout-component text-serif-m layout-normal text-sans-m layout-padded\">Flere enn 70.000 afghanere er bosatt i USA gjennom programmet.<\/p>\n<p class=\"_paragraph_o9xde_4 _paragraph_xtcu6_10 _paragraph_16v91_10 layout-component text-serif-m layout-normal text-sans-m layout-padded\"><strong class=\"_strong_o9xde_25\">N\u00f8kkelpunkter:<\/strong><\/p>\n<ul class=\"_list_o9xde_3 _list_xtcu6_9 _list_16v91_9 _unordered_o9xde_106 layout-component text-serif-m layout-normal text-sans-m layout-padded\">\n<li class=\"_item_o9xde_30\"> For personer med fare som f\u00f8lge av arbeid for USA.<\/li>\n<li class=\"_item_o9xde_30\"> Minst 1 \u00e5rs dokumentert ansettelse kreves.<\/li>\n<li class=\"_item_o9xde_30\"> Sikkerhetsvurdering og anbefaling fra arbeidsgiver.<\/li>\n<li class=\"_item_o9xde_30\"> Gjelder ogs\u00e5 ektefelle og barn.<\/li>\n<li class=\"_item_o9xde_30\"> Gir mulighet for et nytt og trygt liv i USA.<\/li>\n<\/ul>\n<p class=\"_paragraph_o9xde_4 _paragraph_xtcu6_10 _paragraph_16v91_10 layout-component text-serif-m layout-normal text-sans-m layout-padded\"><a href=\"https:\/\/travel.state.gov\/content\/travel\/en\/us-visas\/immigrate\/special-immg-visa-afghans-employed-us-gov.html\" class=\"_link_o9xde_39\" rel=\"nofollow noopener\" target=\"_blank\"> Kilde: U.S. Department of State<\/a><\/p>\n<p>Vis mer<\/p>\n<p class=\"_paragraph_o9xde_4 _paragraph_xtcu6_10 layout-component text-serif-m layout-normal text-serif-m layout-padded\">\u2013 Han l\u00e5 i bakhold for de to nasjonalgardistene onsdag mens de patruljerte i n\u00e6rheten av Det hvite hus, sier statsadvokat Jeanine Pirro p\u00e5 en pressekonferanse torsdag.<\/p>\n<p class=\"_paragraph_o9xde_4 _paragraph_xtcu6_10 layout-component text-serif-m layout-normal text-serif-m layout-padded\">Bev\u00e6pnet med et kraftig h\u00e5ndv\u00e5pen, et .357 Magnum, skj\u00f8t han f\u00f8rst den ene gardisten som falt, f\u00f8r han skj\u00f8t vedkommende igjen. Deretter avfyrte hans flere skudd mot den andre gardisten, opplyser statsadvokaten.<\/p>\n<p><img decoding=\"async\" alt=\"Bilde av Jeanine Pirro\" class=\"_image_ygndg_42\" height=\"27\" itemprop=\"image\" loading=\"lazy\"  src=\"https:\/\/www.europesays.com\/no\/wp-content\/uploads\/2025\/11\/468f58c7-0f04-4fdc-a0cd-f756a5ce3edf\"  width=\"40\"\/><strong class=\"_name_ygndg_51 title-serif-xs\">Jeanine Pirro<\/strong><\/p>\n<p class=\"_paragraph_o9xde_4 text-sans-m _description_ygndg_56\">statsadvokat<\/p>\n<p class=\"_paragraph_o9xde_4 _paragraph_xtcu6_10 layout-component text-serif-m layout-normal text-serif-m layout-padded\"> <a href=\"https:\/\/www.vg.no\/tag\/fbi-2?utm_source=vg-article&amp;utm_medium=auto-tagger&amp;utm_campaign=Arzgrq\" class=\"_link_o9xde_39\" rel=\"nofollow noopener\" target=\"_blank\">FBI<\/a> etterforsker onsdagens skyting som terror, har de opplyst i en pressekonferanse. De etterforsker ogs\u00e5 motivet for gjerningen. <\/p>\n<p><img alt=\"Foto: DREW ANGERER \/ AFP\" class=\"_image_qp4xg_65 layout-component layout-normal\" data-fullscreen- data-track-element-type=\"Article image fullscreen\" data-track-name=\"ImageFullscreen\" decoding=\"async\" loading=\"lazy\" height=\"2381\" itemprop=\"image\"  src=\"https:\/\/www.europesays.com\/no\/wp-content\/uploads\/2025\/11\/f608392a-79c7-4935-a420-649dbb642ae2\"  style=\"object-position:0% 0%\" width=\"3571\"\/>Foto: DREW ANGERER \/ AFP<\/p>\n<p class=\"_paragraph_o9xde_4 _paragraph_xtcu6_10 layout-component text-serif-m layout-normal text-serif-m layout-padded\">Lakanwal er siktet for tre tilfeller av angrep med hensikt til \u00e5 drepe mens han var bev\u00e6pnet, samt besittelse av skytev\u00e5pen under utf\u00f8relse av voldskriminalitet.<\/p>\n<p class=\"_paragraph_o9xde_4 _paragraph_xtcu6_10 layout-component text-serif-m layout-normal text-serif-m layout-padded\">\u2013 Han vil ogs\u00e5 bli siktet for overlagt drap dersom nasjonalgardistene, som for \u00f8yeblikket er i kritisk tilstand, ikke overlever skadene sine, sier statsadvokaten.<\/p>\n<p>Terroranklage<\/p>\n<p class=\"_paragraph_o9xde_4 _paragraph_xtcu6_10 layout-component text-serif-m layout-normal text-serif-m layout-padded\">Justisminister Pam Bondi sa regjeringen planlegger \u00e5 reise terroranklager og s\u00f8ke livstidsstraff \u00absom et minimum\u00bb. Etter at nasjonalgardist Beckstrom d\u00f8de, antydet Bondi at hun vil s\u00f8ke d\u00f8dsstraff. <\/p>\n<p><img alt=\"To nasjonalgardister som ble skutt i Washington D.C. onsdag, har klart seg gjennom operasjon, sier USAs justisminister Pam Bondi.   Foto: Mark Schiefelbein \/ AP \/ NTB\" class=\"_image_qp4xg_65 layout-component layout-normal\" data-fullscreen- data-track-element-type=\"Article image fullscreen\" data-track-name=\"ImageFullscreen\" decoding=\"async\" loading=\"lazy\" height=\"3744\" itemprop=\"image\"  src=\"https:\/\/www.europesays.com\/no\/wp-content\/uploads\/2025\/11\/f798b8af-17fb-4400-9eb6-2ff454e29751\"  style=\"object-position:0% 0%\" width=\"5616\"\/>To nasjonalgardister som ble skutt i Washington D.C. onsdag, har klart seg gjennom operasjon, sier USAs justisminister Pam Bondi.   Foto: Mark Schiefelbein \/ AP \/ NTB<\/p>\n<p class=\"_paragraph_o9xde_4 _paragraph_xtcu6_10 layout-component text-serif-m layout-normal text-serif-m layout-padded\">CIA-direkt\u00f8r John Ratcliffe og forsvarsminister Pete Hegseth har bekreftet at Lakanwal jobbet sammen med amerikanske partnerstyrker i Afghanistan, if\u00f8lge FBI-direkt\u00f8r Kash Patel.<\/p>\n<p class=\"_paragraph_o9xde_4 _paragraph_xtcu6_10 layout-component text-serif-m layout-normal text-serif-m layout-padded\">Pirro og Patel anklager Biden-administrasjonen for ikke \u00e5 ha kontrollert Lakanwal grundig nok, selv om de ikke la frem bevis for p\u00e5standen.<\/p>\n<p class=\"_paragraph_o9xde_4 _paragraph_xtcu6_10 layout-component text-serif-m layout-normal text-serif-m layout-padded\">If\u00f8lge et f\u00f8deralt politidokument som Reuters har sett, s\u00f8kte Lakanwal om asyl i desember 2024 og ble godkjent 23. april, tre m\u00e5neder etter at Trump tiltr\u00e5dte som president.<\/p>\n<p class=\"_paragraph_o9xde_4 _paragraph_xtcu6_10 layout-component text-serif-m layout-normal text-serif-m layout-padded\">Lakanwal har ingen kjent kriminell historie. Han hadde ingen dokumentert oversikt over reiser inn eller ut av USA siden ankomsten i 2021, men det var registrert importert av husholdningsartikler fra Afghanistan ved ett tilfelle i februar.<\/p>\n<p class=\"_paragraph_o9xde_4 _paragraph_xtcu6_10 layout-component text-serif-m layout-normal text-serif-m layout-padded\">Natt til onsdag beslagla etterforskere mobiltelefoner, b\u00e6rbare datamaskiner, iPader og andre elektroniske enheter fra huset hans i delstaten Washington, bekrefter Patel.<\/p>\n","protected":false},"excerpt":{"rendered":"To nasjonalgardister ble skutt i Washington D.C. onsdag. En afghansk mann mistenkes for skytingen og kan f\u00e5 livstid&hellip;\n","protected":false},"author":2,"featured_media":99057,"comment_status":"","ping_status":"","sticky":false,"template":"","format":"standard","meta":{"footnotes":""},"categories":[5],"tags":[20,21,2879,24,25,15,19,22,23,17,18,13,30,28,29,14,16,314,26,27,50,1318],"class_list":{"0":"post-99056","1":"post","2":"type-post","3":"status-publish","4":"format-standard","5":"has-post-thumbnail","7":"category-overskrifter","8":"tag-breaking-news","9":"tag-breakingnews","10":"tag-fbi","11":"tag-featured-news","12":"tag-featurednews","13":"tag-headlines","14":"tag-hovedoppslag","15":"tag-latest-news","16":"tag-latestnews","17":"tag-main-news","18":"tag-mainnews","19":"tag-news","20":"tag-no","21":"tag-norge","22":"tag-norway","23":"tag-nyheter","24":"tag-overskrifter","25":"tag-skyting","26":"tag-top-stories","27":"tag-topstories","28":"tag-usa","29":"tag-washington-d-c"},"share_on_mastodon":{"url":"https:\/\/pubeurope.com\/@no\/115627268996168057","error":""},"_links":{"self":[{"href":"https:\/\/www.europesays.com\/no\/wp-json\/wp\/v2\/posts\/99056","targetHints":{"allow":["GET"]}}],"collection":[{"href":"https:\/\/www.europesays.com\/no\/wp-json\/wp\/v2\/posts"}],"about":[{"href":"https:\/\/www.europesays.com\/no\/wp-json\/wp\/v2\/types\/post"}],"author":[{"embeddable":true,"href":"https:\/\/www.europesays.com\/no\/wp-json\/wp\/v2\/users\/2"}],"replies":[{"embeddable":true,"href":"https:\/\/www.europesays.com\/no\/wp-json\/wp\/v2\/comments?post=99056"}],"version-history":[{"count":0,"href":"https:\/\/www.europesays.com\/no\/wp-json\/wp\/v2\/posts\/99056\/revisions"}],"wp:featuredmedia":[{"embeddable":true,"href":"https:\/\/www.europesays.com\/no\/wp-json\/wp\/v2\/media\/99057"}],"wp:attachment":[{"href":"https:\/\/www.europesays.com\/no\/wp-json\/wp\/v2\/media?parent=99056"}],"wp:term":[{"taxonomy":"category","embeddable":true,"href":"https:\/\/www.europesays.com\/no\/wp-json\/wp\/v2\/categories?post=99056"},{"taxonomy":"post_tag","embeddable":true,"href":"https:\/\/www.europesays.com\/no\/wp-json\/wp\/v2\/tags?post=99056"}],"curies":[{"name":"wp","href":"https:\/\/api.w.org\/{rel}","templated":true}]}}