{"id":99074,"date":"2025-11-28T12:27:54","date_gmt":"2025-11-28T12:27:54","guid":{"rendered":"https:\/\/www.europesays.com\/no\/99074\/"},"modified":"2025-11-28T12:27:54","modified_gmt":"2025-11-28T12:27:54","slug":"kommentar-crpd-her-kan-stortinget-tra-feil","status":"publish","type":"post","link":"https:\/\/www.europesays.com\/no\/99074\/","title":{"rendered":"Kommentar: CRPD &#8211; her kan Stortinget tr\u00e5 feil"},"content":{"rendered":"\n<p class=\"_paragraph_o9xde_4 _paragraph_xtcu6_10 layout-component text-serif-m layout-normal text-serif-m layout-padded\">Stortinget er i ferd med \u00e5 fatte et vedtak som kan komme til \u00e5 koste norske kommuner dyrt. Om et par uker blir det trolig flertall for at rettighetene til mennesker med funksjonsnedsettelser skal veie tyngre enn rettighetene til andre grupper.<\/p>\n<p class=\"_paragraph_o9xde_4 _paragraph_xtcu6_10 layout-component text-serif-m layout-normal text-serif-m layout-padded\">Kommune\u00f8konomien er i krise. Mange av landets kommuner m\u00e5 foreta brutale kutt i sine budsjetter. Lokale folkevalgte fortviler. De har ikke mye godt \u00e5 melde n\u00e5r de m\u00f8ter sine velgere i butikken eller p\u00e5 foreldrem\u00f8te.<\/p>\n<p class=\"_paragraph_o9xde_4 _paragraph_xtcu6_10 layout-component text-serif-m layout-normal text-serif-m layout-padded\">Kommunepolitikerne har lite handlingsrom. Store deler av budsjettene deres er bundet opp av faste kostnader. Av ulike lover og regler. Og av statlige p\u00e5legg.<\/p>\n<p>Bare Grunnloven veier tyngre<\/p>\n<p class=\"_paragraph_o9xde_4 _paragraph_xtcu6_10 layout-component text-serif-m layout-normal text-serif-m layout-padded\">N\u00e5 kan dette bli enda strammere. Stortinget er i ferd med \u00e5 vedta at FNs konvensjon om rettighetene til mennesker med nedsatt funksjonsevne FNs konvensjon om rettighetene til mennesker med nedsatt funksjonsevneDette er en internasjonal avtale som fastsetter rettighetene til personer med funksjonsnedsettelser og forplikter landene som har ratifisert den til \u00e5 beskytte og fremme disse rettighetene. blir gjort til norsk lov p\u00e5 en m\u00e5te som gj\u00f8r at den vil trumfe nesten alle andre lover.<\/p>\n<p><img alt=\"FN har vedtatt en rekke viktige menneskerettighetskonvensjoner. Men det betyr ikke at de trenger \u00e5 l\u00f8ftes h\u00f8yere enn norske lover, vedtatt av Stortinget.  Foto: Pontus H\u00f6\u00f6k \/ NTB\" class=\"_image_qp4xg_65 layout-component layout-normal\" data-fullscreen- data-track-element-type=\"Article image fullscreen\" data-track-name=\"ImageFullscreen\" decoding=\"async\" loading=\"lazy\" height=\"3648\" itemprop=\"image\"  src=\"https:\/\/www.europesays.com\/no\/wp-content\/uploads\/2025\/11\/243f9df4-9145-4123-b540-60db29f9d15d\"  style=\"object-position:0% 0%\" width=\"5472\"\/>FN har vedtatt en rekke viktige menneskerettighetskonvensjoner. Men det betyr ikke at de trenger \u00e5 l\u00f8ftes h\u00f8yere enn norske lover, vedtatt av Stortinget.  Foto: Pontus H\u00f6\u00f6k \/ NTB<\/p>\n<p class=\"_paragraph_o9xde_4 _paragraph_xtcu6_10 layout-component text-serif-m layout-normal text-serif-m layout-padded\">Det ligger an til at denne konvensjonen blir gjort til en del av <a href=\"https:\/\/lovdata.no\/dokument\/NL\/lov\/1999-05-21-30\" class=\"_link_o9xde_39\" rel=\"nofollow noopener\" target=\"_blank\">menneskerettsloven<\/a><a href=\"https:\/\/lovdata.no\/dokument\/NL\/lov\/1999-05-21-30\" class=\"_link_o9xde_39\" rel=\"nofollow noopener\" target=\"_blank\">menneskerettsloven<\/a>En norsk lov som inkorporerer flere internasjonale menneskerettighetskonvensjoner, og gir dem en sterk posisjon i det norske rettssystemet.. Det er bare GrunnlovenGrunnlovenNorges grunnlov, som er den h\u00f8yeste rettskilden i landet og st\u00e5r over alle andre lover. som veier tyngre enn den i v\u00e5rt lovsystem.<\/p>\n<p class=\"_paragraph_o9xde_4 _paragraph_xtcu6_10 layout-component text-serif-m layout-normal text-serif-m layout-padded\">Selve konvensjonen er allerede en del av norsk rett, i den forstand at norske lover tolkes i tr\u00e5d med den. Mennesker med nedsatt funksjonsevnes rettigheter er ogs\u00e5 dekket av mange andre norske lover. Blant annet rett til tilrettelegging i arbeidslivet, til ikke \u00e5 bli diskriminert, til universell utforming av arbeidsbygninger og offentlige bygg.<\/p>\n<p>Den vonde konflikten<\/p>\n<p class=\"_paragraph_o9xde_4 _paragraph_xtcu6_10 layout-component text-serif-m layout-normal text-serif-m layout-padded\">Den kommende lovendringen kan gi dem forrang, blant annet til tjenester, n\u00e5r kommuner m\u00e5 gj\u00f8re t\u00f8ffe budsjettvalg. For <a href=\"https:\/\/www.vg.no\/tag\/fn?utm_source=vg-article&amp;utm_medium=auto-tagger&amp;utm_campaign=wr6b3L\" class=\"_link_o9xde_39\" rel=\"nofollow noopener\" target=\"_blank\">FN<\/a>-konvensjonen g\u00e5r sv\u00e6rt langt i \u00e5 stille krav til statene. Det skal legges til rette for den enkelte med funksjonsnedsettelse, uten begrensninger for hva som kreves av tiltak og ressurser.<\/p>\n<p class=\"_paragraph_o9xde_4 _paragraph_xtcu6_10 layout-component text-serif-m layout-normal text-serif-m layout-padded\">Det har v\u00e6rt noen vanskelige saker i Norge om mennesker med alvorlige funksjonsnedsettelser som ikke f\u00e5r bo der de vil. Selv om de selv eller foreldrene deres har bygget en tilpasset bolig, slik at de kan bo hjemme med n\u00f8dvendig hjelp.<\/p>\n<p class=\"_paragraph_o9xde_4 _paragraph_xtcu6_10 layout-component text-serif-m layout-normal text-serif-m layout-padded\">I noen tilfeller kan \u201cn\u00f8dvendig hjelp\u201d bety flere titalls millioner i utgifter for kommunen &#8211; hvert \u00e5r. Da oppst\u00e5r tidvis den vonde konflikten &#8211; er det en rettighet \u00e5 f\u00e5 bo i egen bolig, ogs\u00e5 n\u00e5r det betyr at andre deler av et stramt kommunebudsjett m\u00e5 kuttes?<\/p>\n<p class=\"_paragraph_o9xde_4 _paragraph_xtcu6_10 layout-component text-serif-m layout-normal text-serif-m layout-padded\">Eller m\u00e5 kommunen kunne tilby andre, rimeligere l\u00f8sninger til sin ene innbygger?<\/p>\n<p class=\"_paragraph_o9xde_4 _paragraph_xtcu6_10 layout-component text-serif-m layout-normal text-serif-m layout-padded\">Det finnes ingen opplagte svar p\u00e5 dette. Svaret kan ogs\u00e5 v\u00e6re ulikt, avhengig av b\u00e5de den konkrete situasjonen, og av den enkelte kommunens \u00f8konomi. Politikerne, som sitter med ansvaret, m\u00e5 kunne vurdere ulike hensyn opp mot hverandre. Vurdere hvem som har st\u00f8rst behov p\u00e5 ulike tidspunkt.<\/p>\n<p><img alt=\"Det blir t\u00f8ffe prioriteringer for norske kommunepolitikere i \u00e5rene fremover. Eldreomsorgen vil kreve stadig mer. Bildet er fra en protest utenfor Stortinget i 2017.  Foto: Berit Roald \/ NTB\" class=\"_image_qp4xg_65 layout-component layout-normal\" data-fullscreen- data-track-element-type=\"Article image fullscreen\" data-track-name=\"ImageFullscreen\" decoding=\"async\" loading=\"lazy\" height=\"5472\" itemprop=\"image\"  src=\"https:\/\/www.europesays.com\/no\/wp-content\/uploads\/2025\/11\/25a42f18-904a-42a4-bdc0-d3d8108848d8\"  style=\"object-position:0% 0%\" width=\"3648\"\/>Det blir t\u00f8ffe prioriteringer for norske kommunepolitikere i \u00e5rene fremover. Eldreomsorgen vil kreve stadig mer. Bildet er fra en protest utenfor Stortinget i 2017.  Foto: Berit Roald \/ NTB<\/p>\n<p class=\"_paragraph_o9xde_4 _paragraph_xtcu6_10 layout-component text-serif-m layout-normal text-serif-m layout-padded\">Det gjelder ogs\u00e5 mennesker med funksjonsnedsettelser. Sp\u00f8rsm\u00e5let er om deres behov skal veie tyngre enn andre innbyggere i kommunen.<\/p>\n<p>De t\u00f8ffe valgene<\/p>\n<p class=\"_paragraph_o9xde_4 _paragraph_xtcu6_10 layout-component text-serif-m layout-normal text-serif-m layout-padded\">Det er mulig \u00e5 sette svake grupper opp mot hverandre. Det er faktisk ofte det politikk handler om. Skal kommunen bevilge penger til flere skoleb\u00f8ker, eller \u00f8ke vikarbudsjettet p\u00e5 sykehjemmet? Stenge fritidsklubben for unge, eller kutte i matbudsjettet i barnehagene?<\/p>\n<p class=\"_paragraph_o9xde_4 _paragraph_xtcu6_10 layout-component text-serif-m layout-normal text-serif-m layout-padded\">S\u00e5 brutalt kan det v\u00e6re.<\/p>\n<p class=\"_paragraph_o9xde_4 _paragraph_xtcu6_10 layout-component text-serif-m layout-normal text-serif-m layout-padded\">Men det er politikerne som m\u00e5 avgj\u00f8re. Som m\u00e5 ta de t\u00f8ffe valgene.<\/p>\n<p class=\"_paragraph_o9xde_4 _paragraph_xtcu6_10 layout-component text-serif-m layout-normal text-serif-m layout-padded\">Og de valgene blir enda t\u00f8ffere i \u00e5rene som kommer. P\u00e5 vei inn i eldreb\u00f8lgen mangler mange kommuner b\u00e5de penger og folk. Flere sm\u00e5 kommuner opplever allerede n\u00e5 at innbyggerne blir eldre, mens de unge flytter. Kommunene strever med \u00e5 f\u00e5 tak i mennesker i arbeidsf\u00f8r alder som kan gj\u00f8re jobbene som trengs.<\/p>\n<p>Politikkens kjerneomr\u00e5de<\/p>\n<p class=\"_paragraph_o9xde_4 _paragraph_xtcu6_10 layout-component text-serif-m layout-normal text-serif-m layout-padded\">S\u00e6rlig i denne situasjonen b\u00f8r politikerne v\u00e6re varsomme med \u00e5 si fra seg makt over omr\u00e5der som binder opp ressursene deres, og tar fra dem handlingsrom i fremtiden.<\/p>\n<p><img alt=\"Hvem skal bestemme? H\u00f8yesterett, som her, eller de folkevalgte politikerne?  Foto: Frederik Ringnes \/ NTB\" class=\"_image_qp4xg_65 layout-component layout-normal\" data-fullscreen- data-track-element-type=\"Article image fullscreen\" data-track-name=\"ImageFullscreen\" decoding=\"async\" loading=\"lazy\" height=\"3648\" itemprop=\"image\"  src=\"https:\/\/www.europesays.com\/no\/wp-content\/uploads\/2025\/11\/adc59858-53fb-4df9-9a8e-88fd41f65b74\"  style=\"object-position:0% 0%\" width=\"5472\"\/>Hvem skal bestemme? H\u00f8yesterett, som her, eller de folkevalgte politikerne?  Foto: Frederik Ringnes \/ NTB<\/p>\n<p class=\"_paragraph_o9xde_4 _paragraph_xtcu6_10 layout-component text-serif-m layout-normal text-serif-m layout-padded\">FN-komiteen som forvalter denne konvensjonen, tolker den sv\u00e6rt romslig. Noen vil si aktivistisk. Det kan skape b\u00e5de uforutsigbarhet og uklarhet.<\/p>\n<p class=\"_paragraph_o9xde_4 _paragraph_xtcu6_10 layout-component text-serif-m layout-normal text-serif-m layout-padded\">B\u00e5de <a href=\"https:\/\/www.regjeringen.no\/no\/dokumenter\/konvensjonen-om-funksjonshemmedes-rettigheter\/id3021814\/?ch=1#id0269\" class=\"_link_o9xde_39\" rel=\"nofollow noopener\" target=\"_blank\">flertallet<\/a> p\u00e5 to i <a href=\"https:\/\/www.regjeringen.no\/no\/dokumenter\/konvensjonen-om-funksjonshemmedes-rettigheter\/id3021814\/?ch=1#id0269\" class=\"_link_o9xde_39\" rel=\"nofollow noopener\" target=\"_blank\">ekspertgruppen som har utredet denne saken,<\/a> og politikerne som er tilhengere av \u00e5 vedta lovendringen, forsikrer at den ikke vil f\u00e5 noen s\u00e6rlig praktisk betydning. Dette er mest symbolsk, sier noen, et viktig signal til nordmenn med funksjonsnedsettelser.<\/p>\n<p class=\"_paragraph_o9xde_4 _paragraph_xtcu6_10 layout-component text-serif-m layout-normal text-serif-m layout-padded\">Det er en underlig m\u00e5te \u00e5 se sin egen rolle som lovgiver. S\u00e6rlig fordi det er s\u00e5 stor uenighet om hvilke f\u00f8lger loven kan f\u00e5.<\/p>\n<p>Har advart<\/p>\n<p class=\"_paragraph_o9xde_4 _paragraph_xtcu6_10 layout-component text-serif-m layout-normal text-serif-m layout-padded\">Og alle de fra de funksjonsnedsattes ulike organisasjoner, som har arbeidet for dette vedtaket gjennom lang tid &#8211; er de enige i at denne endringen ikke har noen praktisk betydning? Eller vil de bli skuffet og f\u00f8le seg lurt dersom det viser seg at det faktisk er slik?<\/p>\n<p><img alt=\"Gunn Marit Helgesen er  styreleder i KS, kommunesektorens interesseorganisasjon, som advarer mot \u00e5 gi FN-konvensjonen forrang. Her fra et tidligere VG-intervju.     Foto: Helene Mariussen \/ VG\" class=\"_image_qp4xg_65 layout-component layout-normal\" data-fullscreen- data-track-element-type=\"Article image fullscreen\" data-track-name=\"ImageFullscreen\" decoding=\"async\" loading=\"lazy\" height=\"4000\" itemprop=\"image\"  src=\"https:\/\/www.europesays.com\/no\/wp-content\/uploads\/2025\/11\/0bdc82a8-045e-462b-9962-f82273a52524\"  style=\"object-position:0% 0%\" width=\"6000\"\/>Gunn Marit Helgesen er  styreleder i KS, kommunesektorens interesseorganisasjon, som advarer mot \u00e5 gi FN-konvensjonen forrang. Her fra et tidligere VG-intervju.     Foto: Helene Mariussen \/ VG<\/p>\n<p class=\"_paragraph_o9xde_4 _paragraph_xtcu6_10 layout-component text-serif-m layout-normal text-serif-m layout-padded\">Ofte er det ikke lovgivningen som er problemet. Det er pengene. Men det blir ikke bedre kommune\u00f8konomi av at en FN-konvensjon blir gjort til norsk lov &#8211; med st\u00f8rre tyngde enn andre lover. Tvert om.<\/p>\n<p class=\"_paragraph_o9xde_4 _paragraph_xtcu6_10 layout-component text-serif-m layout-normal text-serif-m layout-padded\">Det som skjer, er at enda mer av det som er politikkens kjerneomr\u00e5de &#8211; fordeling av penger og ressurser &#8211; kan bli overlatt til domstolene.<\/p>\n<p>Uforutsigbarhet og uklarhet<\/p>\n<p class=\"_paragraph_o9xde_4 _paragraph_xtcu6_10 layout-component text-serif-m layout-normal text-serif-m layout-padded\">Et ytterligere problem er at Norge gir FN-komiteene som forvalter slike konvensjoner, st\u00f8rre juridisk tyngde enn mange andre land gj\u00f8r. Det betyr at avgj\u00f8relser fra denne komiteen blir viktige n\u00e5r norske domstoler skal ta avgj\u00f8relser i konkrete saker.<\/p>\n<p><img alt=\"Sp-leder Trygve Slagsvold Vedum g\u00e5r inn for lovendringen, og trosser dermed kommunenes egen interesseorganisasjon.  Foto: J\u00f8rgen Braastad \/ VG\" class=\"_image_qp4xg_65 layout-component layout-normal\" data-fullscreen- data-track-element-type=\"Article image fullscreen\" data-track-name=\"ImageFullscreen\" decoding=\"async\" loading=\"lazy\" height=\"5464\" itemprop=\"image\"  src=\"https:\/\/www.europesays.com\/no\/wp-content\/uploads\/2025\/11\/e4caa145-c453-4756-ab22-708562bf6380\"  style=\"object-position:0% 0%\" width=\"8192\"\/>Sp-leder Trygve Slagsvold Vedum g\u00e5r inn for lovendringen, og trosser dermed kommunenes egen interesseorganisasjon.  Foto: J\u00f8rgen Braastad \/ VG<\/p>\n<p class=\"_paragraph_o9xde_4 _paragraph_xtcu6_10 layout-component text-serif-m layout-normal text-serif-m layout-padded\">Den ene som utgj\u00f8r <a href=\"https:\/\/www.regjeringen.no\/no\/dokumenter\/konvensjonen-om-funksjonshemmedes-rettigheter\/id3021814\/?ch=1#id0333\" class=\"_link_o9xde_39\" rel=\"nofollow noopener\" target=\"_blank\">mindretallet<\/a> i ekspertgruppen, og alle de som har advart mot lovforslaget, begrunner sitt syn nettopp med at det kan komme til \u00e5 f\u00e5 store konsekvenser, b\u00e5de for kommunenes \u00f8konomi, og deres mulighet til \u00e5 styre ansvarlig. N\u00e5 og i fremtiden.<\/p>\n<p class=\"_paragraph_o9xde_4 _paragraph_xtcu6_10 layout-component text-serif-m layout-normal text-serif-m layout-padded\"><a href=\"https:\/\/www.regjeringen.no\/no\/dokumenter\/hoering-utredning-om-inkorporering-av-fns-konvensjon-om-rettighetene-til-mennesker-med-nedsatt-funksjonsevne\/id3022678\/?showSvar=true&amp;consterm=&amp;page=1&amp;isFilterOpen=true\" class=\"_link_o9xde_39\" rel=\"nofollow noopener\" target=\"_blank\">Tunge fagmilj\u00f8er<\/a> som KSKSKommunesektorens interesseorganisasjon, som representerer norske kommuner og fylkeskommuner og arbeider for deres interesser., LO, NHO, Legeforeningen, flere kommuner, b\u00e5de store og sm\u00e5, er blant dem som har advart mot \u00e5 gi FN-konvensjonen denne tyngden i norsk rett.<\/p>\n<p>Symbolpolitikk<\/p>\n<p class=\"_paragraph_o9xde_4 _paragraph_xtcu6_10 layout-component text-serif-m layout-normal text-serif-m layout-padded\">Stortinget skal etter planen <a href=\"https:\/\/www.stortinget.no\/no\/Saker-og-publikasjoner\/Saker\/Sak\/?p=104477\" class=\"_link_o9xde_39\" rel=\"nofollow noopener\" target=\"_blank\">behandle saken om et par uker<\/a>. S\u00e5 langt ser det ut til at H\u00f8yre og Frp stemmer mot forslaget fra regjeringen, mens alle de andre partiene stemmer for. Selv Senterpartiet, som vanligvis er opptatt av at kommunene m\u00e5 f\u00e5 styre s\u00e5 mye som mulig i eget hus.<\/p>\n<p class=\"_paragraph_o9xde_4 _paragraph_xtcu6_10 layout-component text-serif-m layout-normal text-serif-m layout-padded\">Sp\u00f8rsm\u00e5let er om v\u00e5re folkevalgte s\u00e5 sterkt \u00f8nsker \u00e5 gj\u00f8re rett, at de glemmer at vedtak som er godt ment, kan sl\u00e5 feil ut. Om de er s\u00e5 opptatt av symbolpolitikk at de glemmer helheten.<\/p>\n<p class=\"_paragraph_o9xde_4 _paragraph_xtcu6_10 layout-component text-serif-m layout-normal layout-padded\"><strong class=\"_strong_o9xde_25\">Les ogs\u00e5:<\/strong> <a href=\"https:\/\/www.vg.no\/i\/RzMd0W\" data-track-element-type=\"Link\" data-track-id=\"link:RzMd0W\" class=\"_link_o9xde_39\" rel=\"nofollow noopener\" target=\"_blank\">St\u00f8res asyln\u00f8tt<\/a><\/p>\n<p>   Dette er en kommentar. Kommentaren gir uttrykk for skribentens holdning. <\/p>\n","protected":false},"excerpt":{"rendered":"Stortinget er i ferd med \u00e5 fatte et vedtak som kan komme til \u00e5 koste norske kommuner dyrt.&hellip;\n","protected":false},"author":2,"featured_media":99075,"comment_status":"","ping_status":"","sticky":false,"template":"","format":"standard","meta":{"footnotes":""},"categories":[5],"tags":[20,21,24,25,332,547,15,19,806,22,23,17,18,13,30,28,29,14,16,26,27,103],"class_list":{"0":"post-99074","1":"post","2":"type-post","3":"status-publish","4":"format-standard","5":"has-post-thumbnail","7":"category-overskrifter","8":"tag-breaking-news","9":"tag-breakingnews","10":"tag-featured-news","11":"tag-featurednews","12":"tag-fn","13":"tag-funksjonsnedsettelse","14":"tag-headlines","15":"tag-hovedoppslag","16":"tag-kommuneokonomi","17":"tag-latest-news","18":"tag-latestnews","19":"tag-main-news","20":"tag-mainnews","21":"tag-news","22":"tag-no","23":"tag-norge","24":"tag-norway","25":"tag-nyheter","26":"tag-overskrifter","27":"tag-top-stories","28":"tag-topstories","29":"tag-vgmeninger"},"share_on_mastodon":{"url":"https:\/\/pubeurope.com\/@no\/115627328076927160","error":""},"_links":{"self":[{"href":"https:\/\/www.europesays.com\/no\/wp-json\/wp\/v2\/posts\/99074","targetHints":{"allow":["GET"]}}],"collection":[{"href":"https:\/\/www.europesays.com\/no\/wp-json\/wp\/v2\/posts"}],"about":[{"href":"https:\/\/www.europesays.com\/no\/wp-json\/wp\/v2\/types\/post"}],"author":[{"embeddable":true,"href":"https:\/\/www.europesays.com\/no\/wp-json\/wp\/v2\/users\/2"}],"replies":[{"embeddable":true,"href":"https:\/\/www.europesays.com\/no\/wp-json\/wp\/v2\/comments?post=99074"}],"version-history":[{"count":0,"href":"https:\/\/www.europesays.com\/no\/wp-json\/wp\/v2\/posts\/99074\/revisions"}],"wp:featuredmedia":[{"embeddable":true,"href":"https:\/\/www.europesays.com\/no\/wp-json\/wp\/v2\/media\/99075"}],"wp:attachment":[{"href":"https:\/\/www.europesays.com\/no\/wp-json\/wp\/v2\/media?parent=99074"}],"wp:term":[{"taxonomy":"category","embeddable":true,"href":"https:\/\/www.europesays.com\/no\/wp-json\/wp\/v2\/categories?post=99074"},{"taxonomy":"post_tag","embeddable":true,"href":"https:\/\/www.europesays.com\/no\/wp-json\/wp\/v2\/tags?post=99074"}],"curies":[{"name":"wp","href":"https:\/\/api.w.org\/{rel}","templated":true}]}}