{"id":99086,"date":"2025-11-28T12:40:37","date_gmt":"2025-11-28T12:40:37","guid":{"rendered":"https:\/\/www.europesays.com\/no\/99086\/"},"modified":"2025-11-28T12:40:37","modified_gmt":"2025-11-28T12:40:37","slug":"verdens-sterkeste-kvinne-mister-tittel-etter-avsloring","status":"publish","type":"post","link":"https:\/\/www.europesays.com\/no\/99086\/","title":{"rendered":"\u00abVerdens sterkeste kvinne\u00bb mister tittel etter avsl\u00f8ring"},"content":{"rendered":"<p>  Fratatt tittelen som \u00abverdens sterkeste kvinne\u00bb.\u00a0<\/p>\n<p>\n    DISKVALIFISERT: Jammie Booker er fratatt tittelen som \u00abverdens sterkeste kvinne\u00bb etter avsl\u00f8ring. Foto: Skjermdump Instagram\/ @Officialstrongmangames\n  <\/p>\n<p>28 \u00e5r gamle Jammie Booker vant i forrige uke tittelen \u00abverdens sterkeste kvinne\u00bb under det offisielle verdensmesterskapet i <a href=\"https:\/\/www.strongman.games\/\" rel=\"nofollow noopener\" target=\"_blank\">Strongman Games 2025.<\/a><\/p>\n<p>Amerikanske Booker tok seieren etter \u00e5 ha vunnet med ett poeng over britiske Andrea Thompson.\u00a0Konkurransen fant sted i Arlington i USA.<\/p>\n<p>    <a itemprop=\"url\" href=\"https:\/\/sol.no\/nyheter\/utga-seg-for-a-vaere-sin-dode-mor\/83901782\" rel=\"nofollow noopener\" target=\"_blank\"><\/p>\n<p>      <img loading=\"lazy\" decoding=\"async\" src=\"https:\/\/www.europesays.com\/no\/wp-content\/uploads\/2025\/11\/83901787.webp\" width=\"147\" height=\"98\" title=\"Utga seg for \u00e5 v\u00e6re sin d\u00f8de mor\" alt=\"\" class=\"lazyload\" style=\"--aspect-ratio-image: 1.50; \"\/><\/p>\n<p>        Utga seg for \u00e5 v\u00e6re sin d\u00f8de mor<\/p>\n<p>sol.no<\/p>\n<p>    <\/a><\/p>\n<p>N\u00e5 blir 28-\u00e5ringen diskvalifisert og fratatt vinnertittelen etter en avsl\u00f8ring, skriver\u00a0<a href=\"https:\/\/nypost.com\/2025\/11\/25\/sports\/worlds-strongest-woman-winner-jammie-booker-stripped-of-title-after-organizers-discovered-she-was-born-a-man\/\" rel=\"nofollow noopener\" target=\"_blank\">New York Post<\/a>\u00a0.<\/p>\n<p>Fratatt tittel\u00a0\t<\/p>\n<p>Bare dager etter at hun knuste konkurrentene, ble Booker fratatt den gjeve tittelen. \u00c5rsaken er at Booker er transkj\u00f8nnet og ikke skal ha informert arrang\u00f8rene om dette.\u00a0<\/p>\n<p>&#8211; Det ser ut til at en ut\u00f8ver som biologisk er mann og n\u00e5 identifiserer seg som kvinne, konkurrerte i kvinnenes \u00e5pne klasse. Vi var ikke klar over dette f\u00f8r konkurransen, skriver<a href=\"https:\/\/www.instagram.com\/p\/DRfF_A5jbUl\/\" rel=\"nofollow noopener\" target=\"_blank\"> arrang\u00f8rene i en uttalelse.\u00a0<\/a><\/p>\n<p>De mener Booker br\u00f8t reglene som tydelig fastsetter at ut\u00f8verne m\u00e5 konkurrere i den kategorien som samsvarer med deres biologiske kj\u00f8nn ved f\u00f8dselen.\u00a0<\/p>\n<p>    <a itemprop=\"url\" href=\"https:\/\/sol.no\/nyheter\/blodbadet-ma-stoppe\/83901643\" rel=\"nofollow noopener\" target=\"_blank\"><\/p>\n<p>      <img loading=\"lazy\" decoding=\"async\" src=\"https:\/\/www.europesays.com\/no\/wp-content\/uploads\/2025\/11\/1764333637_700_83901651.webp\" width=\"980\" height=\"441\" title=\"\u2013 Blodbadet m\u00e5 stoppe\" alt=\"\" class=\"lazyload\" style=\"--aspect-ratio-image: 2.22; \"\/><\/p>\n<p>        \u2013 Blodbadet m\u00e5 stoppe<\/p>\n<p>sol.no<\/p>\n<p>    <\/a><\/p>\n<p>&#8211; Hadde vi blitt informert om dette f\u00f8r eller under konkurransen, ville ikke denne ut\u00f8veren ha f\u00e5tt lov til \u00e5 konkurrere i kvinnenes \u00e5pne klasse, legger de til.\u00a0<\/p>\n<p>De annonserte samtidig at Booker er blitt diskvalifisert, og at seieren i stedet g\u00e5r til britiske Andrea Thompson.<\/p>\n<p>        Tradisjon tro skal den amerikanske presidenten ben\u00e5de en kalkun f\u00f8r \u00abThanksgiving\u00bb. Men alt gikk ikke helt etter planen for Donald Trump. Video: Reuters. Reporter: Marte Nyl\u00f8kken Helseth. <\/p>\n<p>      <script async src=\"\/\/www.instagram.com\/embed.js\"><\/script><\/p>\n","protected":false},"excerpt":{"rendered":"Fratatt tittelen som \u00abverdens sterkeste kvinne\u00bb.\u00a0 DISKVALIFISERT: Jammie Booker er fratatt tittelen som \u00abverdens sterkeste kvinne\u00bb etter avsl\u00f8ring.&hellip;\n","protected":false},"author":2,"featured_media":99087,"comment_status":"","ping_status":"","sticky":false,"template":"","format":"standard","meta":{"footnotes":""},"categories":[12],"tags":[20,21,12682,24,25,15,12683,22,23,13,30,28,29,14,16,83,2149,26,27,42,43,44,45],"class_list":{"0":"post-99086","1":"post","2":"type-post","3":"status-publish","4":"format-standard","5":"has-post-thumbnail","7":"category-verden","8":"tag-breaking-news","9":"tag-breakingnews","10":"tag-diskvalifisert","11":"tag-featured-news","12":"tag-featurednews","13":"tag-headlines","14":"tag-juks","15":"tag-latest-news","16":"tag-latestnews","17":"tag-news","18":"tag-no","19":"tag-norge","20":"tag-norway","21":"tag-nyheter","22":"tag-overskrifter","23":"tag-sport","24":"tag-styrkeloft","25":"tag-top-stories","26":"tag-topstories","27":"tag-verden","28":"tag-world","29":"tag-world-news","30":"tag-worldnews"},"share_on_mastodon":{"url":"https:\/\/pubeurope.com\/@no\/115627375137061684","error":""},"_links":{"self":[{"href":"https:\/\/www.europesays.com\/no\/wp-json\/wp\/v2\/posts\/99086","targetHints":{"allow":["GET"]}}],"collection":[{"href":"https:\/\/www.europesays.com\/no\/wp-json\/wp\/v2\/posts"}],"about":[{"href":"https:\/\/www.europesays.com\/no\/wp-json\/wp\/v2\/types\/post"}],"author":[{"embeddable":true,"href":"https:\/\/www.europesays.com\/no\/wp-json\/wp\/v2\/users\/2"}],"replies":[{"embeddable":true,"href":"https:\/\/www.europesays.com\/no\/wp-json\/wp\/v2\/comments?post=99086"}],"version-history":[{"count":0,"href":"https:\/\/www.europesays.com\/no\/wp-json\/wp\/v2\/posts\/99086\/revisions"}],"wp:featuredmedia":[{"embeddable":true,"href":"https:\/\/www.europesays.com\/no\/wp-json\/wp\/v2\/media\/99087"}],"wp:attachment":[{"href":"https:\/\/www.europesays.com\/no\/wp-json\/wp\/v2\/media?parent=99086"}],"wp:term":[{"taxonomy":"category","embeddable":true,"href":"https:\/\/www.europesays.com\/no\/wp-json\/wp\/v2\/categories?post=99086"},{"taxonomy":"post_tag","embeddable":true,"href":"https:\/\/www.europesays.com\/no\/wp-json\/wp\/v2\/tags?post=99086"}],"curies":[{"name":"wp","href":"https:\/\/api.w.org\/{rel}","templated":true}]}}