{"id":99096,"date":"2025-11-28T12:48:08","date_gmt":"2025-11-28T12:48:08","guid":{"rendered":"https:\/\/www.europesays.com\/no\/99096\/"},"modified":"2025-11-28T12:48:08","modified_gmt":"2025-11-28T12:48:08","slug":"slik-blir-jula-pa-nrk-2025-nrk-presse-pressemeldinger","status":"publish","type":"post","link":"https:\/\/www.europesays.com\/no\/99096\/","title":{"rendered":"Slik blir jula p\u00e5 NRK\u00a02025 \u2013 NRK Presse \u2013 Pressemeldinger,"},"content":{"rendered":"<p>Det blir mye \u00e5 hygge seg med b\u00e5de p\u00e5 skjermen og i \u00f8rene i desember: Julekalendere, dramaserier, tradisjonsrike juleprogram og vakker musikk.<\/p>\n<p>Her f\u00e5r du en oversikt over NRKs julemeny.<\/p>\n<p>Kvelden f\u00f8r kvelden<\/p>\n<p>Det blir garantert julestemning n\u00e5r <strong>K\u00e5re Magnus Bergh<\/strong> og <strong>Silje Nordnes<\/strong> inviterer til den tradisjonsrike f\u00f8rjulsfesten \u00abKvelden f\u00f8r kvelden\u00bb og \u00e5rets kanskje alle hyggeligste TV-sending.<\/p>\n<p><img decoding=\"async\"   src=\"data:image\/gif;base64,R0lGODlhAQABAIAAAAAAAP\/\/\/yH5BAEAAAAALAAAAAABAAEAAAIBRAA7\" loading=\"eager\" alt=\"en kokk som lager mat p\u00e5 kj\u00f8kkenet\" title=\"Foto: Julia Marie Naglestad \/ NRK\"\/><\/p>\n<p class=\"\">Robert Stoltenberg har holdt p\u00e5 p\u00e5 kj\u00f8kkenet siden han var barn. <\/p>\n<p>Foto: Julia Marie Naglestad \/ NRK<\/p>\n<p>Dette blir f\u00f8rste gang Silje leder programmet, mens det blir K\u00e5re Magnus\u2019 femte gang. De lover julekos, moro og mange spennende gjester.<\/p>\n<p>Ingen jul uten deilig julemat, og i \u00e5r er det skuespiller og komiker <strong>Robert Stoltenberg<\/strong> som skal ikle seg kokkeforkle. \u00c5 lage mat er en oppgave han hele livet har tatt p\u00e5 det st\u00f8rste alvor.<\/p>\n<p>\u2013 Jeg b\u00e5de gruer og gleder meg! Det er jo ganske omfattende, men jeg m\u00e5 innr\u00f8mme at jeg alltid har b\u00e5ret p\u00e5 en dr\u00f8m om \u00e5 v\u00e6re TV-kokk. S\u00e5nn sett er det jo en dr\u00f8m som har g\u00e5tt i oppfyllelse, sier Robert. <\/p>\n<p>Han gleder seg til \u00e5 lede oss trygt gjennom ribbesteking og andre gode julematoppskrifter, og lover gode tips til tilbeh\u00f8r.<\/p>\n<p>Musikk er viktig for mange i julen og i \u00e5r er det Astrid S, Kurt Nilsen og Maria Mena som skal synge julen inn.<\/p>\n<p><img decoding=\"async\"   src=\"data:image\/gif;base64,R0lGODlhAQABAIAAAAAAAP\/\/\/yH5BAEAAAAALAAAAAABAAEAAAIBRAA7\" loading=\"eager\" alt=\"En mann smiler arm i arm med en kvinne p\u00e5 vei opp en trapp\" title=\"Foto: Norddeutscher Rundfunk\"\/><\/p>\n<p class=\"\">Det blir gjensyn med hovmester James og Miss Sophie. <\/p>\n<p>Foto: Norddeutscher Rundfunk<\/p>\n<p>Det blir naturligvis ogs\u00e5, same procedure as every year, <strong>\u00abGrevinnen og Hovmesteren\u00bb<\/strong> ca. Kl. 21.<\/p>\n<p><a href=\"https:\/\/www.nrk.no\/presse\/de-skal-lede-kvelden-for-kvelden-1.17656166\" ec-id=\"pp:article:1.17656166\" ec-name=\"Les mer om programmet her.\" rel=\"nofollow noopener\" target=\"_blank\">Les mer om programmet her.<\/a><\/p>\n<p>Julaften p\u00e5 NRK<\/p>\n<p><img decoding=\"async\"   src=\"data:image\/gif;base64,R0lGODlhAQABAIAAAAAAAP\/\/\/yH5BAEAAAAALAAAAAABAAEAAAIBRAA7\" loading=\"eager\" alt=\"en mann og en kvinne som sitter i en sofa med en hund med julepynt rundt seg\" title=\"Foto: Ingrid Ytterstad \/ NRK\"\/><\/p>\n<p class=\"\">Morten Strand, Ane Norum Kvistad fra \u00abSupernytt\u00bb og hunden Saft skal lede det tradisjonelle \u00abJulemorgen\u00bb fra B\u00e5rstua i Troms\u00f8.<\/p>\n<p>Foto: Ingrid Ytterstad \/ NRK<\/p>\n<p><strong>\u00abJulemorgen\u00bb<\/strong> er tilbake for \u00e5 lage en varm og stemningsfull start p\u00e5 julaften for hele familien.<\/p>\n<p>Morten Strand, hunden Saft og Ane Norum Kvistad fra \u00abSupernytt\u00bb vil lede oss gjennom dagen med vitser, vakker julesang og spennende konkurranser. Det blir bes\u00f8k av Fantorangen og Pivi, Viljar fra \u00abNewton\u00bb og mange flere.<\/p>\n<p><img decoding=\"async\"   src=\"data:image\/gif;base64,R0lGODlhAQABAIAAAAAAAP\/\/\/yH5BAEAAAAALAAAAAABAAEAAAIBRAA7\" loading=\"eager\" alt=\"en mann og en kvinne p\u00e5 hest\" title=\"Foto: DEFA-studio f\u00fcr Spielfilme\"\/><\/p>\n<p class=\"\">Klassikeren \u00abTre n\u00f8tter til Askepott\u00bb sendes som vanlig kl. 11 p\u00e5 julaften. <\/p>\n<p>Foto: DEFA-studio f\u00fcr Spielfilme<\/p>\n<p>Tradisjonen tro kan man ogs\u00e5 se <strong>\u00abSnekker Andersen og julenissen\u00bb, \u00abSn\u00f8barnas juletime\u00bb, \u00abTre n\u00f8tter til Askepott\u00bb, \u00abReisen til julestjernen\u00bb<\/strong> (versjonen fra 1976 p\u00e5 NRK1 og den fra 2012 p\u00e5 NRK Super), <strong>\u00abDonald Duck og vennene hans\u00bb<\/strong> og<strong> \u00abPippi Langstr\u00f8mpe\u00bb.<\/strong><\/p>\n<p>Deretter blir det julegudstjeneste fra Nidarosdomen i Trondheim f\u00f8r vi setter over til <strong>\u00abS\u00f8lvguttene synger julen inn\u00bb<\/strong> kl. 17.<\/p>\n<p>Nissene i skjul<\/p>\n<p><img decoding=\"async\"   src=\"data:image\/gif;base64,R0lGODlhAQABAIAAAAAAAP\/\/\/yH5BAEAAAAALAAAAAABAAEAAAIBRAA7\" loading=\"eager\" alt=\"Serieplakat for &quot;Nissene i skjul&quot;. Viser Herman Flesvig og Kevin V\u00e5genes i flere roller. \" title=\"Foto: Seefood TV \/ NRK\"\/><\/p>\n<p class=\"\">Kevin V\u00e5genes og Herman Flesvig spiller flere roller hver i den nye julekalenderen p\u00e5 NRK. Mikkel Niva spiller rollen som programleder.<\/p>\n<p>Foto: Seefood TV \/ NRK<\/p>\n<p>\u00abNissene i skjul\u00bb henter inspirasjon fra popul\u00e6re realityserier som \u00abForr\u00e6der\u00bb og \u00abSpillet\u00bb og byr p\u00e5 en solid dose parodi, varme og julestemning.<\/p>\n<p>I serien f\u00f8lger vi 24 nisser som skal leve sammen p\u00e5 en nedlagt griseg\u00e5rd i 24 dager, mens en rampenisse i skjul saboterer konkurransen. Hver kveld blir en mistenkt nisse sendt hjem. P\u00e5 julaften blir det avgjort om det er en rampenisse eller en ekte nisse som stikker av med pengepremien.<\/p>\n<p>Den nye julekalenderen er en videref\u00f8ring av det popul\u00e6re \u00abNissene p\u00e5 l\u00e5ven\u00bb-universet, som f\u00f8rste gang ble vist p\u00e5 TVNorge i 2001.<\/p>\n<p><a href=\"https:\/\/www.nrk.no\/presse\/nissene-i-skjul-_-ny-julekalender-pa-nrk-med-herman-flesvig-og-kevin-vagenes-1.17622496\" ec-id=\"pp:article:1.17622496\" ec-name=\"Les mer om programmet her.\" rel=\"nofollow noopener\" target=\"_blank\">Les mer om programmet her.<\/a><\/p>\n<p>Julekalendere: Kristiania magiske tivolitheater<\/p>\n<p><img decoding=\"async\"   src=\"data:image\/gif;base64,R0lGODlhAQABAIAAAAAAAP\/\/\/yH5BAEAAAAALAAAAAABAAEAAAIBRAA7\" loading=\"eager\" alt=\"Kristiania magiske tivolitheater key art\" title=\"\"\/><\/p>\n<p class=\"no-credit\">\u00c5pne en ny luke hver dag til \u00abKristiania magiske tivolitheater\u00bb.<\/p>\n<p>Magi, vennskap, kj\u00e6rlighet og spenning venter i \u00abKristiania magiske tivolitheater\u00bb som er \u00e5rets hovedkalender p\u00e5 NRK.<\/p>\n<p>Vi blir dratt tilbake til da Norges hovedstad het Kristiania og blir kjent med ti \u00e5r gamle Luka. Han vokser opp i fattigstr\u00f8ket i Vika, rett i n\u00e6rheten av Kristiania Tivoli.<\/p>\n<p>Luka har alltid f\u00e5tt h\u00f8re at tivolistr\u00f8ket ikke er et sted for unger. Til tross for advarsler, snubler han inn i det forbudte tivoliteateret \u2013 og finner en fantastisk verden han aldri har sett maken til.<\/p>\n<p><strong>Lyst p\u00e5 flere kalendere?<\/strong><\/p>\n<p><img decoding=\"async\"   src=\"data:image\/gif;base64,R0lGODlhAQABAIAAAAAAAP\/\/\/yH5BAEAAAAALAAAAAABAAEAAAIBRAA7\" loading=\"eager\" alt=\"Kollasj av julekalendre\" title=\"Foto: NRK\"\/><\/p>\n<p class=\"\">Se alle NRKs julekalendere og velg din favoritt. <\/p>\n<p>Foto: NRK<\/p>\n<p>Alle NRKs julekalendere, som \u00abJul i Bl\u00e5fjell\u00bb og \u00abSn\u00f8fall\u00bb, kan du ogs\u00e5 se i NRK TV fra 1. desember.<\/p>\n<p><a href=\"https:\/\/www.nrk.no\/presse\/programomtaler\/julekalendere-pa-nrk-ar-for-ar-1.13221038\" ec-id=\"pp:article:1.13221038\" ec-name=\"Se full oversikt over julekalendere i NRK TV her.\" rel=\"nofollow noopener\" target=\"_blank\">Se full oversikt over julekalendere i NRK TV her.<\/a><\/p>\n<p>Julestemning med Live og Ronny<\/p>\n<p><img decoding=\"async\"   src=\"data:image\/gif;base64,R0lGODlhAQABAIAAAAAAAP\/\/\/yH5BAEAAAAALAAAAAABAAEAAAIBRAA7\" loading=\"eager\" alt=\"Live Nelvik og Ronny Brede Aase i podkasten Julestemning 2023\" title=\"Foto: NRK\"\/><\/p>\n<p class=\"\">Duoen Live Nelvik og Ronny Brede Aase skal gi deg julestemning rett i \u00f8ret.<\/p>\n<p>Foto: NRK<\/p>\n<p>Live Nelvik og Ronny Brede Aase er tilbake i julekottet for \u00e5 lage en deilig og underholdende koselomme i den hektiske f\u00f8rjulstida.<\/p>\n<p>I \u00e5rets sesong blir det utforsking av underlige svenske juletradisjoner, harde konfrontasjoner i \u00abJuleretten\u00bb, fors\u00f8k p\u00e5 \u00e5 gjenfinne barndommens juleminner \u2013 og kanskje kommer rampenissen?<\/p>\n<p>Sammen med gode lyttere skal Live og Ronny hjelpe oss alle \u00e5 finne hvilepulsen og selveste julestemningen.<\/p>\n<p>Leseklubben: Stargate \u2013 en julefortelling<\/p>\n<p><img decoding=\"async\"   src=\"data:image\/gif;base64,R0lGODlhAQABAIAAAAAAAP\/\/\/yH5BAEAAAAALAAAAAABAAEAAAIBRAA7\" loading=\"eager\" alt=\"Christine Lossius Thorin og Kristoffer Olsen \" title=\"Foto: NRK\"\/><\/p>\n<p class=\"\">En moderne julefortelling skal opp i \u00abLeseklubben\u00bb.<\/p>\n<p>Foto: NRK<\/p>\n<p>Det er mulig med mer julestemning i \u00f8ret, for: \u00abLeseklubben\u00bb + \u00abStargate \u2013 en julefortelling\u00bb + Solveig Kloppen = F\u00f8rjulsmagi!<\/p>\n<p>Lytterne f\u00e5r h\u00f8re hele lydboka lest av forfatteren selv, Ingvild H. Rish\u00f8i, i tillegg til to spesialepisoder der programlederne Christine Lossius Thorin og Kristoffer Olsen dykker inn i denne moderne juleklassikeren sammen med Solveig Kloppen (og alle lytterne).<\/p>\n<p>\u00abLeseklubben\u00bb arrangerer ogs\u00e5 en kveld med h\u00f8ytlesing for publikum av \u00abStargate \u2013 en julefortelling\u00bb i Kulturkirken Jakob i Oslo 8. desember. Det blir stemningsfull musikk, fantastiske opplesere og forfatteren selv. Dette sendes p\u00e5 NRK P2 p\u00e5 nytt\u00e5rsaften.<\/p>\n<p>Jul med Astrid Lindgren<\/p>\n<p><img decoding=\"async\"   src=\"data:image\/gif;base64,R0lGODlhAQABAIAAAAAAAP\/\/\/yH5BAEAAAAALAAAAAABAAEAAAIBRAA7\" loading=\"eager\" alt=\"Jul med Astrid Lindgren, keyart\" title=\"Foto: Qvisten Animation\"\/><\/p>\n<p class=\"\">Det blir julestemning for store og sm\u00e5.<\/p>\n<p>Foto: Qvisten Animation<\/p>\n<p>En animasjonsfilm fra 2024 hvor du kan bli med inn i Astrid Lindgrens magiske juleunivers!<\/p>\n<p>Julen\u00f8tter<\/p>\n<p><img decoding=\"async\"   src=\"data:image\/gif;base64,R0lGODlhAQABAIAAAAAAAP\/\/\/yH5BAEAAAAALAAAAAABAAEAAAIBRAA7\" loading=\"eager\" alt=\"et menn i dress\" title=\"Foto: NRK\"\/><\/p>\n<p class=\"\">Klarer du \u00e5 knekke julen\u00f8ttene?<\/p>\n<p>Foto: NRK<\/p>\n<p>Nye g\u00e5ter skal l\u00f8ses n\u00e5r \u00d8ystein Bache og Rune Gokstad nok en gang inviterer til \u00abJulen\u00f8tter\u00bb i romjulen.<\/p>\n<p>Livssynsinnhold<\/p>\n<ul>\n<li>30. november: Gudstjeneste fra Kirkelandet kirke i Kristiansund (kl. 11.00 p\u00e5 NRK1 og NRK P1+)<\/li>\n<li>7. desember: Gudstjeneste med ungdomspreg fra S\u00f8m kirke i Kristiansand (kl. 11.00 p\u00e5 NRK2 og NRK P1+)<\/li>\n<li>14. desember: Gudstjeneste fra Kroken kirke i Troms\u00f8. Vi synger julen inn. (kl. 11.00 p\u00e5 NRK1 og NRK P1+)<\/li>\n<li>21. desember: Gudstjeneste fra Lura kirke i Sandnes. (kl. 11.00 p\u00e5 NRK1 og NRK P1+)<\/li>\n<li>24. desember: Salig blanding julaften ved Ove Gundersen. (kl. 14.03 p\u00e5 NRK P1+)<\/li>\n<li>24. desember: Konsertutdrag fra H\u00e4ndels Messias. (kl. 15.03 p\u00e5 NRK P1+)<\/li>\n<li>24. desember: Julegudstjeneste fra Nidarosdomen i Trondheim. Med sogneprest Torstein Amundsen og Nidarosdomens guttekor. (kl. 16.00 p\u00e5 NRK1, NRK P1 og NRK P1+)<\/li>\n<li>24. desember: Kim alle klokker. Vi ringer og kimer jula inn fra hele landet. (kl. 17.03 p\u00e5 NRK P1+)<\/li>\n<li>24. desember: Min julemusikk, inkludert et gjenh\u00f8r med \u00abDet kimer n\u00e5 til julefest\u00bb fra 1945. (kl. 18.03 p\u00e5 NRK P1+)<\/li>\n<li>24. desember: Midnattsmesse fra Peterskirken i Roma. Katolsk julemesse med pave Leo. (kl. 22.00 p\u00e5 NRK2)<\/li>\n<li>25. desember: H\u00f8ytidsmesse fra Nidarosdomen i Trondheim. Ved sogneprest Andreas Grandy-Teig, biskop Herborg Finnset og Nidarosdomens jentekor. (kl. 11.00 p\u00e5 NRK1 og NRK P1+)<\/li>\n<li>25. desember: Salig blanding juledag ved Ove Gundersen. (kl. 11.03 p\u00e5 NRK P1)<\/li>\n<li>25. desember: Salmer til alle tider julespesial. (kl. 18.03 p\u00e5 NRK P1+)<\/li>\n<li>26. desember: Julegudstjeneste p\u00e5 tegnspr\u00e5k fra Bergen d\u00f8vekirke. (kl. 11.00 p\u00e5 NRK1)<\/li>\n<li>26. desember: Salmekveld i Borgg\u00e5rden fra Olavsfest i 2015. (kl. 11.03 p\u00e5 NRK P1+)<\/li>\n<li>26. desember: Salig blanding andre juledag ved Ove Gundersen og Are Sende Osen. (kl. 14.03 p\u00e5 NRK P1+)<\/li>\n<li>28. desember: Gudstjeneste fra Skj\u00e6rg\u00e5rdssang i Langesund i 2025. (kl. 11.00 p\u00e5 NRK P1+)<\/li>\n<li>1. januar: Nytt\u00e5rsgudstjeneste fra Troms\u00f8 domkirke. (kl. 11.00 p\u00e5 NRK P1+)<\/li>\n<li>1. januar: Salig blanding ved Ove Gundersen og Are Sende Osen (kl. 11.03 NRK P1)<\/li>\n<li>Salmer til alle tider p\u00e5 NRK P1+ alle s\u00f8ndager kl. 20.03<\/li>\n<li>Tro, h\u00e5p og Lilles\u00e6ter p\u00e5 NRK P1 alle s\u00f8ndager kl. 22.03 i advent, ellers kl. 21.03<\/li>\n<\/ul>\n<p>Musikk og \u00e5ret oppsummert<\/p>\n<p><img decoding=\"async\"   src=\"data:image\/gif;base64,R0lGODlhAQABAIAAAAAAAP\/\/\/yH5BAEAAAAALAAAAAABAAEAAAIBRAA7\" loading=\"eager\" alt=\"En mann og en kvinne p\u00e5 en scene\" title=\"Foto: Andr\u00e9 L\u00f8yning \/\"\/><\/p>\n<p class=\"\">Helene B\u00f8ksle p\u00e5 scenen med Bj\u00f8ro H\u00e5land.<\/p>\n<p>Foto: Andr\u00e9 L\u00f8yning \/<\/p>\n<p>Sett i gang stemningen med deilige juletoner fra <strong>julekonserten med Helene B\u00f8ksle<\/strong>. I 20 \u00e5r har hun v\u00e6rt en av Norges st\u00f8rste stemmer. Bli med i Oslo Spektrum n\u00e5r Helene synger julen inn med S\u00f8lvguttene, Bj\u00f8ro H\u00e5land og Kim Rysstad.<\/p>\n<p>For femte \u00e5r p\u00e5 rad fylles Store studio med julestemning n\u00e5r <strong>Nitimen og Kringkastingsorkestret (Kork) <\/strong>inviterer til storsl\u00e5tt julekonsert.<\/p>\n<p><img decoding=\"async\"   src=\"data:image\/gif;base64,R0lGODlhAQABAIAAAAAAAP\/\/\/yH5BAEAAAAALAAAAAABAAEAAAIBRAA7\" loading=\"eager\" alt=\"To kvinner som st\u00e5r ved siden av et juletre\" title=\"Foto: Hans Erik Lindbom \/ NRK\"\/><\/p>\n<p class=\"\">Mari Gar\u00e5s Monsson og Kirsti Falch-Nilsen leder oss gjennom en musikalsk opplevelse.<\/p>\n<p>Foto: Hans Erik Lindbom \/ NRK<\/p>\n<p>P\u00e5 scenen st\u00e5r Dagny, Emilie Nicolas, Delara, Daniel Kvammen, Sondre Lerche og Ram\u00f3n \u2013 klare til \u00e5 fremf\u00f8re b\u00e5de egne julel\u00e5ter og tidl\u00f8se juleklassikere.<\/p>\n<p>Mari Gar\u00e5s Monsson og Kirsti Falch-Nilsen er programledere og loser oss gjennom julekonserten.<\/p>\n<ul>\n<li>10. desember direkte p\u00e5 NRK P1 og 20. desember i NRK TV<\/li>\n<\/ul>\n<p>Det er H\u00e4ndels legendariske verk Messias som st\u00e5r p\u00e5 programmet n\u00e5r NRK sender <strong>Julekonsert med Kork og Det Norske Solistkor<\/strong> fra Lommedalen.<\/p>\n<p><img decoding=\"async\"   src=\"data:image\/gif;base64,R0lGODlhAQABAIAAAAAAAP\/\/\/yH5BAEAAAAALAAAAAABAAEAAAIBRAA7\" loading=\"eager\" alt=\"en gruppe mennesker som spiller instrumenter\" title=\"Foto: Hans Erik Lindbom \/ NRK\"\/><\/p>\n<p class=\"\">Det er duket for store f\u00f8lelser n\u00e5r Kork og Det Norske Solistkor fremf\u00f8rer H\u00e4ndels Messias.<\/p>\n<p>Foto: Hans Erik Lindbom \/ NRK<\/p>\n<p>Med sine vakre melodier\u202fog kraftfulle halleluja-kor, er Messias et verk som har begeistret publikum siden 1741. De store solistene, sopran Mari Eriksmoen, mezzosopran Marianne Beate Kielland, tenor Anders Dahlin, og bass Jacob Abel, tar oss med p\u00e5 en reise gjennom et av musikkhistoriens mest inspirerende verk. Dirigent er Kristian\u202fBezuidenhout.<\/p>\n<p>Vi ser ogs\u00e5 tilbake p\u00e5 \u00e5rets som har v\u00e6rt med blant annet <strong>\u00ab\u00c5rsrevyen\u00bb<\/strong>. Her samler Dagsrevyens \u00c5sa Vartdal NRKs korrespondenter og kommentatorer med publikum i salen, for \u00e5 gi deg h\u00f8ydepunktene og de mest dramatiske hendelsene i nyhets\u00e5ret 2025.<\/p>\n<p>I tillegg f\u00e5r vi tilbakeblikk p\u00e5 \u00e5ret i \u00ab<strong>\u00c5ret med kongefamilien\u00bb, \u00abUnderholdningskavalkade\u00bb <\/strong>og <strong>\u00abSports\u00e5ret\u00bb<\/strong>.<\/p>\n<p>I hum\u00f8r for noe annet enn juleinnhold?<\/p>\n<p>Utover juleinnhold, er det ogs\u00e5 duket for flere filterl\u00f8se sp\u00f8rsm\u00e5l, drama, humor og sterke historier.<\/p>\n<p>A-laget<\/p>\n<p>    <img alt=\"Leo Ajkic smiler bredt til personen bak kamera\"  loading=\"lazy\"\/><img alt=\"Linn Sk\u00e5ber smiler overraskende, med \u00e5pen munn, til personen bak kamera\"  loading=\"lazy\"\/><\/p>\n<p>Leo Ajkic og Linn Sk\u00e5ber blir utfordret med varierte sp\u00f8rsm\u00e5l.<\/p>\n<p>Monster\/NRK<\/p>\n<p>I romjula er \u00abA-laget\u00bb er tilbake med flere filterl\u00f8se sp\u00f8rsm\u00e5l i to nye episoder.<\/p>\n<p>Skuespiller Linn Sk\u00e5ber blir konfrontert med snorking og s\u00f8ppel, kj\u00e6reste, jodling og et liv etter d\u00f8den, og programleder Leo Ajkic blir utfordret med sp\u00f8rsm\u00e5l om mordere og fengsler, romantikk, st\u00f8vsugere og liv p\u00e5 andre planeter.<\/p>\n<p>Bakemesterskapet junior, sesong 2<\/p>\n<p><img decoding=\"async\"   src=\"data:image\/gif;base64,R0lGODlhAQABAIAAAAAAAP\/\/\/yH5BAEAAAAALAAAAAABAAEAAAIBRAA7\" loading=\"eager\" alt=\"Tre mennesker st\u00e5r side om side, mannen i midten holder en bakebolle med kaker\u00f8re og slikker p\u00e5 vispen.\" title=\"Foto: Eivind Senneset\"\/><\/p>\n<p class=\"\">Programleder Morten Strand er sulten p\u00e5 mer kaker\u00f8re n\u00e5r sesong 2 er tilbake i romjula. Ved hans side st\u00e5r dommerne Marthe Kilen og Henrik Falkensten.<\/p>\n<p>Foto: Eivind Senneset<\/p>\n<p>\u00abBakemesterskapet junior\u00bb er tilbake \u2013 og igjen fylles baketeltet av \u00e5tte unge og lovende bakere mellom 10 og 13 \u00e5r med konkurranseinstinkt og stor bakeglede.<\/p>\n<p>Melet fyker, kreativiteten blomstrer og f\u00f8lelsene er aldri langt unna n\u00e5r deltakerne gir alt gjennom b\u00e5de tekniske utfordringer og i spektakul\u00e6re mesteroppgaver. Underveis vokser det frem fine vennskap, masse mestring og \u00f8yeblikk som er b\u00e5de r\u00f8rende og morsomme.<\/p>\n<p>Programleder er Morten Strand. Ved hans side st\u00e5r dommerne Marthe Kilen og Henrik Falkensten.<\/p>\n<p>Der ingen skulle tru at nokon kunne bu<\/p>\n<p><img decoding=\"async\"   src=\"data:image\/gif;base64,R0lGODlhAQABAIAAAAAAAP\/\/\/yH5BAEAAAAALAAAAAABAAEAAAIBRAA7\" loading=\"eager\" alt=\"en mann og kvinne st\u00e5r ute i sn\u00f8en og holder et juletre og en motorsag\" title=\"Foto: Torje Bjellaas \/ NRK\"\/><\/p>\n<p class=\"\">Ben Ward feirer sin f\u00f8rste jul p\u00e5 fjellg\u00e5rden Kroken. Mor Lolli Bourke har klare krav til hvordan juletreet skal se ut.<\/p>\n<p>Foto: Torje Bjellaas \/ NRK<\/p>\n<p>Den folkekj\u00e6re serien er en juletradisjon for mange. Det kommer \u00e5tte nye episoder \u2013 om mennesker som bor langt fra byen, men n\u00e6r dr\u00f8mmen om et enkelt liv, tett p\u00e5 naturen.<\/p>\n<p>Vi f\u00e5r blant annet m\u00f8te Ben Ward, engelskmannen som har flytta til ei fjellhylle i Sogn. Der lengter han etter kj\u00e6rlighet, og det f\u00e5r han oppleve, men p\u00e5 helt andre m\u00e5ter enn han hadde tenkt.<\/p>\n<p>Manndag, sesong 2<\/p>\n<p><img decoding=\"async\"   src=\"data:image\/gif;base64,R0lGODlhAQABAIAAAAAAAP\/\/\/yH5BAEAAAAALAAAAAABAAEAAAIBRAA7\" loading=\"eager\" alt=\"en person som holder en fisk i en elv\" title=\"Foto: Isak Jenssen \/ NRK\"\/><\/p>\n<p class=\"\">Fridtjof Stens\u00e6th Josefsen er tilbake med sesong 2 av \u00abManndag\u00bb<\/p>\n<p>Foto: Isak Jenssen \/ NRK<\/p>\n<p>Fridtjof Stens\u00e6th Josefsen er i romjula tilbake med nye episoder av kortformatserien \u00abManndag\u00bb, hvor vi m\u00f8ter karakterer som kjemper mot seg selv og omgivelsene i sm\u00e5 hverdagslige pr\u00f8velser.<\/p>\n<p>Tilbakeblikk til sesong 1 hvor det \u00e5 sparke en fotball bydde p\u00e5 utfordringer. <\/p>\n<p>Graven<\/p>\n<p><img decoding=\"async\"   src=\"data:image\/gif;base64,R0lGODlhAQABAIAAAAAAAP\/\/\/yH5BAEAAAAALAAAAAABAAEAAAIBRAA7\" loading=\"eager\" alt=\"En mann og en kvinne ser i kamera\" title=\"Foto: Thomas Howalt Andersen\/TV 2\"\/><\/p>\n<p class=\"\">\u00abGraven\u00bb, eller \u00abDanef\u00e6\u00bb som den heter p\u00e5 dansk, kommer p\u00e5 NRK.<\/p>\n<p>Foto: Thomas Howalt Andersen\/TV 2<\/p>\n<p>Det blir ogs\u00e5 gode dramaserier \u00e5 kose seg med, som danske \u00abGraven\u00bb. Her m\u00f8ter vi et arkeolog-ektepar som f\u00e5r ekteskapet endret etter en banebrytende oppdagelse. Kanskje endres ogs\u00e5 hele Danmarks historie.<\/p>\n<p>Jeg dro ned til bror<\/p>\n<p><img decoding=\"async\"   src=\"data:image\/gif;base64,R0lGODlhAQABAIAAAAAAAP\/\/\/yH5BAEAAAAALAAAAAABAAEAAAIBRAA7\" loading=\"eager\" alt=\"En mann og en kvinne som klemmer hverandre i sn\u00f8en\" title=\"Foto: Realisator\/SVT\"\/><\/p>\n<p class=\"\">Vi m\u00f8ter tvillingene Jana og Bror i dette samtidsdramaet.<\/p>\n<p>Foto: Realisator\/SVT<\/p>\n<p>Den svenske forfatteren Karin Smirnoffs hyllede debutroman er n\u00e5 blitt miniserie. Vi f\u00f8lger Jana Kippo, som reiser tilbake til den svenske hjembygda si for \u00e5 redde sin alkoholiserte tvillingbror. Her blir Jana konfrontert med kj\u00e6rlighet, skyld og m\u00f8rke familiehemmeligheter.<\/p>\n<p>Heajastallan \u2013 Bryllupsfesten<\/p>\n<p><img decoding=\"async\"   src=\"data:image\/gif;base64,R0lGODlhAQABAIAAAAAAAP\/\/\/yH5BAEAAAAALAAAAAABAAEAAAIBRAA7\" loading=\"eager\" alt=\"En kvinne og en mann i kofter kysser\" title=\"Foto: Heajastallan produksjon \/ NRK\"\/><\/p>\n<p class=\"\">N\u00e5r s\u00f8nnen skal gifte seg med datteren i en rik reindriftsfamilie ser moren Garen en mulighet til \u00e5 heve statusen sin. <\/p>\n<p>Foto: Heajastallan produksjon \/ NRK<\/p>\n<p>Det er duket for bryllupskaos n\u00e5r fire dysfunksjonelle s\u00f8sken skal arrangere det perfekte samiske bryllupet med 3000 gjester p\u00e5 rekordtid.<\/p>\n<p>Dette er en r\u00e5 og morsom serie satt til Kautokeino. Serien blir den nye samiske dramasatsingen til NRK.<\/p>\n<p>Hva er vel bedre enn \u00e5 starte ny\u00e5ret med en pause fra egen familie, og f\u00f8lge den tr\u00f8blete familien i \u00abHeajastallan \u2013 Bryllupsfesten\u00bb?<\/p>\n<p>Mesternes mester<\/p>\n<p><img decoding=\"async\"   src=\"data:image\/gif;base64,R0lGODlhAQABAIAAAAAAAP\/\/\/yH5BAEAAAAALAAAAAABAAEAAAIBRAA7\" loading=\"eager\" alt=\"Ti mennesker p\u00e5 rad som jubler og holder rundt hverandre, ikledd svart Mesternes mester-uniform, p\u00e5 en strand med hav i bakgrunnen.\" title=\"Foto: Tonje Jakobsen \/ Nordisk Banijay\/NRK\"\/><\/p>\n<p class=\"\">Deltakerne i Mesternes mester 2026. Fra venstre Ayla \u00c5gren (racing), Mushaga Bakenga (fotball), Isabelle Pedersen (friidrett), Jarl Magnus Riiber (kombinert), Edvald Boasson-Hagen (sykling), Emil Lybekk (d\u00f8dsing), Isabell Herlovsen (fotball), Marte Olsbu R\u00f8iseland (skiskyting), Kristin St\u00f8rmer Steira (langrenn) og Daniel Andr\u00e9 Tande (skihopp).<\/p>\n<p>Foto: Tonje Jakobsen \/ Nordisk Banijay\/NRK<\/p>\n<p>P\u00e5 \u00e5rets f\u00f8rste dag er det igjen klart for seerfavoritten \u00abMesternes mester\u00bb. N\u00e5 vender NRK tilbake til det opprinnelige konseptet, \u00e5 ta med deltakerne til sydlige str\u00f8k.<\/p>\n<p>Sesong 17 er innspilt i Costa Brava-omr\u00e5det nord i Spania, og her skal de tidligere toppidrettsut\u00f8verne gjennom b\u00e5de klassiske Mesternes-\u00f8velser og nye konkurranser. Programleder er Aksel Lund Svindal.<\/p>\n<ul>\n<li>1. januar i NRK TV \u2013 fortsetter fredager fra 2. januar<\/li>\n<li>Kommunikasjonsansvarlig: <a href=\"https:\/\/www.nrk.no\/presse\/mailto:helene.amlie@nrk.no\" ec-id=\"mailto:\/\/helene.amlie@nrk.no\" ec-name=\"Helene Amlie\" rel=\"nofollow noopener\" target=\"_blank\">Helene Amlie<\/a><\/li>\n<\/ul>\n<p>Tabu<\/p>\n<p><img decoding=\"async\"   src=\"data:image\/gif;base64,R0lGODlhAQABAIAAAAAAAP\/\/\/yH5BAEAAAAALAAAAAABAAEAAAIBRAA7\" loading=\"eager\" alt=\"Lars Berrum har p\u00e5 seg caps og genser. Han smiler mens han st\u00e5r p\u00e5 en gr\u00f8nn slette med en elv i bakgrunn. Sola skinner. \" title=\"Foto: NRK\"\/><\/p>\n<p class=\"\">Lars Berrum har laget humorshow etter \u00e5 ha v\u00e6rt p\u00e5 ferie med mennesker med ulike utfordringer. <\/p>\n<p>Foto: NRK<\/p>\n<p>I \u00abTabu\u00bb drar komiker Lars Berrum p\u00e5 ferie for \u00e5 bli bedre kjent med transpersoner, blinde, kortvokste, bevegelseshemmede, folk som har en d\u00f8delig sykdom og folk med Tourettes syndrom. I etterkant av ferien setter Berrum opp et humorshow hvor hans nye venner er \u00e6resgjester \u2013 og punchline.<\/p>\n<p>Gjennom seks episoder blir det n\u00e6re og varme m\u00f8ter med mennesker som har ulike utfordringer i livet. Det blir gode samtaler, t\u00e5rer, glede og mye latter.<\/p>\n<p>Sport<\/p>\n<p><img decoding=\"async\"   src=\"data:image\/gif;base64,R0lGODlhAQABAIAAAAAAAP\/\/\/yH5BAEAAAAALAAAAAABAAEAAAIBRAA7\" loading=\"eager\" alt=\"Torstein Bae, Ole Rolfsrud og Heidi R\u00f8neid st\u00e5r i sjakkstudio og spiler til kamera. De holder en stor sjakkbrikke i hendene. Ole kaster sin i lufta. \" title=\"Foto: Erik Johansen\"\/><\/p>\n<p class=\"\">Torstein Bae, Ole Rolfsrud og Heidi R\u00f8neid er tilbake i sjakkstudio under VM i lyn- og hurtigsjakk.<\/p>\n<p>Foto: Erik Johansen<\/p>\n<p>Sportsinteresserte har mye \u00e5 se frem til p\u00e5 NRKs plattformer den kommende m\u00e5neden.<\/p>\n<p>Vintersesongen er godt i gang og kampen om OL-plassene spisser seg til. Fra 29. november er det \u00d6stersund som er vertskap for <strong>verdenscupen i skiskyting<\/strong>. NRK skal sende alt fra de svenske skoger, i tillegg til alle rennene fra franske Annecy fra torsdag 18. desember.<\/p>\n<p>Det er ogs\u00e5 duket for en av sesongens kuleste <strong>verdenscuphelger i langrenn og kombinert<\/strong>. Ut\u00f8verne tar turen til VM-l\u00f8ypene i Trondheim og Gran\u00e5sen 5. til 7. desember.<\/p>\n<p>Fotballelskere har ogs\u00e5 mye \u00e5 glede seg til. Det norske folk er i ekstase etter at herrelandslaget i fotball kvalifiserte seg til neste \u00e5rs fotball-VM. <strong>Trekningen av VM-gruppene <\/strong>sendes direkte p\u00e5 NRK fredag 5. desember. Dagen etter er det duket for \u00e5rets <strong>cupfinale for herrer<\/strong> n\u00e5r Lillestr\u00f8m og Sarpsborg 08 m\u00f8tes p\u00e5 Ullevaal stadion. Onsdag 10. desember tar V\u00e5lerenga imot Paris FC til \u00e5rets siste kamp i<strong> Mesterligaen for kvinner.<\/strong><\/p>\n<p>I NRK Radio kan du f\u00f8lge hvert kast n\u00e5r Norge kjemper om gullet i <strong>h\u00e5ndball-VM<\/strong> for kvinner. Gjennom romjulen kan du ogs\u00e5 lytte til blant annet <strong>Tour de Ski<\/strong> og <strong>Hoppuka<\/strong>.<\/p>\n<p>Fra 26. desember blir det nok en gang <strong>VM i lyn- og hurtigsjakk<\/strong> p\u00e5 NRK. Ole Rolfsrud er som vanlig programleder, mens Torstein Bae og Heidi R\u00f8neid er faste eksperter i panelet.<\/p>\n<p>P\u00e5 \u00e5rets siste dag er Alex Ros\u00e9n, Christina Vukicevic, Harald Eia og Rikke Isaksen blant de \u00e5tte som skal kjempe om \u00e5 bli den neste mesteren i <strong>Kjendis-NM<\/strong> i sjakk.<\/p>\n<p>Podkaster<\/p>\n<p>Det blir flere gode podkaster \u00e5 ha p\u00e5 \u00f8ret mens jule\u00e6rendene skal gjennomf\u00f8res:<\/p>\n<p>I sesong to av lyddramaet <strong>\u00abN\u00f8dsamtaler\u00bb<\/strong> er det jul og Lea st\u00e5r overfor nye utfordringer i jobben sin p\u00e5 113-sentralen. Hun hjelper mennesker som st\u00e5r i situasjoner p\u00e5 liv og d\u00f8d, samtidig som ensomhet, sorg og savn blir ekstra utfordrende i juleh\u00f8ytiden.<\/p>\n<p><strong>\u00abHele historien: Skitbyen 2\u00bb<\/strong> er historien om en ufrivillig kjendis, en h\u00e5pl\u00f8st optimistisk mor og s\u00f8nnen som pr\u00f8ver \u00e5 forst\u00e5 familiens evige kaos.<\/p>\n<p>Ole Martin ville redde mora si. S\u00e5 ringer Fredrik Solvang, Harm &amp; Hegseth og en pensjonert strippekonge p\u00e5 d\u00f8ra.<\/p>\n<p><strong>\u00ab\u00d8yeblikket\u00bb <\/strong>kommer med fem nye episoder til jul. Historier om vanlige enkeltmennesker som f\u00e5r livet snudd p\u00e5 hodet, men finner en ny vei. Alle opplever \u00f8yeblikk i livet og noen er mer avgj\u00f8rende enn andre.<\/p>\n<p><strong>\u00abBrenner deler dikt\u00bb<\/strong> er endelig tilbake med seks nye episoder. For folket har talt: \u00abN\u00e5 m\u00e5 dere komme ut med nye dikt snart. Verden er for kaotisk og trist \u2013 stopper diktene, stopper tiden\u00bb, skriver en. Det blir gjester som Jon Almaas og Tuva Fellman.<\/p>\n<p>Publisert<\/p>\n<p>28.11.2025, kl. 13.00<\/p>\n","protected":false},"excerpt":{"rendered":"Det blir mye \u00e5 hygge seg med b\u00e5de p\u00e5 skjermen og i \u00f8rene i desember: Julekalendere, dramaserier, tradisjonsrike&hellip;\n","protected":false},"author":2,"featured_media":99097,"comment_status":"","ping_status":"","sticky":false,"template":"","format":"standard","meta":{"footnotes":""},"categories":[10],"tags":[20,21,24,25,15,22,23,13,30,28,29,14,16,26,27],"class_list":{"0":"post-99096","1":"post","2":"type-post","3":"status-publish","4":"format-standard","5":"has-post-thumbnail","7":"category-norge","8":"tag-breaking-news","9":"tag-breakingnews","10":"tag-featured-news","11":"tag-featurednews","12":"tag-headlines","13":"tag-latest-news","14":"tag-latestnews","15":"tag-news","16":"tag-no","17":"tag-norge","18":"tag-norway","19":"tag-nyheter","20":"tag-overskrifter","21":"tag-top-stories","22":"tag-topstories"},"share_on_mastodon":{"url":"https:\/\/pubeurope.com\/@no\/115627406316410270","error":""},"_links":{"self":[{"href":"https:\/\/www.europesays.com\/no\/wp-json\/wp\/v2\/posts\/99096","targetHints":{"allow":["GET"]}}],"collection":[{"href":"https:\/\/www.europesays.com\/no\/wp-json\/wp\/v2\/posts"}],"about":[{"href":"https:\/\/www.europesays.com\/no\/wp-json\/wp\/v2\/types\/post"}],"author":[{"embeddable":true,"href":"https:\/\/www.europesays.com\/no\/wp-json\/wp\/v2\/users\/2"}],"replies":[{"embeddable":true,"href":"https:\/\/www.europesays.com\/no\/wp-json\/wp\/v2\/comments?post=99096"}],"version-history":[{"count":0,"href":"https:\/\/www.europesays.com\/no\/wp-json\/wp\/v2\/posts\/99096\/revisions"}],"wp:featuredmedia":[{"embeddable":true,"href":"https:\/\/www.europesays.com\/no\/wp-json\/wp\/v2\/media\/99097"}],"wp:attachment":[{"href":"https:\/\/www.europesays.com\/no\/wp-json\/wp\/v2\/media?parent=99096"}],"wp:term":[{"taxonomy":"category","embeddable":true,"href":"https:\/\/www.europesays.com\/no\/wp-json\/wp\/v2\/categories?post=99096"},{"taxonomy":"post_tag","embeddable":true,"href":"https:\/\/www.europesays.com\/no\/wp-json\/wp\/v2\/tags?post=99096"}],"curies":[{"name":"wp","href":"https:\/\/api.w.org\/{rel}","templated":true}]}}