{"id":99104,"date":"2025-11-28T13:01:15","date_gmt":"2025-11-28T13:01:15","guid":{"rendered":"https:\/\/www.europesays.com\/no\/99104\/"},"modified":"2025-11-28T13:01:15","modified_gmt":"2025-11-28T13:01:15","slug":"ubisoft-har-gatt-ut-med-assassins-creed-shadows-port-til-nintendo-switch-2","status":"publish","type":"post","link":"https:\/\/www.europesays.com\/no\/99104\/","title":{"rendered":"Ubisoft har g\u00e5tt ut med Assassin&#8217;s Creed Shadows port til Nintendo Switch 2"},"content":{"rendered":"<p>Vi har visst en stund at Assassin&#8217;s Creed Shadows <a href=\"https:\/\/www.gamereactor.no\/assassins-creed-shadows-lanseres-pa-switch-2-i-desember-1897063\/\" title=\"Assassin&#039;s Creed Shadows lanseres p\u00e5 Switch 2 i desember\" rel=\"nofollow noopener\" target=\"_blank\">skulle komme til Nintendo Switch 2<\/a> f\u00f8r jul. N\u00e5 vet vi at det kommer 2. desember (neste tirsdag), og det kommer med en versjon som, med ordene til prosjektets hovedprogrammerer hos Ubisoft, Bruno, har v\u00e6rt &laquo;en av de vanskeligste, men mest givende utfordringene jeg noensinne har st\u00e5tt overfor.&raquo;<\/p>\n<p>N\u00e5 har utvikleren delt flere detaljer om denne versjonen i en omfattende <a href=\"https:\/\/www.ubisoft.com\/it-it\/game\/assassins-creed\/news\/3eHpj3aktX4nWY150OEHJL\" target=\"_blank\" rel=\"nofollow noopener\">artikkel<\/a> p\u00e5 den offisielle nettsiden, og vi f\u00e5r blant annet bekreftet at AC Shadows on Switch 2 vil inneholde DLSS, HDR i Dock-versjonen og VRR forbedret for h\u00e5ndholdt modus. N\u00e5r det gjelder detaljene, vil det v\u00e6re meny- og kartnavigasjon som utnytter Switch 2-skjermens ber\u00f8ringsfunksjonalitet. Det vil ogs\u00e5 v\u00e6re en god m\u00e5te \u00e5 bevege seg rundt og administrere oppgraderinger og dekorasjoner i skjulestedet.<\/p>\n<p>Til slutt har det blitt bekreftet at lanseringsversjonen vil inkludere alt innhold som er utgitt til dags dato for spillet, <a href=\"https:\/\/www.gamereactor.no\/assassins-creed-shadows-vil-ikke-fa-en-ny-stor-utvidelse-i-det-minste-i-lopet-av-det-andre-aret-med-innhold-1925843\/\" title=\"Assassin&#039;s Creed Shadows skal ikke ha stor utvidelse i 2026\" rel=\"nofollow noopener\" target=\"_blank\">bortsett fra Claws of Awaji-utvidelsen<\/a>, som kommer (takk, <a href=\"https:\/\/nintendoeverything.com\/ubisoft-on-challenges-of-porting-assassins-creed-shadows-to-nintendo-switch-2-dlss-and-vrr-confirmed\/\" target=\"_blank\" rel=\"nofollow noopener\">Nintendoeverything<\/a>) i februar 2026.<\/p>\n<p>Tatt i betraktning den gode jobben Ubisoft gj\u00f8r med sine Nintendo Switch 2-porter, som Star Wars Outlaws, kommer du til \u00e5 gi Assassin&#8217;s Creed Shadows en sjanse p\u00e5 Nintendo Switch 2?<\/p>\n<p><img loading=\"lazy\" decoding=\"async\" id=\"img-1926423-4664953\" data-fullsize=\"\/media\/49\/_4664953b.jpg\" data-lazy=\"\" src=\"https:\/\/www.gamereactor.nohttps:\/\/www.gamereactor.no\/media\/49\/_4664953_650x.jpg\" width=\"650\" onclick=\"if (!window.__cfRLUnblockHandlers) return false; gallery_openmodal('1926423','4664953',false,'8b43e1b8dd88fb9f6c99eb66f448a04c');\" height=\"369\" alt=\"Assassin's Creed Shadows\" class=\"rwd_col_content lazy\" data-cf-modified-76a9712abd5e7f036bb67f9f-=\"\"\/><\/p>\n","protected":false},"excerpt":{"rendered":"Vi har visst en stund at Assassin&#8217;s Creed Shadows skulle komme til Nintendo Switch 2 f\u00f8r jul. N\u00e5&hellip;\n","protected":false},"author":2,"featured_media":99105,"comment_status":"","ping_status":"","sticky":false,"template":"","format":"standard","meta":{"footnotes":""},"categories":[57],"tags":[30,28,29,65,63,64,66,70,69,67,68],"class_list":{"0":"post-99104","1":"post","2":"type-post","3":"status-publish","4":"format-standard","5":"has-post-thumbnail","7":"category-vitenskap-og-teknologi","8":"tag-no","9":"tag-norge","10":"tag-norway","11":"tag-science","12":"tag-science-and-technology","13":"tag-scienceandtechnology","14":"tag-technology","15":"tag-teknologi","16":"tag-vitenskap","17":"tag-vitenskap-og-teknologi","18":"tag-vitenskapteknologi"},"share_on_mastodon":{"url":"https:\/\/pubeurope.com\/@no\/115627457654765230","error":""},"_links":{"self":[{"href":"https:\/\/www.europesays.com\/no\/wp-json\/wp\/v2\/posts\/99104","targetHints":{"allow":["GET"]}}],"collection":[{"href":"https:\/\/www.europesays.com\/no\/wp-json\/wp\/v2\/posts"}],"about":[{"href":"https:\/\/www.europesays.com\/no\/wp-json\/wp\/v2\/types\/post"}],"author":[{"embeddable":true,"href":"https:\/\/www.europesays.com\/no\/wp-json\/wp\/v2\/users\/2"}],"replies":[{"embeddable":true,"href":"https:\/\/www.europesays.com\/no\/wp-json\/wp\/v2\/comments?post=99104"}],"version-history":[{"count":0,"href":"https:\/\/www.europesays.com\/no\/wp-json\/wp\/v2\/posts\/99104\/revisions"}],"wp:featuredmedia":[{"embeddable":true,"href":"https:\/\/www.europesays.com\/no\/wp-json\/wp\/v2\/media\/99105"}],"wp:attachment":[{"href":"https:\/\/www.europesays.com\/no\/wp-json\/wp\/v2\/media?parent=99104"}],"wp:term":[{"taxonomy":"category","embeddable":true,"href":"https:\/\/www.europesays.com\/no\/wp-json\/wp\/v2\/categories?post=99104"},{"taxonomy":"post_tag","embeddable":true,"href":"https:\/\/www.europesays.com\/no\/wp-json\/wp\/v2\/tags?post=99104"}],"curies":[{"name":"wp","href":"https:\/\/api.w.org\/{rel}","templated":true}]}}