{"id":99108,"date":"2025-11-28T13:04:10","date_gmt":"2025-11-28T13:04:10","guid":{"rendered":"https:\/\/www.europesays.com\/no\/99108\/"},"modified":"2025-11-28T13:04:10","modified_gmt":"2025-11-28T13:04:10","slug":"greta-thunberg-cop30-mislykket-cop30-prisen-for-klimapolitikken-er-hoy","status":"publish","type":"post","link":"https:\/\/www.europesays.com\/no\/99108\/","title":{"rendered":"Greta Thunberg, COP30 | Mislykket COP30: Prisen for klimapolitikken er h\u00f8y"},"content":{"rendered":"\n<p>Det er ren selvskading \u00e5 ville stanse ny oljeleting og fase ut norsk olje- og gassproduksjon. B\u00e5de SV og MDG har dette som m\u00e5l, og begge partiene fors\u00f8ker \u00e5 presse Arbeiderpartiet til \u00e5 komme dem i m\u00f8te i forhandlingsinnspurten om nytt statsbudsjett for 2026.<\/p>\n<p>Begrunnelsen er \u00f8nsket om dramatisk reduksjon i norske CO\u2082 utslipp. Men norsk olje- og gassn\u00e6ring st\u00e5r for om lag 30 prosent av statens inntekter i 2025, og norske utslipp av CO\u2082 utgj\u00f8r en promille av verdens utslipp.<\/p>\n<p>Er det virkelig viktigere \u00e5 v\u00e6re \u00abgr\u00f8nt foregangsland\u00bb enn \u00e5 v\u00e6re fornuftig?<\/p>\n<p>            Hans Geelmuyden<\/p>\n<p>Hans Geelmuyden er norsk samfunnsdebattant, journalist, skribent, kommentator og tidligere sjefredakt\u00f8r i Morgenbladet. Han er sivil\u00f8konom fra NHH, og har bygget, ledet, eid og solgt Geelmuyden Kiese Gruppen. 16. januar 2025 startet han et enmanns r\u00e5dgivningsselskap som heter St. Hans.<\/p>\n<p>  Molbopolitikk<\/p>\n<p>If\u00f8lge IEA er mer enn 80 prosent av verdens energiforbruk fossilt i 2025, og 60 prosent i 2050. Det betyr at oljen som ikke produseres i Norge, vil bli solgt fra andre land, og CO\u2082 som kuttes i Norge slippes ut annetsteds.<\/p>\n<p>Samtidig er Sosialistisk Venstreparti og MDG blant partiene som er k\u00e5test p\u00e5 \u00e5 bruke olje- og gasskronene.<\/p>\n<p>De kaller det \u00abrettferdig omstilling b\u00e5de nasjonalt og globalt\u00bb. Jeg kaller det molbopolitikk.<\/p>\n<p>\u00abHow dare you?\u00bb<\/p>\n<p>Noen av oss trodde Greta Thunberg-epoken var over, men i Norge har vi f\u00e5tt Bergst\u00f8 og Liland i stedet. Marinert i Palestina-skjerf regjerer de sinnelagsetikkens tempel.<\/p>\n<p>N\u00e5r jeg lytter til dem f\u00e5r jeg lyst til \u00e5 parafrasere Thunbergs kjente tale under FNs klimatoppm\u00f8te i New York den 23. september 2019: \u00abHow dare you?\u00bb<\/p>\n<p><b>Les ogs\u00e5: <a href=\"https:\/\/www.nettavisen.no\/nyheter\/enighet-om-felles-slutterklaring-pa-klimatoppmotet-i-brasil\/s\/5-95-2742450\" rel=\"Follow nofollow noopener\" target=\"_blank\">Ingen plan for utfasing av fossil energi p\u00e5 klimatoppm\u00f8tet<\/a><\/b><\/p>\n<p>Sager over grenen vi sitter p\u00e5<\/p>\n<p>Bergst\u00f8 og Liland, hvordan t\u00f8r dere \u00e5 sage over den grenen 5,6 millioner nordmenn sitter p\u00e5?<\/p>\n<p>Og ikke svar med at Norge er forpliktet til \u00e5 n\u00e5 CO\u2082 m\u00e5lene v\u00e5re. Norske politikere er f\u00f8rst og fremst forpliktet til \u00e5 sikre nordmenn og norske interesser.<\/p>\n<p>Er CO\u2082 en klimagass?<\/p>\n<p>Og en ting til: Er dere sikre p\u00e5 at utslipp av CO\u2082 er den viktigste grunnen til global oppvarming?<\/p>\n<p>Det er nemlig mange forskere som ikke er sikre p\u00e5 det.<\/p>\n<p><b>Les ogs\u00e5: <a href=\"https:\/\/www.nettavisen.no\/norsk-debatt\/skrot-klimatoppmotet-et-avskyelig-sirkus\/o\/5-95-2724950\" rel=\"Follow nofollow noopener\" target=\"_blank\">Legg ned FNs klimatoppm\u00f8te<\/a><\/b><\/p>\n<p>Skremsler, ikke forskning<\/p>\n<p>IPCC-forskerne legger som forutsetning at klimateoremet til Svante Arhenus og Anders \u00c5ngstr\u00f8m fra 1896 er verifisert, men det er det ikke. Det er med andre ord ikke bekreftet i laboratorium at CO\u2082 faktisk er en klimagass.<\/p>\n<p>IPCC-forskerne har laget hundrevis av matematiske klimamodeller, men aldri testet hva som faktisk skjer n\u00e5r CO\u2082-molekyler bombarderes med infrar\u00f8d str\u00e5ling.<\/p>\n<p>9 studier viser noe annet<\/p>\n<p>Jeg skrev om problemstillingen i <a href=\"https:\/\/www.nettavisen.no\/norsk-debatt\/vedums-vei-ut-av-regjeringen-parisavtalen-er-verre-enn-energipakken\/o\/5-95-2251889\" rel=\"Follow nofollow noopener\" target=\"_blank\">Nettavisen <\/a>24. januar i \u00e5r. Heldigvis finnes andre forskere som har tatt seg bryet.<\/p>\n<p><b>Les mer her:<a href=\"https:\/\/www.nettavisen.no\/norsk-debatt\/vedums-vei-ut-av-regjeringen-parisavtalen-er-verre-enn-energipakken\/o\/5-95-2251889\" rel=\"Follow nofollow noopener\" target=\"_blank\"> Parisavtalen er Vedums vei ut av regjering<\/a><\/b><\/p>\n<p>N\u00e5 foreligger det minst ni slike eksperimentelle studier der forskerne sp\u00f8r om \u00f8kt CO\u2082 i luft ogs\u00e5 gir \u00f8kt romtemperatur. Svaret er samstemt:<\/p>\n<ul>\n<li>CO\u2082 ved dagens konsentrasjon (0,042 prosent) gir ingen m\u00e5lbar temperatur\u00f8kning.<\/li>\n<li>Flere tester viser faktisk kj\u00f8lende effekt ved \u00f8kt CO\u2082.<\/li>\n<li>Vanndamp st\u00e5r for 93\u201397 prosent av den naturlige drivhuseffekten.<\/li>\n<li>\u00d8kt CO\u2082 over \u00absaturasjonsmasse\u00bb f\u00f8rer ikke til mer IR-absorpsjon.<\/li>\n<\/ul>\n<p>Sjekk sj\u00e6l<\/p>\n<p>Mitt forslag til Bergst\u00f8 og Liland er \u00e5 sende klimateoremet tilbake til Uppsala Universitet for endelig verifisering i laboratorium. Tiden er inne til \u00e5 avslutte arbeidet til Arhenus og \u00c5ngstr\u00f8m fra 1896 med moderne optikk som ikke absorberer infrar\u00f8d str\u00e5ling.<\/p>\n<p>N\u00e5r dere foresl\u00e5r \u00e5 avvikle Norges viktigste n\u00e6ring er det minste det norske folk kan forvente at dere gj\u00f8r det p\u00e5 korrekt faktagrunnlag.<\/p>\n<p>Mislykket COP30<\/p>\n<p>Vi har nettopp lagt bak oss et ganske mislykket COP30 i Bel\u00e9m i Brasil. De 70.000 deltakerne ble ikke enige om noe som helst av betydning, for hvem skulle finansiere fantasiene n\u00e5r USA ikke var til stede?<\/p>\n<p><b>Til og med statsminister Jonas Gahr St\u00f8re, som har gjort det til profesjon \u00e5 reise rundt i verden og dele ut det norske folks finansformue, kom til kort.<\/b><\/p>\n<p>35 milliarder kroner er et piss i havet for \u00e5 finansiere det noen fortsatt kaller \u00abdet gr\u00f8nne skiftet\u00bb.<\/p>\n<p><b>Les ogs\u00e5: <a href=\"https:\/\/www.nettavisen.no\/nyheter\/regjeringen-betalte-2-mill-for-overnatting-pa-klimatoppmote\/s\/5-95-2728299\" rel=\"Follow nofollow noopener\" target=\"_blank\">Regjeringen betalte 2 millioner for overnatting p\u00e5 klimatoppm\u00f8tet<\/a><\/b><\/p>\n<p>Selv Carl Gustaf forst\u00e5r<\/p>\n<p>Og mens ordskvalderet fortsetter, skjelver de vestlige demokratiene. Statskassene t\u00f8mmes og statsgjelden eksploderer. Samtidig flytter verdiskapningen til Kina og India. Til og med Kong Carl XVI Gustaf forst\u00e5r dette.<\/p>\n<p>Under COP30 ble han intervjuet, og spurte retorisk: \u00abHur mycket ska vi betale egentlig?\u00bb Prisen for klimapolitikken er h\u00f8y.<\/p>\n<p>Vi m\u00e5 ha en klimapolitikk som virker. Dagens klimapolitikk gj\u00f8r verden farligere. Derfor er Bergst\u00f8 og Liland farligere enn CO\u2082.<\/p>\n","protected":false},"excerpt":{"rendered":"Det er ren selvskading \u00e5 ville stanse ny oljeleting og fase ut norsk olje- og gassproduksjon. B\u00e5de SV&hellip;\n","protected":false},"author":2,"featured_media":99109,"comment_status":"","ping_status":"","sticky":false,"template":"","format":"standard","meta":{"footnotes":""},"categories":[10],"tags":[20,21,24,25,15,22,23,13,30,28,29,14,16,26,27],"class_list":{"0":"post-99108","1":"post","2":"type-post","3":"status-publish","4":"format-standard","5":"has-post-thumbnail","7":"category-norge","8":"tag-breaking-news","9":"tag-breakingnews","10":"tag-featured-news","11":"tag-featurednews","12":"tag-headlines","13":"tag-latest-news","14":"tag-latestnews","15":"tag-news","16":"tag-no","17":"tag-norge","18":"tag-norway","19":"tag-nyheter","20":"tag-overskrifter","21":"tag-top-stories","22":"tag-topstories"},"share_on_mastodon":{"url":"https:\/\/pubeurope.com\/@no\/115627469356704351","error":""},"_links":{"self":[{"href":"https:\/\/www.europesays.com\/no\/wp-json\/wp\/v2\/posts\/99108","targetHints":{"allow":["GET"]}}],"collection":[{"href":"https:\/\/www.europesays.com\/no\/wp-json\/wp\/v2\/posts"}],"about":[{"href":"https:\/\/www.europesays.com\/no\/wp-json\/wp\/v2\/types\/post"}],"author":[{"embeddable":true,"href":"https:\/\/www.europesays.com\/no\/wp-json\/wp\/v2\/users\/2"}],"replies":[{"embeddable":true,"href":"https:\/\/www.europesays.com\/no\/wp-json\/wp\/v2\/comments?post=99108"}],"version-history":[{"count":0,"href":"https:\/\/www.europesays.com\/no\/wp-json\/wp\/v2\/posts\/99108\/revisions"}],"wp:featuredmedia":[{"embeddable":true,"href":"https:\/\/www.europesays.com\/no\/wp-json\/wp\/v2\/media\/99109"}],"wp:attachment":[{"href":"https:\/\/www.europesays.com\/no\/wp-json\/wp\/v2\/media?parent=99108"}],"wp:term":[{"taxonomy":"category","embeddable":true,"href":"https:\/\/www.europesays.com\/no\/wp-json\/wp\/v2\/categories?post=99108"},{"taxonomy":"post_tag","embeddable":true,"href":"https:\/\/www.europesays.com\/no\/wp-json\/wp\/v2\/tags?post=99108"}],"curies":[{"name":"wp","href":"https:\/\/api.w.org\/{rel}","templated":true}]}}