{"id":99114,"date":"2025-11-28T13:08:09","date_gmt":"2025-11-28T13:08:09","guid":{"rendered":"https:\/\/www.europesays.com\/no\/99114\/"},"modified":"2025-11-28T13:08:09","modified_gmt":"2025-11-28T13:08:09","slug":"halo-medskaper-forteller-om-hvordan-apache-helikoptre-og-m1-abrams-stridsvogner-inspirerte-master-chief-sitt-design-halo-campaign-evolved","status":"publish","type":"post","link":"https:\/\/www.europesays.com\/no\/99114\/","title":{"rendered":"Halo-medskaper forteller om hvordan Apache-helikoptre og M1 Abrams-stridsvogner inspirerte Master Chief sitt design &#8211; Halo: Campaign Evolved"},"content":{"rendered":"<p>I dag er Master Chief en av de mest ikoniske figurene i hele spillverdenen, og hovedpersonen i Halo -serien har etset seg inn i bevisstheten til utallige fans. Du trenger bare \u00e5 se den olivengr\u00f8nne rustningsfargen, det karakteristiske gullfargede visiret eller formen p\u00e5 hjelmen, s\u00e5 vet du hvem denne figuren er. Men hvordan gikk medskaperen av Halo, Marcus Lehto, frem for \u00e5 skape et slikt ikon?<\/p>\n<p>I en samtale med sitt tidligere universitet, som en del av <a href=\"https:\/\/www.kent.edu\/magazine\/issue\/2025\/11\/entering-mind-master-chief\" target=\"_blank\" rel=\"nofollow noopener\">Kent State Magazine<\/a>, fortalte Lehto om inspirasjonen bak Master Chief, og hvordan figuren gikk gjennom flere ulike design-iterasjoner f\u00f8r han landet p\u00e5 den vi alle kjenner og elsker.<\/p>\n<p>&laquo;Jeg gikk gjennom s\u00e5 mange runder med Master Chief for \u00e5 finne det rette utseendet, den rette f\u00f8lelsen, den rette staturen for en slik karakter. Vi pr\u00f8vde mange ting.&raquo;<\/p>\n<p>Lehto bemerket at noen av hans viktigste inspirasjonspunkter kom fra Apache-helikoptre, M1 Abrams-stridsvogner og til og med BMX-hjelmer, og hvordan noen av hans tidlige design var for slanke og stilige, noe som f\u00f8rte til at han m\u00e5tte redesigne karakteren ni ganger.<\/p>\n<p>&laquo;Det tok en evighet, men jeg hadde ikke tenkt \u00e5 gi meg, for jeg hadde l\u00e6rt gjennom programmet her at man ikke gir seg n\u00e5r man bare er i gang med den f\u00f8rste iterasjonen.&raquo;<\/p>\n<p>Ser du disse inspirasjonskildene n\u00e5r du ser p\u00e5 Master Chief?<\/p>\n<p><img loading=\"lazy\" decoding=\"async\" id=\"img-1925883-218646\" data-fullsize=\"\/media\/86\/masterchiefkommer_218646b.jpg\" data-lazy=\"\" src=\"https:\/\/www.gamereactor.nohttps:\/\/www.gamereactor.no\/media\/86\/masterchiefkommer_218646_650x.jpg\" width=\"650\" onclick=\"if (!window.__cfRLUnblockHandlers) return false; gallery_openmodal('1925883','218646',false,'19ef2d0185406f3c6cc1f9311cab9ca9');\" height=\"365\" alt=\"Halo: Campaign Evolved\" class=\"rwd_col_content lazy\" data-cf-modified-413a6bf4a59a7149e3ce5978-=\"\"\/><\/p>\n","protected":false},"excerpt":{"rendered":"I dag er Master Chief en av de mest ikoniske figurene i hele spillverdenen, og hovedpersonen i Halo&hellip;\n","protected":false},"author":2,"featured_media":99115,"comment_status":"","ping_status":"","sticky":false,"template":"","format":"standard","meta":{"footnotes":""},"categories":[57],"tags":[30,28,29,65,63,64,66,70,69,67,68],"class_list":{"0":"post-99114","1":"post","2":"type-post","3":"status-publish","4":"format-standard","5":"has-post-thumbnail","7":"category-vitenskap-og-teknologi","8":"tag-no","9":"tag-norge","10":"tag-norway","11":"tag-science","12":"tag-science-and-technology","13":"tag-scienceandtechnology","14":"tag-technology","15":"tag-teknologi","16":"tag-vitenskap","17":"tag-vitenskap-og-teknologi","18":"tag-vitenskapteknologi"},"share_on_mastodon":{"url":"https:\/\/pubeurope.com\/@no\/115627485349505181","error":""},"_links":{"self":[{"href":"https:\/\/www.europesays.com\/no\/wp-json\/wp\/v2\/posts\/99114","targetHints":{"allow":["GET"]}}],"collection":[{"href":"https:\/\/www.europesays.com\/no\/wp-json\/wp\/v2\/posts"}],"about":[{"href":"https:\/\/www.europesays.com\/no\/wp-json\/wp\/v2\/types\/post"}],"author":[{"embeddable":true,"href":"https:\/\/www.europesays.com\/no\/wp-json\/wp\/v2\/users\/2"}],"replies":[{"embeddable":true,"href":"https:\/\/www.europesays.com\/no\/wp-json\/wp\/v2\/comments?post=99114"}],"version-history":[{"count":0,"href":"https:\/\/www.europesays.com\/no\/wp-json\/wp\/v2\/posts\/99114\/revisions"}],"wp:featuredmedia":[{"embeddable":true,"href":"https:\/\/www.europesays.com\/no\/wp-json\/wp\/v2\/media\/99115"}],"wp:attachment":[{"href":"https:\/\/www.europesays.com\/no\/wp-json\/wp\/v2\/media?parent=99114"}],"wp:term":[{"taxonomy":"category","embeddable":true,"href":"https:\/\/www.europesays.com\/no\/wp-json\/wp\/v2\/categories?post=99114"},{"taxonomy":"post_tag","embeddable":true,"href":"https:\/\/www.europesays.com\/no\/wp-json\/wp\/v2\/tags?post=99114"}],"curies":[{"name":"wp","href":"https:\/\/api.w.org\/{rel}","templated":true}]}}