{"id":99118,"date":"2025-11-28T13:11:09","date_gmt":"2025-11-28T13:11:09","guid":{"rendered":"https:\/\/www.europesays.com\/no\/99118\/"},"modified":"2025-11-28T13:11:09","modified_gmt":"2025-11-28T13:11:09","slug":"mosjoen-vaer-ma-utsette-julegrantenninga-er-ventet-kraftig-vind-og-nedbor","status":"publish","type":"post","link":"https:\/\/www.europesays.com\/no\/99118\/","title":{"rendered":"Mosj\u00f8en, V\u00e6r | M\u00e5 utsette julegrantenninga: \u2013 Er ventet kraftig vind og nedb\u00f8r"},"content":{"rendered":"\n<p>Den tradisjonelle julegrantenningen p\u00e5 Mosj\u00f8en Torg som skulle g\u00e5tt av stabelen i morgen l\u00f8rdag, blir utsatt, opplyser Hege Karina Thoresen som er daglig leder i Mosj\u00f8en N\u00e6ringsforening. Det er n\u00e6ringsforeninga som st\u00e5r som arrang\u00f8r av julegrantenninga.<\/p>\n<p>If\u00f8lge v\u00e6rmeldingen er det ventet kraftig vind og nedb\u00f8r, og Mosj\u00f8en N\u00e6ringsforening har derfor valgt \u00e5 flytte markeringen av sikkerhetshensyn.<\/p>\n<p>Ny dato for julegrantenningen er mandag 1. desember kl. 17.00.<\/p>\n<p>\u2013 Vi h\u00e5per at flest mulig fortsatt har anledning til \u00e5 delta, og \u00f8nsker alle velkommen til en stemningsfull markering n\u00e5r v\u00e6ret er tryggere og forholdene bedre, skriver Thoresen i en e-post til avisa.<\/p>\n<p>V\u00e6rvarselet for Mosj\u00f8en l\u00f8rdag er ikke oppl\u00f8ftende. Mandag ser det mye bedre ut.<\/p>\n","protected":false},"excerpt":{"rendered":"Den tradisjonelle julegrantenningen p\u00e5 Mosj\u00f8en Torg som skulle g\u00e5tt av stabelen i morgen l\u00f8rdag, blir utsatt, opplyser Hege&hellip;\n","protected":false},"author":2,"featured_media":99119,"comment_status":"","ping_status":"","sticky":false,"template":"","format":"standard","meta":{"footnotes":""},"categories":[10],"tags":[36,20,21,24,25,15,10687,22,23,1068,13,30,28,29,14,16,1510,26,27,553],"class_list":{"0":"post-99118","1":"post","2":"type-post","3":"status-publish","4":"format-standard","5":"has-post-thumbnail","7":"category-norge","8":"tag-art","9":"tag-breaking-news","10":"tag-breakingnews","11":"tag-featured-news","12":"tag-featurednews","13":"tag-headlines","14":"tag-julegrantenning","15":"tag-latest-news","16":"tag-latestnews","17":"tag-mosjoen","18":"tag-news","19":"tag-no","20":"tag-norge","21":"tag-norway","22":"tag-nyheter","23":"tag-overskrifter","24":"tag-story","25":"tag-top-stories","26":"tag-topstories","27":"tag-vaer"},"share_on_mastodon":{"url":"https:\/\/pubeurope.com\/@no\/115627496877669066","error":""},"_links":{"self":[{"href":"https:\/\/www.europesays.com\/no\/wp-json\/wp\/v2\/posts\/99118","targetHints":{"allow":["GET"]}}],"collection":[{"href":"https:\/\/www.europesays.com\/no\/wp-json\/wp\/v2\/posts"}],"about":[{"href":"https:\/\/www.europesays.com\/no\/wp-json\/wp\/v2\/types\/post"}],"author":[{"embeddable":true,"href":"https:\/\/www.europesays.com\/no\/wp-json\/wp\/v2\/users\/2"}],"replies":[{"embeddable":true,"href":"https:\/\/www.europesays.com\/no\/wp-json\/wp\/v2\/comments?post=99118"}],"version-history":[{"count":0,"href":"https:\/\/www.europesays.com\/no\/wp-json\/wp\/v2\/posts\/99118\/revisions"}],"wp:featuredmedia":[{"embeddable":true,"href":"https:\/\/www.europesays.com\/no\/wp-json\/wp\/v2\/media\/99119"}],"wp:attachment":[{"href":"https:\/\/www.europesays.com\/no\/wp-json\/wp\/v2\/media?parent=99118"}],"wp:term":[{"taxonomy":"category","embeddable":true,"href":"https:\/\/www.europesays.com\/no\/wp-json\/wp\/v2\/categories?post=99118"},{"taxonomy":"post_tag","embeddable":true,"href":"https:\/\/www.europesays.com\/no\/wp-json\/wp\/v2\/tags?post=99118"}],"curies":[{"name":"wp","href":"https:\/\/api.w.org\/{rel}","templated":true}]}}