{"id":99135,"date":"2025-11-28T13:38:07","date_gmt":"2025-11-28T13:38:07","guid":{"rendered":"https:\/\/www.europesays.com\/no\/99135\/"},"modified":"2025-11-28T13:38:07","modified_gmt":"2025-11-28T13:38:07","slug":"tog-gjovikbanen-kastet-av-toget-skal-vaere-ras","status":"publish","type":"post","link":"https:\/\/www.europesays.com\/no\/99135\/","title":{"rendered":"Tog, Gj\u00f8vikbanen | Kastet av toget: \u2013 Skal v\u00e6re ras"},"content":{"rendered":"\n<p>(<a href=\"https:\/\/www.varingen.no\/kastet-av-toget-skal-vare-ras\/s\/5-92-670955\" rel=\"Follow nofollow noopener\" target=\"_blank\">Varingen<\/a>): \u2013 Vi har f\u00e5tt beskjed om \u00e5 g\u00e5 av toget da det skal ha g\u00e5tt et ras. Vi m\u00e5 g\u00e5 av p\u00e5 Grefsen, sier kulturskolerektor Anne Mette Johannessen i Nittedal til avisen f\u00f8r hun m\u00e5 legge p\u00e5.<\/p>\n<p>Vy melder p\u00e5 sine sider for trafikkinformasjon at Gj\u00f8vikbanen mellom Kjels\u00e5s og Nittedal er stengt grunnet rasfare.<\/p>\n<p><b>\u2013 Kjels\u00e5s\u2013Nittedal er stengt for togtrafikk. Du m\u00e5 regne med forsinkelser, og at noen tog kan bli innstilt. Dette skyldes rasfare, opplyser de<\/b>.<\/p>\n<p>Meldingen ble lagt ut klokken 12:53.<\/p>\n<p>\u2013 Meldingen vi har f\u00e5tt fra bane Nor er at linjen er stengt p\u00e5 grunn av fare for ras, sier kommunikasjonssjef \u00c5ge-Christoffer Lundeby i Vy.<\/p>\n<p>Han kan i skrivende stund ikke si noe om antall tog eller antall personer som er ber\u00f8rt.<\/p>\n<p><b>\u2013 Vi er en liten stund f\u00f8r rushet, s\u00e5 den st\u00f8rste trafikken har ikke startet. Men vi kommer fort dit. N\u00e5 jobber vi med \u00e5 stette inn busser p\u00e5 strekningen Oslo til Kjels\u00e5s, forteller han.<\/b><\/p>\n<p>Fra Kjels\u00e5s og mot Gj\u00f8vik blir det if\u00f8lge kommunikasjonssjefen tog som g\u00e5r.<\/p>\n<p>\u2013 Men hvor mange tog vi f\u00e5r snudd eller brukt fra Kjels\u00e5s er det for tidlig \u00e5 svare p\u00e5, sier han og viser til bane Nor for statusoppdatering p\u00e5 selve linja.<\/p>\n","protected":false},"excerpt":{"rendered":"(Varingen): \u2013 Vi har f\u00e5tt beskjed om \u00e5 g\u00e5 av toget da det skal ha g\u00e5tt et ras.&hellip;\n","protected":false},"author":2,"featured_media":99136,"comment_status":"","ping_status":"","sticky":false,"template":"","format":"standard","meta":{"footnotes":""},"categories":[10],"tags":[20,21,24,25,15,22,23,13,30,28,29,14,16,26,27],"class_list":{"0":"post-99135","1":"post","2":"type-post","3":"status-publish","4":"format-standard","5":"has-post-thumbnail","7":"category-norge","8":"tag-breaking-news","9":"tag-breakingnews","10":"tag-featured-news","11":"tag-featurednews","12":"tag-headlines","13":"tag-latest-news","14":"tag-latestnews","15":"tag-news","16":"tag-no","17":"tag-norge","18":"tag-norway","19":"tag-nyheter","20":"tag-overskrifter","21":"tag-top-stories","22":"tag-topstories"},"share_on_mastodon":{"url":"https:\/\/pubeurope.com\/@no\/115627603075992041","error":""},"_links":{"self":[{"href":"https:\/\/www.europesays.com\/no\/wp-json\/wp\/v2\/posts\/99135","targetHints":{"allow":["GET"]}}],"collection":[{"href":"https:\/\/www.europesays.com\/no\/wp-json\/wp\/v2\/posts"}],"about":[{"href":"https:\/\/www.europesays.com\/no\/wp-json\/wp\/v2\/types\/post"}],"author":[{"embeddable":true,"href":"https:\/\/www.europesays.com\/no\/wp-json\/wp\/v2\/users\/2"}],"replies":[{"embeddable":true,"href":"https:\/\/www.europesays.com\/no\/wp-json\/wp\/v2\/comments?post=99135"}],"version-history":[{"count":0,"href":"https:\/\/www.europesays.com\/no\/wp-json\/wp\/v2\/posts\/99135\/revisions"}],"wp:featuredmedia":[{"embeddable":true,"href":"https:\/\/www.europesays.com\/no\/wp-json\/wp\/v2\/media\/99136"}],"wp:attachment":[{"href":"https:\/\/www.europesays.com\/no\/wp-json\/wp\/v2\/media?parent=99135"}],"wp:term":[{"taxonomy":"category","embeddable":true,"href":"https:\/\/www.europesays.com\/no\/wp-json\/wp\/v2\/categories?post=99135"},{"taxonomy":"post_tag","embeddable":true,"href":"https:\/\/www.europesays.com\/no\/wp-json\/wp\/v2\/tags?post=99135"}],"curies":[{"name":"wp","href":"https:\/\/api.w.org\/{rel}","templated":true}]}}