{"id":99137,"date":"2025-11-28T13:39:16","date_gmt":"2025-11-28T13:39:16","guid":{"rendered":"https:\/\/www.europesays.com\/no\/99137\/"},"modified":"2025-11-28T13:39:16","modified_gmt":"2025-11-28T13:39:16","slug":"arild-hermstad-mdg-om-budsjettforhandlingene","status":"publish","type":"post","link":"https:\/\/www.europesays.com\/no\/99137\/","title":{"rendered":"Arild Hermstad (MDG) om budsjettforhandlingene:"},"content":{"rendered":"<p class=\"bold m-bold\" data-lab-font_weight=\"bold\"> \u2013 Vi st\u00e5r langt fra hverandre og trenger fortsatt store innr\u00f8mmelser for \u00e5 komme til enighet.\u00a0Det m\u00e5 skje store endringer om dette skal komme i m\u00e5l, og det er helt usannsynlig at dette skal skje p\u00e5 noen timer, sier Arild Hermstad i MDG til TV 2. <\/p>\n<p>Fredag formiddag er forhandlingene l\u00f8ftet til de parlamentariske lederne fra de fem partiene, som sitter i m\u00f8te, f\u00e5r TV 2 opplyst.<\/p>\n<p>Forhandlingene mellom Arbeiderpartiet og budsjettpartnerne Senterpartiet, SV, R\u00f8dt og MDG startet 14. november.\u00a0<\/p>\n<p>De siste dagene har det v\u00e6rt meldt om stor avstand mellom partene, og forhandlingene har p\u00e5g\u00e5tt langt ut i natt.<\/p>\n<p>Taus finansminister<\/p>\n<p>Rundt klokken halv 12 fredag dukket Jens Stoltenberg opp foran et ivrig pressekorps. Han svarte kontant og avvisende p\u00e5 sp\u00f8rsm\u00e5l p\u00e5 vei inn i forhandlingsrommet.\u00a0<\/p>\n<p>\u2013 Jeg kan ikke si noen ting om forhandlingene, sa Stoltenberg til TV 2 da han ble spurt om vi kunne forvente \u00f8kt oljepengebruk.\u00a0<\/p>\n<p>Arbeiderpartiets parlamentariske leder Tonje Brenna brukte 40 gode sekunder til \u00e5 svare p\u00e5 sp\u00f8rsm\u00e5l f\u00f8r hun ville forhandle videre.\u00a0<\/p>\n<p>\u2013 Jeg er optimistisk, jeg. S\u00e5 vi holder p\u00e5 til vi er ferdige, svarte Brenna da hun ble spurt om hvordan hun s\u00e5 p\u00e5 mulighetene til \u00e5 f\u00e5 landet et budsjettforlik.<\/p>\n<p>\u2013 Dette er fem partier som mener ulikt i mange saker, men har veldig mye til felles. Men det \u00e5 lage statsbudsjett er komplisert enten man er ett eller to partier, men ekstra komplisert n\u00e5r man er fem, sier Brenna.\u00a0<\/p>\n<p>        <img class=\"image__img lazyload\" itemprop=\"image\" title=\"Foto: Jonas Been Henriksen \/ NTB\" alt=\"PUSSEPAUSE: Kirsti Bergst\u00f8 (SV) m\u00e5tte ta en pause fra forhandlingene p\u00e5 Stortinget fredag for \u00e5 fjerne pels fra tennene. Foto: Jonas Been Henriksen \/ NTB\" width=\"675\" height=\"453\" bad-src=\"https:\/\/www.europesays.com\/no\/wp-content\/uploads\/2025\/11\/18332704.webp\" fetchpriority=\"auto\" \/><\/p>\n<p>      PUSSEPAUSE: Kirsti Bergst\u00f8 (SV) m\u00e5tte ta en pause fra forhandlingene p\u00e5 Stortinget fredag for \u00e5 fjerne pels fra tennene.<br \/>\n         Foto: Jonas Been Henriksen \/ NTB<\/p>\n<p>\u2013 Pels p\u00e5 tennene<\/p>\n<p>\u2013 Stemningen er konstruktiv. Vi har jobbet i hele natt, og vi jobber videre n\u00e5, og vi jobber til vi er i m\u00e5l, sier SVs Kirsti Bergst\u00f8 p\u00e5 vei tilbake inn i forhandlingene.\u00a0<\/p>\n<p>Hun ville ikke kommentere hvor langt unna de var en enighet, eller hvilke saker som skapte st\u00f8rst uro i rommet, men tilb\u00f8d heller en annen opplysning til pressen.\u00a0<\/p>\n<p>\u2013 Vet du hva jeg har gjort? Jeg har pusset tennene, for det m\u00e5 man gj\u00f8re n\u00e5r man har jobbet en hel natt. Man f\u00e5r pels p\u00e5 tennene. S\u00e5 n\u00e5 g\u00e5r jeg inn med friskt smil og godt mot, sa Bergst\u00f8.<\/p>\n<p>Fristen for budsjettforhandlingene er ikke utsatt. Dermed m\u00e5 partene komme til enighet innen f\u00f8rstkommende s\u00f8ndag.\u00a0<\/p>\n<p>Advarer mot \u00abover bordet\u00bb-endringer i oljepolitikken <\/p>\n<p>Senterparti-leder og finansminister Trygve Slagsvold Vedum understreker at han vil holde forhandlingene til selve budsjettet:<\/p>\n<p>\u2013 For oss er det helt avgj\u00f8rende at dette handler om statsbudsjettet, og om \u00e5 utvikle hele Norge p\u00e5 en trygg og god m\u00e5te.<\/p>\n<p>        <img class=\"image__img lazyload\" itemprop=\"image\" title=\"Foto: Jonas F\u00e6ste Laksekj\u00f8n \/ NTB.\" alt=\"INNSTRAMMER: Finansminister og Sp-leder Trygve Slagsvold Vedum vil holde budsjettforhandlingene til kroner og \u00f8re \u2013 og advarer mot raske, radikale endringer i olje- og gasspolitikken. Foto: Jonas F\u00e6ste Laksekj\u00f8n \/ NTB.\" width=\"978\" height=\"551\" bad-src=\"https:\/\/www.europesays.com\/no\/wp-content\/uploads\/2025\/11\/18333534.webp\" fetchpriority=\"auto\" \/><\/p>\n<p>      INNSTRAMMER: Finansminister og Sp-leder Trygve Slagsvold Vedum vil holde budsjettforhandlingene til kroner og \u00f8re \u2013 og advarer mot raske, radikale endringer i olje- og gasspolitikken.<br \/>\n         Foto: Jonas F\u00e6ste Laksekj\u00f8n \/ NTB.<\/p>\n<p>Han mener en del av kravene fra st\u00f8ttepartiene gj\u00f8r jobben un\u00f8dvendig vanskelig:<\/p>\n<p>\u2013 Det er krevende n\u00e5r det dras inn saker som egentlig ikke h\u00f8rer hjemme i et statsbudsjett.<\/p>\n<p>S\u00e6rlig peker han p\u00e5 krav om store endringer i olje- og gasspolitikken.<\/p>\n<p>\u2013 Norsk olje og gass er Norges st\u00f8rste n\u00e6ring, med godt over 100.000 arbeidsplasser. Da kan vi ikke gj\u00f8re radikale endringer \u00abover bordet\u00bb i budsjettforhandlingene.<\/p>\n<p>Vedum advarer mot at det som ser lite ut i et forhandlingsdokument, kan f\u00e5 store konsekvenser.<\/p>\n<p>\u2013 Det som virker som en liten formulering i Stortinget, kan v\u00e6re dramatisk for et lokalsamfunn og for norsk \u00f8konomi.<\/p>\n<p>Han reagerer ogs\u00e5 p\u00e5 at utenrikspolitiske krav trekkes inn i budsjettl\u00f8pet:<\/p>\n<p>\u2013 Det er krevende nok \u00e5 bli enige om skatter, avgifter, kommuner, sjukehus og politi. N\u00e5r det i tillegg dras inn verbale punkter om for eksempel Palestina, gj\u00f8r det forhandlingene enda vanskeligere.<\/p>\n<p>P\u00e5 sp\u00f8rsm\u00e5l om dette kan velte hele budsjettavtalen, holder Vedum fast ved at fokuset m\u00e5 v\u00e6re p\u00e5 tallene:<\/p>\n<p>\u2013 Landet m\u00e5 f\u00e5 et budsjett, og det er m\u00e5let. Men store, radikale endringer i olje- og gasspolitikken h\u00f8rer ikke hjemme i statsbudsjettet.<\/p>\n<p class=\"italic m-italic\" data-lab-italic=\"italic\">Artikkelen oppdateres<\/p>\n","protected":false},"excerpt":{"rendered":"\u2013 Vi st\u00e5r langt fra hverandre og trenger fortsatt store innr\u00f8mmelser for \u00e5 komme til enighet.\u00a0Det m\u00e5 skje&hellip;\n","protected":false},"author":2,"featured_media":99138,"comment_status":"","ping_status":"","sticky":false,"template":"","format":"standard","meta":{"footnotes":""},"categories":[5],"tags":[20,21,24,25,15,19,22,23,17,18,13,30,28,29,14,16,26,27],"class_list":{"0":"post-99137","1":"post","2":"type-post","3":"status-publish","4":"format-standard","5":"has-post-thumbnail","7":"category-overskrifter","8":"tag-breaking-news","9":"tag-breakingnews","10":"tag-featured-news","11":"tag-featurednews","12":"tag-headlines","13":"tag-hovedoppslag","14":"tag-latest-news","15":"tag-latestnews","16":"tag-main-news","17":"tag-mainnews","18":"tag-news","19":"tag-no","20":"tag-norge","21":"tag-norway","22":"tag-nyheter","23":"tag-overskrifter","24":"tag-top-stories","25":"tag-topstories"},"share_on_mastodon":{"url":"https:\/\/pubeurope.com\/@no\/115627607050920746","error":""},"_links":{"self":[{"href":"https:\/\/www.europesays.com\/no\/wp-json\/wp\/v2\/posts\/99137","targetHints":{"allow":["GET"]}}],"collection":[{"href":"https:\/\/www.europesays.com\/no\/wp-json\/wp\/v2\/posts"}],"about":[{"href":"https:\/\/www.europesays.com\/no\/wp-json\/wp\/v2\/types\/post"}],"author":[{"embeddable":true,"href":"https:\/\/www.europesays.com\/no\/wp-json\/wp\/v2\/users\/2"}],"replies":[{"embeddable":true,"href":"https:\/\/www.europesays.com\/no\/wp-json\/wp\/v2\/comments?post=99137"}],"version-history":[{"count":0,"href":"https:\/\/www.europesays.com\/no\/wp-json\/wp\/v2\/posts\/99137\/revisions"}],"wp:featuredmedia":[{"embeddable":true,"href":"https:\/\/www.europesays.com\/no\/wp-json\/wp\/v2\/media\/99138"}],"wp:attachment":[{"href":"https:\/\/www.europesays.com\/no\/wp-json\/wp\/v2\/media?parent=99137"}],"wp:term":[{"taxonomy":"category","embeddable":true,"href":"https:\/\/www.europesays.com\/no\/wp-json\/wp\/v2\/categories?post=99137"},{"taxonomy":"post_tag","embeddable":true,"href":"https:\/\/www.europesays.com\/no\/wp-json\/wp\/v2\/tags?post=99137"}],"curies":[{"name":"wp","href":"https:\/\/api.w.org\/{rel}","templated":true}]}}