{"id":99139,"date":"2025-11-28T13:40:11","date_gmt":"2025-11-28T13:40:11","guid":{"rendered":"https:\/\/www.europesays.com\/no\/99139\/"},"modified":"2025-11-28T13:40:11","modified_gmt":"2025-11-28T13:40:11","slug":"nyenget-slo-klaebo-i-sekundstrid","status":"publish","type":"post","link":"https:\/\/www.europesays.com\/no\/99139\/","title":{"rendered":"Nyenget slo Kl\u00e6bo i sekundstrid"},"content":{"rendered":"\n<p class=\"_lead_o9xde_2 _lead_xtcu6_50 layout-component text-serif-m layout-normal text-serif-l layout-component layout-wide layout-padded _wide_17hqh_1 layout-padded\">Det ble en thriller mellom Martin L\u00f8wstr\u00f8m Nyenget (33) og Johannes H\u00f8sflot Kl\u00e6bo (29) i verdenscup\u00e5pningen. Samtidig ble det en enorm opptur for Emil Iversen i Norgescupen etter uttaksbr\u00e5ket. <\/p>\n<p> <img class=\"_image_qp4xg_65 layout-component layout-wide\" data-fullscreen- data-track-element-type=\"Article image fullscreen\" data-track-name=\"ImageFullscreen\" fetchpriority=\"high\" decoding=\"sync\" loading=\"eager\" height=\"102\" itemprop=\"image\"  src=\"https:\/\/www.europesays.com\/no\/wp-content\/uploads\/2025\/11\/4be5f74fda74680747f4ba1076a75387.jpg\"  style=\"object-position:50% 50%;aspect-ratio:1.75;height:auto;object-fit:cover;width:100%\" width=\"102\"\/>  <\/p>\n<ul aria-hidden=\"true\" class=\"_images_1uft6_111\">\n<li><a class=\"_link_1uft6_116\" href=\"https:\/\/www.vg.no\/forfatter\/herman-folvik\" style=\"z-index:2\" title=\"Herman Folvik\" rel=\"nofollow noopener\" target=\"_blank\"><img alt=\"Bilde av Herman Folvik\" class=\"_image_1uft6_93\" fetchpriority=\"low\" loading=\"lazy\" decoding=\"async\" itemprop=\"image\"  src=\"https:\/\/www.europesays.com\/no\/wp-content\/uploads\/2025\/11\/1764337210_674_b8d5eb91-9fa9-460c-b9f0-da310ffe35dd\"  width=\"480\"\/><\/a><\/li>\n<li><a class=\"_link_1uft6_116\" href=\"https:\/\/www.vg.no\/forfatter\/elise-engen-vik\" style=\"z-index:1\" title=\"Elise Engen Vik\" rel=\"nofollow noopener\" target=\"_blank\"><img alt=\"Bilde av Elise Engen Vik\" class=\"_image_1uft6_93\" fetchpriority=\"low\" loading=\"lazy\" decoding=\"async\" itemprop=\"image\"  src=\"https:\/\/www.europesays.com\/no\/wp-content\/uploads\/2025\/11\/1764337210_663_bfade7ec-5794-4991-b2ab-40f335edaaf4\"  width=\"480\"\/><\/a><\/li>\n<\/ul>\n<p> Oppdatert fredag 28. november kl. 14:36     <\/p>\n<p class=\"_paragraph_o9xde_4 _paragraph_xtcu6_10 layout-component text-serif-m layout-normal text-serif-m layout-padded\">I finske Ruka p\u00e5 10 km klassisk intervallstart var Nyenget hele 8\u201312 sekunder foran de andre favorittene p\u00e5 3,1 km: Edvin Anger, Iivo Niskanen, Erik Valnes, Kl\u00e6bo, Mika Vermeulen og Harald \u00d8stberg Amundsen. <\/p>\n<p class=\"_paragraph_o9xde_4 _paragraph_xtcu6_10 layout-component text-serif-m layout-normal text-serif-m layout-padded\">Ogs\u00e5 ved 6,1 km hadde Nyenget en ledelse p\u00e5 7\u201310 sekunder ned til de andre kanonene. <\/p>\n<p class=\"_paragraph_o9xde_4 _paragraph_xtcu6_10 layout-component text-serif-m layout-normal text-serif-m layout-padded\">Men mot slutten av l\u00f8pet begynte det \u00e5 svi for Nyenget. 1900 meter f\u00f8r m\u00e5l, var det bare 1,9 sekunder ned til Kl\u00e6bo som alltid pleier \u00e5 avslutte r\u00e5sterkt. <\/p>\n<p><img alt=\"Kl\u00e6bo ble nummer to i Finland.  Foto: Terje Pedersen \/ NTB\" class=\"_image_qp4xg_65 layout-component layout-normal\" data-fullscreen- data-track-element-type=\"Article image fullscreen\" data-track-name=\"ImageFullscreen\" decoding=\"async\" loading=\"lazy\" height=\"4000\" itemprop=\"image\"  src=\"https:\/\/www.europesays.com\/no\/wp-content\/uploads\/2025\/11\/5ea27a1e-fdcb-4954-8bdf-158af4715bc0\"  style=\"object-position:0% 0%\" width=\"6000\"\/>Kl\u00e6bo ble nummer to i Finland.  Foto: Terje Pedersen \/ NTB<\/p>\n<p class=\"_paragraph_o9xde_4 _paragraph_xtcu6_10 layout-component text-serif-m layout-normal text-serif-m layout-padded\">Til slutt holdt Nyenget unna og \u00f8kte faktisk seiersmarginen til 2,1 sekunder. F\u00f8rst la han seg utslitt rett ned i sn\u00f8en \u2013 f\u00f8r han reiste seg og skrek av glede i sn\u00f8v\u00e6ret i Ruka. <\/p>\n<p class=\"_paragraph_o9xde_4 _paragraph_xtcu6_10 layout-component text-serif-m layout-normal text-serif-m layout-padded\">\u2013 Jeg f\u00f8lte jeg ikke hadde noe spesiell bra avslutning, s\u00e5 jeg regnet med at Martin skulle ta det, sier Kl\u00e6bo til Viaplay. <\/p>\n<p class=\"_paragraph_o9xde_4 _paragraph_xtcu6_10 layout-component text-serif-m layout-normal text-serif-m layout-padded\">\u2013 Jeg regner med at Nyenget s\u00e5 svart mot slutten der, sier Viaplay-kommentator Niklas Dyrhaug. <\/p>\n<p class=\"_paragraph_o9xde_4 _paragraph_xtcu6_10 layout-component text-serif-m layout-normal text-serif-m layout-padded\">Mika Vermeulen tok tredjeplassen 4,2 sekunder bak Nyenget. Andreas Fjorden Ree ble nummer fire 10,3 sekunder bak, rett foran hjemmeh\u00e5pet Iivo Niskanen.<\/p>\n<p class=\"_paragraph_o9xde_4 _paragraph_xtcu6_10 layout-component text-serif-m layout-normal text-serif-m layout-padded\">Erik Valnes, Mattis Stenshagen og Didrik T\u00f8nseth ble nummer 6, 7 og 8. Litt tyngre gikk det for Harald \u00d8stberg Amundsen og Edvard Sandvik p\u00e5 12. og 13. plass \u2013 over halvminuttet bak. <\/p>\n<p><img alt=\"P\u00e5 G\u00e5l\u00e5 ble det en stor opptur for Emil Iversen.   Foto: Terje Pedersen \/ NTB\" class=\"_image_qp4xg_65 layout-component layout-normal\" data-fullscreen- data-track-element-type=\"Article image fullscreen\" data-track-name=\"ImageFullscreen\" decoding=\"async\" loading=\"lazy\" height=\"4000\" itemprop=\"image\"  src=\"https:\/\/www.europesays.com\/no\/wp-content\/uploads\/2025\/11\/429fffa1-8423-4c0e-ae36-de87f109902c\"  style=\"object-position:0% 0%\" width=\"6000\"\/>P\u00e5 G\u00e5l\u00e5 ble det en stor opptur for Emil Iversen.   Foto: Terje Pedersen \/ NTB<\/p>\n<p class=\"_paragraph_o9xde_4 _paragraph_xtcu6_10 layout-component text-serif-m layout-normal text-serif-m layout-padded\"><a href=\"https:\/\/www.vg.no\/sport\/i\/OkbXXV\/emil-iversen-rasende-paa-uttaket-til-verdenscupen-i-ruka-tror-du-er-med-paa-skjult-kamera\" data-track-element-type=\"Link\" data-track-id=\"link:OkbXXV\" class=\"_link_o9xde_39\" rel=\"nofollow noopener\" target=\"_blank\">Emil Iversen var rasende <\/a>da han ble vraket fra verdenscup\u00e5pningen. I stedet vant han 10 km fri p\u00e5 G\u00e5l\u00e5 under Norgescup foran 1,3 sekunder foran Lars Heggen og 11,6 sekunder foran H\u00e5vard Moseby. <\/p>\n<p class=\"_paragraph_o9xde_4 _paragraph_xtcu6_10 layout-component text-serif-m layout-normal text-serif-m layout-padded\">Det gir Iversen garanti til \u00e5 g\u00e5 OL-\u00f8velsen 10 km fri under verdenscupen i Trondheim neste helg. L\u00f8pet blir sv\u00e6rt viktig for \u00e5 kvalifisere seg til OL i Milano\/Cortina i februar. <\/p>\n<p class=\"_paragraph_o9xde_4 _paragraph_xtcu6_10 layout-component text-serif-m layout-normal text-serif-m layout-padded\">\u2013 N\u00e5 kommer de ikke utenom meg, sier Iversen syrlig p\u00e5 Direktesport.<\/p>\n<p class=\"_paragraph_o9xde_4 _paragraph_xtcu6_10 layout-component text-serif-m layout-normal text-serif-m layout-padded\">Iversen hadde en lang, stor og god klem med forloveden Bettina Burud etter han var i m\u00e5l. Begge s\u00e5 ut til \u00e5 gr\u00e5te p\u00e5 TV-bildene til Direktesport.   <\/p>\n<p class=\"_paragraph_o9xde_4 _paragraph_xtcu6_10 layout-component text-serif-m layout-normal text-serif-m layout-padded\">\u2013 Det var r\u00e5tt, en kjempedag, sier Iversen.<\/p>\n<p class=\"_paragraph_o9xde_4 _paragraph_xtcu6_10 layout-component text-serif-m layout-normal text-serif-m layout-padded\">I kvinneklassen i Ruka <a href=\"https:\/\/www.vg.no\/sport\/i\/JOWy3j\/heidi-weng-paa-pallen-i-verdenscupaapningen\" data-track-element-type=\"Link\" data-track-id=\"link:JOWy3j\" class=\"_link_o9xde_39\" rel=\"nofollow noopener\" target=\"_blank\">vant Frida Karlsson foran Heidi Weng og Moa Ilar. <\/a>L\u00f8rdag er det sprint og s\u00f8ndag 20 km fristil fellesstart i Ruka. <\/p>\n<p class=\"_paragraph_o9xde_4 _paragraph_xtcu6_10 layout-component text-serif-m layout-normal text-serif-m layout-padded\"><a href=\"https:\/\/www.vg.no\/sport\/i\/GyoXol\/program-og-sendeskjema-for-vintersport-2025-26-her-ser-du-langrenn-skiskyting-alpint-kombinert-skoeyter-og-hopp-paa-tv\" data-track-element-type=\"Link\" data-track-id=\"link:GyoXol\" class=\"_link_o9xde_39\" rel=\"nofollow noopener\" target=\"_blank\">Se hele sendeskjema for vintersesongen her.<\/a><\/p>\n","protected":false},"excerpt":{"rendered":"Det ble en thriller mellom Martin L\u00f8wstr\u00f8m Nyenget (33) og Johannes H\u00f8sflot Kl\u00e6bo (29) i verdenscup\u00e5pningen. Samtidig ble&hellip;\n","protected":false},"author":2,"featured_media":99140,"comment_status":"","ping_status":"","sticky":false,"template":"","format":"standard","meta":{"footnotes":""},"categories":[59],"tags":[398,30,28,29,83,82,399],"class_list":{"0":"post-99139","1":"post","2":"type-post","3":"status-publish","4":"format-standard","5":"has-post-thumbnail","7":"category-sport","8":"tag-langrenn","9":"tag-no","10":"tag-norge","11":"tag-norway","12":"tag-sport","13":"tag-sports","14":"tag-vintersport"},"share_on_mastodon":{"url":"https:\/\/pubeurope.com\/@no\/115627611062337850","error":""},"_links":{"self":[{"href":"https:\/\/www.europesays.com\/no\/wp-json\/wp\/v2\/posts\/99139","targetHints":{"allow":["GET"]}}],"collection":[{"href":"https:\/\/www.europesays.com\/no\/wp-json\/wp\/v2\/posts"}],"about":[{"href":"https:\/\/www.europesays.com\/no\/wp-json\/wp\/v2\/types\/post"}],"author":[{"embeddable":true,"href":"https:\/\/www.europesays.com\/no\/wp-json\/wp\/v2\/users\/2"}],"replies":[{"embeddable":true,"href":"https:\/\/www.europesays.com\/no\/wp-json\/wp\/v2\/comments?post=99139"}],"version-history":[{"count":0,"href":"https:\/\/www.europesays.com\/no\/wp-json\/wp\/v2\/posts\/99139\/revisions"}],"wp:featuredmedia":[{"embeddable":true,"href":"https:\/\/www.europesays.com\/no\/wp-json\/wp\/v2\/media\/99140"}],"wp:attachment":[{"href":"https:\/\/www.europesays.com\/no\/wp-json\/wp\/v2\/media?parent=99139"}],"wp:term":[{"taxonomy":"category","embeddable":true,"href":"https:\/\/www.europesays.com\/no\/wp-json\/wp\/v2\/categories?post=99139"},{"taxonomy":"post_tag","embeddable":true,"href":"https:\/\/www.europesays.com\/no\/wp-json\/wp\/v2\/tags?post=99139"}],"curies":[{"name":"wp","href":"https:\/\/api.w.org\/{rel}","templated":true}]}}