{"id":99153,"date":"2025-11-28T13:53:14","date_gmt":"2025-11-28T13:53:14","guid":{"rendered":"https:\/\/www.europesays.com\/no\/99153\/"},"modified":"2025-11-28T13:53:14","modified_gmt":"2025-11-28T13:53:14","slug":"sykefravaeret-gar-ned-pa-fosen-i-en-kommune-er-trenden-annerledes-fosna-folket-no","status":"publish","type":"post","link":"https:\/\/www.europesays.com\/no\/99153\/","title":{"rendered":"Sykefrav\u00e6ret g\u00e5r ned p\u00e5 Fosen: I \u00e9n kommune er trenden annerledes &#8211; fosna-folket.no"},"content":{"rendered":"<ol>\n<li><a href=\"https:\/\/news.google.com\/rss\/articles\/CBMisgFBVV95cUxORkNvSHl5Q0pXSlZfRVZnTjFTWVZLODVaUVhDdXBrZkNMTkw4S0ItY0NyS0J6QVAxel9BYlFweDJycktZUF96NnNuZWJRNExmSF9mcV9sdElpeGJ6LWwxYzVkejlOT2RZR2QyVXZZUjBrdzNmdkx6RF9BYjlqM291Qmt6TzZyZUdESWY1TGtIaF8zaTF1eXc4N0xFcGEyVW5mdVVsUTVlUGJHbzdDR1lpc0xR?oc=5\" target=\"_blank\" rel=\"nofollow noopener\">Sykefrav\u00e6ret g\u00e5r ned p\u00e5 Fosen: I \u00e9n kommune er trenden annerledes<\/a>&nbsp;&nbsp;fosna-folket.no<\/li>\n<li><a href=\"https:\/\/news.google.com\/rss\/articles\/CBMiowFBVV95cUxNV1RPMm9QdnRmM0V6T2lzU3BWNEtwTWhBb1lDNjVRNmdxYWZZcU9OYVdBNFB2a0pCUFlVRnpKNG93VjZseWhFN1JpbXkzeTZQdXpwQXRwMEZHTUdKRXVQemJYN0dJeFp6SXVBcXpkR0pZd3ltNG9laUJpNzVvaUhfY0ppaWk2RFZNZVpldXJmS0xUY3lrNlMxLVltbHY4REpabDdZ?oc=5\" target=\"_blank\" rel=\"nofollow noopener\">Sjukefr\u00e5v\u00e6ret g\u00e5r ned, men aukar i desse to kommunane<\/a>&nbsp;&nbsp;hallingdolen.no<\/li>\n<li><a href=\"https:\/\/news.google.com\/rss\/articles\/CBMiigFBVV95cUxPb3dNd3JXRThLeGN6VVNoRzF0M2NTRkNFbVlLNkZRQ1VKYlpwRzhmYm1KWk9Wb0dFTDZLQ19COWxRUTlSQl9ETUQ5YXhTdm5aWnVvallxclV3SUxrVTNYLW11a2YwbjhXOGF4dVFhUVZUUWtMRFNUN3ZqVmJNZTA5SGtvLTJrWG0xa0E?oc=5\" target=\"_blank\" rel=\"nofollow noopener\">Nedgang i sykefrav\u00e6ret: \u2013 Gledelig utvikling<\/a>&nbsp;&nbsp;itromso.no<\/li>\n<li><a href=\"https:\/\/news.google.com\/rss\/articles\/CBMijAFBVV95cUxNZ0l4T3MtNmplb29idnRpYzVwdF9fVEU2Q3JvM0FELUNPZmtvc01xV2tsMHVIUWF1OVViR25kaTUxVFNVRkcteEU2RWdveG80S1hlMUgtYUJnUzlzdFo4NWxXZi1LbDEtZ1BpdkVzRkdOR1cwVTZlcVdhRnRucUdIbWZZSW5BbFVpU0EtZg?oc=5\" target=\"_blank\" rel=\"nofollow noopener\">Sykefrav\u00e6ret g\u00e5r fortsatt nedover i Rogaland<\/a>&nbsp;&nbsp;NRK<\/li>\n<li><a href=\"https:\/\/news.google.com\/rss\/articles\/CBMijwFBVV95cUxNd0F0OVRFUXlzRENmSjBvTGp0eDE3NjlMWnZENWNnbUZNQTV1b0hIekxwb19HamVHdFJ5TzBLREgxTjRGVElqbm1CY0ROZHhGdEpySlNYSEEySDN3Z3gtLWhPZ0RrMURPTGFFYmpTVENETFVoMThBazVWZlNDYXpSVGlEREZGR3B1ck9UY1N3WQ?oc=5\" target=\"_blank\" rel=\"nofollow noopener\">SSB og Nav: Sykefrav\u00e6ret fortsetter \u00e5 falle<\/a>&nbsp;&nbsp;Aftenposten<\/li>\n<\/ol>\n","protected":false},"excerpt":{"rendered":"Sykefrav\u00e6ret g\u00e5r ned p\u00e5 Fosen: I \u00e9n kommune er trenden annerledes&nbsp;&nbsp;fosna-folket.no Sjukefr\u00e5v\u00e6ret g\u00e5r ned, men aukar i desse&hellip;\n","protected":false},"author":2,"featured_media":99154,"comment_status":"","ping_status":"","sticky":false,"template":"","format":"standard","meta":{"footnotes":""},"categories":[10],"tags":[20,21,24,25,15,22,23,13,30,28,29,14,16,26,27],"class_list":{"0":"post-99153","1":"post","2":"type-post","3":"status-publish","4":"format-standard","5":"has-post-thumbnail","7":"category-norge","8":"tag-breaking-news","9":"tag-breakingnews","10":"tag-featured-news","11":"tag-featurednews","12":"tag-headlines","13":"tag-latest-news","14":"tag-latestnews","15":"tag-news","16":"tag-no","17":"tag-norge","18":"tag-norway","19":"tag-nyheter","20":"tag-overskrifter","21":"tag-top-stories","22":"tag-topstories"},"share_on_mastodon":{"url":"https:\/\/pubeurope.com\/@no\/115627662149731874","error":""},"_links":{"self":[{"href":"https:\/\/www.europesays.com\/no\/wp-json\/wp\/v2\/posts\/99153","targetHints":{"allow":["GET"]}}],"collection":[{"href":"https:\/\/www.europesays.com\/no\/wp-json\/wp\/v2\/posts"}],"about":[{"href":"https:\/\/www.europesays.com\/no\/wp-json\/wp\/v2\/types\/post"}],"author":[{"embeddable":true,"href":"https:\/\/www.europesays.com\/no\/wp-json\/wp\/v2\/users\/2"}],"replies":[{"embeddable":true,"href":"https:\/\/www.europesays.com\/no\/wp-json\/wp\/v2\/comments?post=99153"}],"version-history":[{"count":0,"href":"https:\/\/www.europesays.com\/no\/wp-json\/wp\/v2\/posts\/99153\/revisions"}],"wp:featuredmedia":[{"embeddable":true,"href":"https:\/\/www.europesays.com\/no\/wp-json\/wp\/v2\/media\/99154"}],"wp:attachment":[{"href":"https:\/\/www.europesays.com\/no\/wp-json\/wp\/v2\/media?parent=99153"}],"wp:term":[{"taxonomy":"category","embeddable":true,"href":"https:\/\/www.europesays.com\/no\/wp-json\/wp\/v2\/categories?post=99153"},{"taxonomy":"post_tag","embeddable":true,"href":"https:\/\/www.europesays.com\/no\/wp-json\/wp\/v2\/tags?post=99153"}],"curies":[{"name":"wp","href":"https:\/\/api.w.org\/{rel}","templated":true}]}}