{"id":99157,"date":"2025-11-28T13:55:08","date_gmt":"2025-11-28T13:55:08","guid":{"rendered":"https:\/\/www.europesays.com\/no\/99157\/"},"modified":"2025-11-28T13:55:08","modified_gmt":"2025-11-28T13:55:08","slug":"da-tomine-var-16-tok-hun-valget-et-liv-man-drommer-om-fvn-no","status":"publish","type":"post","link":"https:\/\/www.europesays.com\/no\/99157\/","title":{"rendered":"(+) Da Tomine var 16, tok hun valget: \u2013 Et liv man dr\u00f8mmer om &#8211; fvn.no"},"content":{"rendered":"<ol>\n<li><a href=\"https:\/\/news.google.com\/rss\/articles\/CBMiZ0FVX3lxTE1SbUR1dFBaYzFEY2NIT2pINU1NUXVJcHZjc2hsemtMZ2Y3X1FrX011SDM0N1VuQmtFMklJR1dqR3RZSE9iN1I2TG43SGY2VGdDSmlTTEwtOVlEdnFUa1dfazVyRThERFk?oc=5\" target=\"_blank\" rel=\"nofollow noopener\">(+) Da Tomine var 16, tok hun valget: \u2013 Et liv man dr\u00f8mmer om<\/a>&nbsp;&nbsp;fvn.no<\/li>\n<li><a href=\"https:\/\/news.google.com\/rss\/articles\/CBMiZ0FVX3lxTFBKZkVRekxlTVlxYXRwUDNJUGxYQXp6OEU5YkFsZU5nemVsQnpzdHRETkN6RjRnR2FOTUlUVTBtbGZJNk9OVUtHWXE4Ul8wZHVGWlVTZ0hXQU1lMGswUE04dk1RSUVjNVk?oc=5\" target=\"_blank\" rel=\"nofollow noopener\">N\u00e5 blir det br\u00e5k<\/a>&nbsp;&nbsp;adressa.no<\/li>\n<li><a href=\"https:\/\/news.google.com\/rss\/articles\/CBMiowFBVV95cUxQX2NrRnBsN1NzUHJSUVh0dC1wemFNbHc3b3d1cVNOSkhEb0Q3RmswMXZEN0RSOEFaNDdmMXRiT1BaYUp3bGZxTDFyaHpsdTJBeF95azBZekVmVUtxeF9uN0FpRlRCSWpScmxrVUNxakJKOVJwTDZTdlp3cDd1SjhLS25aV2lEUm1aQ1Npc0gybS16cGNWbTJ1bGFfMHNKc1k5QzhR?oc=5\" target=\"_blank\" rel=\"nofollow noopener\">V\u00e5lerenga vant cupfinalen: Bildene fra Ullevaal skapte reaksjoner<\/a>&nbsp;&nbsp;NRK<\/li>\n<li><a href=\"https:\/\/news.google.com\/rss\/articles\/CBMinwFBVV95cUxOa3NJWlBlMkJ4U3BaMUxlYTNsQ2x0N2xhMVlUcWllX0N0YzJzTlR0NDRXWjVyM1Zrc1BMUVpMQmZ5V0JvU19md2lvbVp6ZnZZVFRqWU1qd1Jyai1Kak5pejFnN0QtR0txdUlzYmw4ZEtwS1VzOEJYdWJPN2Zrb2tYb1hkaHFHOWlFRzIzRUNrMW8zNW5EZXBjUmh4U2c2TVU?oc=5\" target=\"_blank\" rel=\"nofollow noopener\">(+) Hyller Eline etter NM-gull og internasjonalt gjennombrudd<\/a>&nbsp;&nbsp;altaposten.no<\/li>\n<li><a href=\"https:\/\/news.google.com\/rss\/articles\/CBMikwFBVV95cUxOeUFYemRScDRKM29ZX1ZWdDFnYUhiN0VtV2hpaXcwZkFVd1BRMTN2UDctYldFWG5sVmUzX0F3WVU1NXplVVJvb0FSMEpnaGpNbkpSUmtKVzRxaHFKd254SE1UenVLR2U1X3g2bWZjRVdvNWllY1pzUGRVYklzS19CVGZVdDF5SmdvM0xjcThPeDMzMDQ?oc=5\" target=\"_blank\" rel=\"nofollow noopener\">Vant cupfinalen \u2013 hyllet legende<\/a>&nbsp;&nbsp;rbnett.no<\/li>\n<\/ol>\n","protected":false},"excerpt":{"rendered":"(+) Da Tomine var 16, tok hun valget: \u2013 Et liv man dr\u00f8mmer om&nbsp;&nbsp;fvn.no N\u00e5 blir det br\u00e5k&nbsp;&nbsp;adressa.no&hellip;\n","protected":false},"author":2,"featured_media":99158,"comment_status":"","ping_status":"","sticky":false,"template":"","format":"standard","meta":{"footnotes":""},"categories":[59],"tags":[92,2211,30,28,29,83,82,12688,2949],"class_list":{"0":"post-99157","1":"post","2":"type-post","3":"status-publish","4":"format-standard","5":"has-post-thumbnail","7":"category-sport","8":"tag-fotball","9":"tag-idrett","10":"tag-no","11":"tag-norge","12":"tag-norway","13":"tag-sport","14":"tag-sports","15":"tag-tomine-enger","16":"tag-valerenga"},"share_on_mastodon":{"url":"https:\/\/pubeurope.com\/@no\/115627669896872339","error":""},"_links":{"self":[{"href":"https:\/\/www.europesays.com\/no\/wp-json\/wp\/v2\/posts\/99157","targetHints":{"allow":["GET"]}}],"collection":[{"href":"https:\/\/www.europesays.com\/no\/wp-json\/wp\/v2\/posts"}],"about":[{"href":"https:\/\/www.europesays.com\/no\/wp-json\/wp\/v2\/types\/post"}],"author":[{"embeddable":true,"href":"https:\/\/www.europesays.com\/no\/wp-json\/wp\/v2\/users\/2"}],"replies":[{"embeddable":true,"href":"https:\/\/www.europesays.com\/no\/wp-json\/wp\/v2\/comments?post=99157"}],"version-history":[{"count":0,"href":"https:\/\/www.europesays.com\/no\/wp-json\/wp\/v2\/posts\/99157\/revisions"}],"wp:featuredmedia":[{"embeddable":true,"href":"https:\/\/www.europesays.com\/no\/wp-json\/wp\/v2\/media\/99158"}],"wp:attachment":[{"href":"https:\/\/www.europesays.com\/no\/wp-json\/wp\/v2\/media?parent=99157"}],"wp:term":[{"taxonomy":"category","embeddable":true,"href":"https:\/\/www.europesays.com\/no\/wp-json\/wp\/v2\/categories?post=99157"},{"taxonomy":"post_tag","embeddable":true,"href":"https:\/\/www.europesays.com\/no\/wp-json\/wp\/v2\/tags?post=99157"}],"curies":[{"name":"wp","href":"https:\/\/api.w.org\/{rel}","templated":true}]}}