{"id":99161,"date":"2025-11-28T14:01:45","date_gmt":"2025-11-28T14:01:45","guid":{"rendered":"https:\/\/www.europesays.com\/no\/99161\/"},"modified":"2025-11-28T14:01:45","modified_gmt":"2025-11-28T14:01:45","slug":"gigante-salmon-varsler-emisjon-pa-300-millioner-kroner-i-forste-kvartal-2026","status":"publish","type":"post","link":"https:\/\/www.europesays.com\/no\/99161\/","title":{"rendered":"Gigante Salmon varsler emisjon p\u00e5 300 millioner kroner i f\u00f8rste kvartal 2026"},"content":{"rendered":"<p><strong>Ut p\u00e5 pengejakt igjen.<\/strong><\/p>\n<p>Fredag morgen innkaller den landbaserte oppdretteren til ekstraordin\u00e6r generalforsamling 15. desember. \u00d8verst p\u00e5 agendaen st\u00e5r finansiering.<\/p>\n<p>Gigante slaktet ikke fisk i tredje kvartal, og hadde f\u00f8lgelig ingen salgsinntekter i kvartalet. Selskapet vil begynne \u00e5 slakte p\u00e5 en ny generasjon mot slutten av fjerde kvartal. F\u00f8rste generasjon ga en selvkost (fullkost) p\u00e5 70 kroner per kilo. Gigante Salmon forventer \u00e5 ha hele produksjonsanlegget i full drift i l\u00f8pet av andre kvartal 2026.<\/p>\n<p><strong>Les ogs\u00e5:\u00a0<\/strong><a href=\"https:\/\/ilaks.no\/landbaserte-oppdretteres-klokkertro-pa-ebitda-skjuler-et-reelt-problem\/\" rel=\"nofollow noopener\" target=\"_blank\">Landbaserte oppdretteres klokkertro p\u00e5 EBITDA skjuler et reelt problem<\/a><\/p>\n<p><strong>Strategisk<\/strong><br \/>Gigante har den siste tiden vurdert ulike alternativer for \u00e5 styrke den finansielle stillingen med inntil 300 millioner kroner, herunder emisjon.<\/p>\n<p>N\u00e5 har det blitt tatt en avgj\u00f8relse.<\/p>\n<p><img fetchpriority=\"high\" decoding=\"async\" class=\"size-medium wp-image-234264\" src=\"https:\/\/www.europesays.com\/no\/wp-content\/uploads\/2025\/11\/Kjell-Lorentsen-i-Gigante-Salmon.-Foto-av-Gigante-Salmon-500x333.jpg\" alt=\"\" width=\"500\" height=\"333\"\/> CEO Kjell Lorentsen i Gigante Salmon. Foto: Gigante Salmon<\/p>\n<p>\u201cStyret har besluttet \u00e5 igangsette arbeidet med emisjon som valgt finansieringsmetode, og med planlagt gjennomf\u00f8ring i Q1 2026. Emisjonen er planlagt med et bruttoproveny i intervallet 150\u2013300 millioner kroner. Selskapets hovedaksjon\u00e6r, Gigante Havbruk, har bekreftet at de vil delta med inntil 150 millioner i emisjonen kroner,\u201d fremg\u00e5r det av innkallingen.<\/p>\n<p>Netto proveny vil benyttes for \u00e5 st\u00f8tte neste fase av selskapets vekst, herunder n\u00f8dvendige og strategiske forbedringer av anlegget. Selskapet \u00f8nsker ogs\u00e5 \u00e5 benytte noe til driftskostnader og arbeidskapital, som gj\u00f8r selskapet mer robust for \u00e5 kunne t\u00e5le svingninger i laksepris og ruste selskapet for \u00e5 optimalisere l\u00f8nnsomhet.<\/p>\n<p><strong>Gir l\u00e5n<\/strong><br \/>I p\u00e5vente av emisjonen vil Gigante Havbruk stille med et ansvarlig l\u00e5n p\u00e5 25 millioner kroner til Gigante Salmon. Selskapet vil benytte den ekstraordin\u00e6re generalforsamlingen som planlegges i desember til \u00e5 innhente n\u00f8dvendige fullmakter for utstedelse av aksjer. Fullmaktene vil gi styret fleksibilitet til \u00e5 strukturere emisjonen effektivt og legge til rette for en rask og s\u00f8ml\u00f8s gjennomf\u00f8ring.<\/p>\n<p>Styret viser til at det p\u00e5 ordin\u00e6r generalforsamling 21. mai ble gitt fullmakt til \u00e5 utstede inntil 17.126.359 aksjer. Styret foresl\u00e5r n\u00e5 at den trekkes og det gis en ny fullmakt p\u00e5 inntil 43.000.000 aksjer.<\/p>\n<p>Gigante har idag 171 millioner utest\u00e5ende aksjer. Emisjonen vil f\u00f8lgelig \u00f8ke antall aksjer med 25 prosent.<\/p>\n<p><img loading=\"lazy\" decoding=\"async\" class=\"wp-image-235090 size-full\" src=\"https:\/\/www.europesays.com\/no\/wp-content\/uploads\/2025\/11\/23ee7e1b-8fc4-4f29-a2e4-4aadc6803f8d.png\" alt=\"\" width=\"568\" height=\"268\"\/> Kursutvikling Gigante Salmon. Kilde: Infront<\/p>\n","protected":false},"excerpt":{"rendered":"Ut p\u00e5 pengejakt igjen. Fredag morgen innkaller den landbaserte oppdretteren til ekstraordin\u00e6r generalforsamling 15. desember. \u00d8verst p\u00e5 agendaen&hellip;\n","protected":false},"author":2,"featured_media":99162,"comment_status":"","ping_status":"","sticky":false,"template":"","format":"standard","meta":{"footnotes":""},"categories":[56],"tags":[60,61,62,30,28,29],"class_list":{"0":"post-99161","1":"post","2":"type-post","3":"status-publish","4":"format-standard","5":"has-post-thumbnail","7":"category-naeringsliv","8":"tag-business","9":"tag-economy","10":"tag-naeringsliv","11":"tag-no","12":"tag-norge","13":"tag-norway"},"share_on_mastodon":{"url":"https:\/\/pubeurope.com\/@no\/115627693564728915","error":""},"_links":{"self":[{"href":"https:\/\/www.europesays.com\/no\/wp-json\/wp\/v2\/posts\/99161","targetHints":{"allow":["GET"]}}],"collection":[{"href":"https:\/\/www.europesays.com\/no\/wp-json\/wp\/v2\/posts"}],"about":[{"href":"https:\/\/www.europesays.com\/no\/wp-json\/wp\/v2\/types\/post"}],"author":[{"embeddable":true,"href":"https:\/\/www.europesays.com\/no\/wp-json\/wp\/v2\/users\/2"}],"replies":[{"embeddable":true,"href":"https:\/\/www.europesays.com\/no\/wp-json\/wp\/v2\/comments?post=99161"}],"version-history":[{"count":0,"href":"https:\/\/www.europesays.com\/no\/wp-json\/wp\/v2\/posts\/99161\/revisions"}],"wp:featuredmedia":[{"embeddable":true,"href":"https:\/\/www.europesays.com\/no\/wp-json\/wp\/v2\/media\/99162"}],"wp:attachment":[{"href":"https:\/\/www.europesays.com\/no\/wp-json\/wp\/v2\/media?parent=99161"}],"wp:term":[{"taxonomy":"category","embeddable":true,"href":"https:\/\/www.europesays.com\/no\/wp-json\/wp\/v2\/categories?post=99161"},{"taxonomy":"post_tag","embeddable":true,"href":"https:\/\/www.europesays.com\/no\/wp-json\/wp\/v2\/tags?post=99161"}],"curies":[{"name":"wp","href":"https:\/\/api.w.org\/{rel}","templated":true}]}}