{"id":99163,"date":"2025-11-28T14:04:13","date_gmt":"2025-11-28T14:04:13","guid":{"rendered":"https:\/\/www.europesays.com\/no\/99163\/"},"modified":"2025-11-28T14:04:13","modified_gmt":"2025-11-28T14:04:13","slug":"black-friday-nyhet-klar-advarsel-i-dag-kan-det-bli-dyrt-for-mange","status":"publish","type":"post","link":"https:\/\/www.europesays.com\/no\/99163\/","title":{"rendered":"Black Friday, Nyhet | Klar advarsel: I dag kan det bli dyrt for mange"},"content":{"rendered":"\n<p>For mange er Black Friday den store handledagen, og det kan ha sin pris.<\/p>\n<p>\u2013 I fjor registrerte forsikringsselskapene 2142 bilskader til en kostnad av 67 millioner kroner, skriver Tryg i en pressemelding.<\/p>\n<p>Store verdier<\/p>\n<p>If\u00f8lge Tryg ble det i snitt registrert 118 bilskader i timen fra klokken 06 til midnatt p\u00e5 Black Friday.<\/p>\n<p>\u2013 Det verste tidspunktet er mellom 14 og 15 p\u00e5 ettermiddagen, st\u00e5r det i pressemeldingen.<\/p>\n<p>Kommunikasjonsr\u00e5dgiver i Tryg Forsikring, Torbj\u00f8rn Brandeggen, forteller at stressede sj\u00e5f\u00f8rer utgj\u00f8r en \u00f8kt risiko, ikke minst i parkeringssituasjoner.<\/p>\n<p>\u2013 Det er nok mange som ender opp med en solid ekstraregning i jakten p\u00e5 de beste tilbudene i dag, sier han.<\/p>\n<p>\u2013 D\u00e5rlig tid og h\u00f8y stressfaktor<\/p>\n<p>Brandeggen forteller at p\u00e5kj\u00f8rsler p\u00e5 parkert bil, p\u00e5kj\u00f8rsler bakfra og ryggeulykker dominerer skadebildet p\u00e5 Black Friday.<\/p>\n<p>\u2013 Bilene er blitt st\u00f8rre og bredere, og veldig mange kj\u00f8rer i skytteltrafikk fra kj\u00f8pesenter til kj\u00f8pesenter. De har d\u00e5rlig tid, og h\u00f8y stressfaktor, sier han.<\/p>\n<p>\u2013 Sett av tid<\/p>\n<p>Tryg skriver at fjor\u00e5rets tall viser at menn for\u00e5rsaket nesten dobbelt s\u00e5 mange ulykker som kvinner.<\/p>\n<p>\u2013 Det kan kanskje l\u00f8nne seg \u00e5 la kvinnen i huset v\u00e6re sj\u00e5f\u00f8r p\u00e5 Black Friday. De lar seg tilsynelatende ikke stresse like lett som menn n\u00e5r det koker som verst, sier Brandeggen.<\/p>\n<p>Tryg kommer med en oppfordring til alle som skal ut p\u00e5 handletur.<\/p>\n<p>\u2013 Sett av rikelig med tid. Er du sj\u00e5f\u00f8r s\u00e5 vis forsiktighet, kj\u00f8r mykt og defensivt, og husk \u00e5 rygge inn n\u00e5r du parkerer.<\/p>\n<p>  <a href=\"https:\/\/www.rb.no\/5-43-2620629\" class=\"related-teaser has-image default-story-teaser article--c-eRUmMG article--c-eRUmMG-jKCPdD-design-default\" rel=\"nofollow noopener\" target=\"_blank\"><\/p>\n<p>    <img decoding=\"async\" loading=\"lazy\"  src=\"https:\/\/www.europesays.com\/no\/wp-content\/uploads\/2025\/11\/5_43_1819529+Lasse+Knudsen+%2822+of+39%29.jpg\" alt=\"\" class=\"brick-c-cFOWSL\" style=\"\"\/><\/p>\n<p>\n            Les ogs\u00e5<\/p>\n<p>              Advarer: \u2013 Ikke festen du b\u00f8r drite deg ut p\u00e5\n        <\/p>\n<p>  <\/a><\/p>\n<p>  <a href=\"https:\/\/www.rb.no\/5-43-2619957\" class=\"related-teaser has-image default-story-teaser article--c-eRUmMG article--c-eRUmMG-jKCPdD-design-default\" rel=\"nofollow noopener\" target=\"_blank\"><\/p>\n<p>    <img decoding=\"async\" loading=\"lazy\"  src=\"https:\/\/www.europesays.com\/no\/wp-content\/uploads\/2025\/11\/5_43_2223440+NTB_KyLZe9016gI.jpg\" alt=\"\" class=\"brick-c-cFOWSL\" style=\"\"\/><\/p>\n<p>\n            Les ogs\u00e5<\/p>\n<p>              Dette m\u00e5 du tenke gjennom f\u00f8r du tar slankespr\u00f8yte\n        <\/p>\n<p>  <\/a><\/p>\n<p>  <a href=\"https:\/\/www.rb.no\/5-43-2622399\" class=\"related-teaser has-image default-story-teaser article--c-eRUmMG article--c-eRUmMG-jKCPdD-design-default\" rel=\"nofollow noopener\" target=\"_blank\"><\/p>\n<p>    <img decoding=\"async\" loading=\"lazy\"  src=\"https:\/\/www.europesays.com\/no\/wp-content\/uploads\/2025\/11\/tom+staahle_3.jpg\" alt=\"\" class=\"brick-c-cFOWSL\" style=\"\"\/><\/p>\n<p>\n            Les ogs\u00e5<\/p>\n<p>              Kutter i innvandring og bistand for \u00e5 finansiere skattekutt: \u2013 Folk flest skal f\u00e5 mer\n        <\/p>\n<p>  <\/a><\/p>\n","protected":false},"excerpt":{"rendered":"For mange er Black Friday den store handledagen, og det kan ha sin pris. \u2013 I fjor registrerte&hellip;\n","protected":false},"author":2,"featured_media":99164,"comment_status":"","ping_status":"","sticky":false,"template":"","format":"standard","meta":{"footnotes":""},"categories":[10],"tags":[36,10785,20,21,24,25,15,22,23,13,30,28,29,447,14,16,1510,26,27,2889],"class_list":{"0":"post-99163","1":"post","2":"type-post","3":"status-publish","4":"format-standard","5":"has-post-thumbnail","7":"category-norge","8":"tag-art","9":"tag-black-friday","10":"tag-breaking-news","11":"tag-breakingnews","12":"tag-featured-news","13":"tag-featurednews","14":"tag-headlines","15":"tag-latest-news","16":"tag-latestnews","17":"tag-news","18":"tag-no","19":"tag-norge","20":"tag-norway","21":"tag-nyhet","22":"tag-nyheter","23":"tag-overskrifter","24":"tag-story","25":"tag-top-stories","26":"tag-topstories","27":"tag-trafikkuhell"},"share_on_mastodon":{"url":"https:\/\/pubeurope.com\/@no\/115627705496995323","error":""},"_links":{"self":[{"href":"https:\/\/www.europesays.com\/no\/wp-json\/wp\/v2\/posts\/99163","targetHints":{"allow":["GET"]}}],"collection":[{"href":"https:\/\/www.europesays.com\/no\/wp-json\/wp\/v2\/posts"}],"about":[{"href":"https:\/\/www.europesays.com\/no\/wp-json\/wp\/v2\/types\/post"}],"author":[{"embeddable":true,"href":"https:\/\/www.europesays.com\/no\/wp-json\/wp\/v2\/users\/2"}],"replies":[{"embeddable":true,"href":"https:\/\/www.europesays.com\/no\/wp-json\/wp\/v2\/comments?post=99163"}],"version-history":[{"count":0,"href":"https:\/\/www.europesays.com\/no\/wp-json\/wp\/v2\/posts\/99163\/revisions"}],"wp:featuredmedia":[{"embeddable":true,"href":"https:\/\/www.europesays.com\/no\/wp-json\/wp\/v2\/media\/99164"}],"wp:attachment":[{"href":"https:\/\/www.europesays.com\/no\/wp-json\/wp\/v2\/media?parent=99163"}],"wp:term":[{"taxonomy":"category","embeddable":true,"href":"https:\/\/www.europesays.com\/no\/wp-json\/wp\/v2\/categories?post=99163"},{"taxonomy":"post_tag","embeddable":true,"href":"https:\/\/www.europesays.com\/no\/wp-json\/wp\/v2\/tags?post=99163"}],"curies":[{"name":"wp","href":"https:\/\/api.w.org\/{rel}","templated":true}]}}