{"id":99165,"date":"2025-11-28T14:05:11","date_gmt":"2025-11-28T14:05:11","guid":{"rendered":"https:\/\/www.europesays.com\/no\/99165\/"},"modified":"2025-11-28T14:05:11","modified_gmt":"2025-11-28T14:05:11","slug":"johannes-hosflot-klaebo-mattis-stenshagen","status":"publish","type":"post","link":"https:\/\/www.europesays.com\/no\/99165\/","title":{"rendered":"Johannes h\u00f8sflot Kl\u00e6bo, Mattis Stenshagen"},"content":{"rendered":"\n<p>Johannes H\u00f8sflot Kl\u00e6bo hadde ikke marginene p\u00e5 sin side fredag ettermiddag.<\/p>\n<p>Tr\u00f8nderen fikk nemlig beint\u00f8ff kamp om seieren under verdenscup\u00e5pningen i finske Ruka og m\u00e5tte til slutt se seg sl\u00e5tt.<\/p>\n<p>L\u00f8wstr\u00f8m Nyenget til topps i Ruka<\/p>\n<p>Det var lagkamerat Martin L\u00f8wstr\u00f8m Nyenget som var marginalt foran Kl\u00e6bo, n\u00e6rmere bestemt 2,1 sekunder.<\/p>\n<p>\u2013 Han er i ferd med \u00e5 bli en Ruka-spesialist, Nyenget. Rett og slett. Og han avgj\u00f8r duellene i sin fav\u00f8r. Han har g\u00e5tt p\u00e5 tidene. Og det er en sliten, men lykkelig mann i m\u00e5lomr\u00e5det her, sa NRKs Torgeir Bj\u00f8rn i kanalens radiosending.<\/p>\n<p>Kl\u00e6bo var igjen 2,1 sekunder foran Mika Vermeulen fra \u00d8sterrike, som hadde avsluttet 10-kilometeren knallsterkt. \u00d8sterrikeren ble nummer tre i konkurransen.<\/p>\n<p>   <img decoding=\"async\" width=\"6000\" height=\"4000\" fetchpriority=\"low\"  loading=\"lazy\"  src=\"https:\/\/www.europesays.com\/no\/wp-content\/uploads\/2025\/11\/NTB_PIzVbC8Wwy8+%281%29.jpg\" alt=\"Ruka, Finland 20251128. &#10;Martin L\u00f8wstr\u00f8m Nyenget vant herrenes 10 km intervallstart klassisk i Ruka.&#10;Foto: Terje Pedersen \/ NTB\" class=\"brick-c-cFOWSL\" style=\"--brick-image-ratio: 6000 \/ 4000;\"\/><\/p>\n<p>      TRIUMF: Martin L\u00f8wstr\u00f8m Nyenget jubler i Ruka.<br \/>\n      Foto: Terje Pedersen (NTB)\n    <\/p>\n<p>  Seks nordmenn blant de ti beste<\/p>\n<p>Bak Kl\u00e6bo kom alts\u00e5 b\u00e5de Martin Nyenget og Andreas Fjorden Ree i god driv. Nyenget hadde marginene p\u00e5 sin side og sikret seieren, mens Re m\u00e5tte ta til takke med fjerdeplassen.<\/p>\n<p>Erik Valnes fulgte p\u00e5 sjetteplass, Mattis Stenshagen p\u00e5 sjuendeplass og Didrik T\u00f8nseth p\u00e5 \u00e5ttendeplass p\u00e5 en dag der seks nordmenn var blant de ti beste.<\/p>\n","protected":false},"excerpt":{"rendered":"Johannes H\u00f8sflot Kl\u00e6bo hadde ikke marginene p\u00e5 sin side fredag ettermiddag. Tr\u00f8nderen fikk nemlig beint\u00f8ff kamp om seieren&hellip;\n","protected":false},"author":2,"featured_media":99166,"comment_status":"","ping_status":"","sticky":false,"template":"","format":"standard","meta":{"footnotes":""},"categories":[5],"tags":[20,21,24,25,15,19,22,23,17,18,13,30,28,29,14,16,26,27],"class_list":{"0":"post-99165","1":"post","2":"type-post","3":"status-publish","4":"format-standard","5":"has-post-thumbnail","7":"category-overskrifter","8":"tag-breaking-news","9":"tag-breakingnews","10":"tag-featured-news","11":"tag-featurednews","12":"tag-headlines","13":"tag-hovedoppslag","14":"tag-latest-news","15":"tag-latestnews","16":"tag-main-news","17":"tag-mainnews","18":"tag-news","19":"tag-no","20":"tag-norge","21":"tag-norway","22":"tag-nyheter","23":"tag-overskrifter","24":"tag-top-stories","25":"tag-topstories"},"share_on_mastodon":{"url":"https:\/\/pubeurope.com\/@no\/115627709447966345","error":""},"_links":{"self":[{"href":"https:\/\/www.europesays.com\/no\/wp-json\/wp\/v2\/posts\/99165","targetHints":{"allow":["GET"]}}],"collection":[{"href":"https:\/\/www.europesays.com\/no\/wp-json\/wp\/v2\/posts"}],"about":[{"href":"https:\/\/www.europesays.com\/no\/wp-json\/wp\/v2\/types\/post"}],"author":[{"embeddable":true,"href":"https:\/\/www.europesays.com\/no\/wp-json\/wp\/v2\/users\/2"}],"replies":[{"embeddable":true,"href":"https:\/\/www.europesays.com\/no\/wp-json\/wp\/v2\/comments?post=99165"}],"version-history":[{"count":0,"href":"https:\/\/www.europesays.com\/no\/wp-json\/wp\/v2\/posts\/99165\/revisions"}],"wp:featuredmedia":[{"embeddable":true,"href":"https:\/\/www.europesays.com\/no\/wp-json\/wp\/v2\/media\/99166"}],"wp:attachment":[{"href":"https:\/\/www.europesays.com\/no\/wp-json\/wp\/v2\/media?parent=99165"}],"wp:term":[{"taxonomy":"category","embeddable":true,"href":"https:\/\/www.europesays.com\/no\/wp-json\/wp\/v2\/categories?post=99165"},{"taxonomy":"post_tag","embeddable":true,"href":"https:\/\/www.europesays.com\/no\/wp-json\/wp\/v2\/tags?post=99165"}],"curies":[{"name":"wp","href":"https:\/\/api.w.org\/{rel}","templated":true}]}}