{"id":99167,"date":"2025-11-28T14:06:08","date_gmt":"2025-11-28T14:06:08","guid":{"rendered":"https:\/\/www.europesays.com\/no\/99167\/"},"modified":"2025-11-28T14:06:08","modified_gmt":"2025-11-28T14:06:08","slug":"emil-iversen-vant-utrolig-viktig-norgescup-renn-etter-uttaksbrak-nrk-sport-sportsnyheter-resultater-og-sendeplan","status":"publish","type":"post","link":"https:\/\/www.europesays.com\/no\/99167\/","title":{"rendered":"Emil Iversen vant utrolig viktig Norgescup-renn etter uttaksbr\u00e5k \u2013 NRK Sport \u2013 Sportsnyheter, resultater og sendeplan"},"content":{"rendered":"<p>\u2013 Nei, Per Elias (Kalfoss, landslagssjef), n\u00e5 kommer du ikke utenom meg. Ha, ha! sier Iversen til Direktesport p\u00e5 sp\u00f8rsm\u00e5l om hvordan det blir \u00e5 g\u00e5 verdenscup i Trondheim.<\/p>\n<p>For seieren p\u00e5 OL-\u00f8velsen 10 km fristil med intervallstart p\u00e5 G\u00e5l\u00e5 sikrer han friplass til verdenscupen i Trondheim neste helg p\u00e5 samme distanse.<\/p>\n<p>Han ble vraket til verdenscupen i Ruka til fordel for Edvard Sandvik. Begrunnelsen fra langrennsledelsen var at de valgte en l\u00f8pet med utviklingspotensial.<\/p>\n<p>Dermed var han mer eller mindre avhengig av \u00e5 vinne p\u00e5 G\u00e5l\u00e5.<\/p>\n<p>\u2013 Dette var r\u00e5tt. Det var en kjempedag hvor jeg var heldig med startnummeret, sier Iversen.<\/p>\n<p>I m\u00e5lomr\u00e5det sto han sammen med forloveden Bettina Burud og felte t\u00e5rer.<\/p>\n<p>Se situasjonen i videovinduet \u00f8verst!<\/p>\n<p><img decoding=\"async\"   src=\"data:image\/gif;base64,R0lGODlhAQABAIAAAAAAAP\/\/\/yH5BAEAAAAALAAAAAABAAEAAAIBRAA7\" loading=\"eager\" alt=\"En skil\u00f8per holder stokker og st\u00e5r p\u00e5 en sn\u00f8dekt rute under konkurranseforhold. Han b\u00e6rer en drakt i bl\u00e5tt og brunt, tydelig preget av sponsorlogoer. I bakgrunnen kan man se en banner og sn\u00f8dekte omgivelsene. Det er t\u00e5ke, noe som reduserer sikten.\" title=\"Foto: Terje Pedersen \/ NTB\"\/><\/p>\n<p class=\"\">SVARTE P\u00c5 TILTALE: Emil Iversen vant p\u00e5 G\u00e5l\u00e5 og sikret seg friplass til verdenscupen i Trondheim.<\/p>\n<p>Foto: Terje Pedersen \/ NTB<\/p>\n<p>\u2013 Emil Iversen ble ikke tatt med hit, var det fordi han skulle vinne 10 kilometer p\u00e5 G\u00e5l\u00e5 som han n\u00e5 har gjort?<\/p>\n<p>\u2013 Ja, jeg s\u00e5 idet han gikk inn her at han ledet, men da var det ikke helt over enn\u00e5. Men da f\u00e5r han i hvert fall g\u00e5 sk\u00f8yting i Gran\u00e5sen, s\u00e5 det blir bra, sier langrennstrener Eirik Myhr Nossum til NRK.<\/p>\n<p>Sp\u00f8rsm\u00e5let er om han ogs\u00e5 kan f\u00e5 f\u00e5tt skiathlonen i Trondheim. Om han skal kvalifisere seg til skiathlonet m\u00e5 han lede distansecupen i Norgescupen sammenlagt..<\/p>\n<p>\u2013 Sp\u00f8rsm\u00e5let er om han blir skj\u00f8nna inn basert p\u00e5 det han har gjort i dag. N\u00e5 har han allerede v\u00e6rt i krangel med landslagsledelsen. Fikk jo ikke lov til \u00e5 g\u00e5 her i Ruka og grunnet alder, rett og slett. Og det ble det en del br\u00e5k rundt, fortsetter Aukland.<\/p>\n<p>Uttaksbr\u00e5k<\/p>\n<p>Dagene f\u00f8r verdenscup\u00e5pningen i Ruka har v\u00e6rt preget av br\u00e5k rundt uttaket. Da Simen Hegstad Kr\u00fcger ble syk ble han erstattet av Edvard Sandvik.<\/p>\n<p>Kl\u00e6bo og Didrik T\u00f8nseth mente at det var Emil Iversen som burde f\u00e5tt plassen, <a href=\"https:\/\/www.nrk.no\/sport\/klaebo-og-tonseth-tar-emil-iversen-i-forsvar-etter-vrakingen-til-verdenscupapningen-i-ruka-1.17669539\" ec-id=\"pp:article:1.17669539\" ec-name=\"og kalte argumentene til landslagsledelsen tynne.\" rel=\"nofollow noopener\" target=\"_blank\">og kalte argumentene til landslagsledelsen tynne.<\/a><\/p>\n<p><img decoding=\"async\"   src=\"data:image\/gif;base64,R0lGODlhAQABAIAAAAAAAP\/\/\/yH5BAEAAAAALAAAAAABAAEAAAIBRAA7\" loading=\"eager\" alt=\"En skil\u00f8per i r\u00f8d drakt deltar i en konkurranse p\u00e5 sn\u00f8dekt bane. Ut\u00f8veren har skistavene i hendene og er i bevegelse. I bakgrunnen er det sn\u00f8dekte tr\u00e6r og deler av konkurranseutstyr synlig. Reklamebanner og markeringer p\u00e5 banen kan sees i omgivelser.\" title=\"Foto: Terje Pedersen \/ NTB\"\/><\/p>\n<p class=\"\">FIKK G\u00c5 I RUKA: Edvard Sandvik fikk sjansen i verdenscupen i Ruka p\u00e5 bekostning av Emil Iversen.<\/p>\n<p>Foto: Terje Pedersen \/ NTB<\/p>\n<p>P\u00e5 Beitost\u00f8len slo Iversen Sandvik med et par sekunder.<\/p>\n<p>\u2013 Jeg syns det er tynne argumenter i utgangspunktet. Jeg syns vi skal ta en som er god nok. S\u00e5 enkelt er det. Det er min mening, sa Kl\u00e6bo til NRK.<\/p>\n<p><a href=\"https:\/\/www.vg.no\/sport\/i\/OkbXXV\/emil-iversen-rasende-paa-uttaket-til-verdenscupen-i-ruka-tror-du-er-med-paa-skjult-kamera\" ec-id=\"https:\/\/www.vg.no\/sport\/i\/OkbXXV\/emil-iversen-rasende-paa-uttaket-til-verdenscupen-i-ruka-tror-du-er-med-paa-skjult-kamera\" ec-name=\"VG\" rel=\"nofollow noopener\" target=\"_blank\">VG<\/a> omtalte frustrasjonen til Iversen f\u00f8rst.<\/p>\n<p>Sandvik svarte p\u00e5 uttaket med \u00e5 bli nummer 13, dr\u00f8ye halvminuttet bak Nyenget. Han var d\u00e5rligst av de norske.<\/p>\n<p>Nyenget vant sekundstrid<\/p>\n<p>I Ruka ble det uhyre jevnt mellom Nyenget og Johannes H\u00f8sflot Kl\u00e6bo.<\/p>\n<p>I siste motbakken var det vanskelig \u00e5 se hvem som skulle vinne.<\/p>\n<p>\u2013 Kl\u00e6bo ser bekymra ut, kommenterte NRKs ekspert Torgeir Bj\u00f8rn.<\/p>\n<p>Til slutt skilte det bare 2,1 sekund mellom dem, og det var Nyenget som var sterkest.<\/p>\n<p>\u2013 Dobbelt norsk, seier til Nyenget! kommenterte Jann Post.<\/p>\n<p><img decoding=\"async\"   src=\"data:image\/gif;base64,R0lGODlhAQABAIAAAAAAAP\/\/\/yH5BAEAAAAALAAAAAABAAEAAAIBRAA7\" loading=\"eager\" alt=\"En skiskytter i r\u00f8d og hvit drakt ligger p\u00e5 kne i sn\u00f8en, if\u00f8rt skist\u00f8vler og stav. Han ser ut til \u00e5 ha falt og har en bekymret uttrykk. To ski er synlige i n\u00e6rbildet, plassert p\u00e5 bakken foran ham. Omr\u00e5det er dekket av sn\u00f8, og det er d\u00e5rlige lysforhold som tyder p\u00e5 at det er kveld.\" title=\"Foto: Terje Pedersen \/ NTB\"\/><\/p>\n<p class=\"\">GISPET ETTER LUFT: Martin L\u00f8wstr\u00f8m Nyenget var en glad, men sliten mann i m\u00e5lomr\u00e5det i Ruka.<\/p>\n<p>Foto: Terje Pedersen \/ NTB<\/p>\n<p>\u2013 Han er i ferd med \u00e5 bli en Ruka-spesialist, Nyenget. Rett og slett. Og han avgj\u00f8r duellene i sin fav\u00f8r. Han har g\u00e5tt p\u00e5 tidene. Og det er en sliten, men lykkelig mann i m\u00e5lomr\u00e5det her, sa Torgeir Bj\u00f8rn etter at seieren var klar.<\/p>\n<p>Man trodde kanskje sekundstriden skulle st\u00e5 mellom Kl\u00e6bo og \u00f8sterrikske Mika Vermeulen. Kl\u00e6bo kjempet seg inn 2,1 sekunder foran Vermeulen i m\u00e5l som ble nummer tre.<\/p>\n<p>\u2013 Overraskelsesmann sies det. Er du enig?<\/p>\n<p>\u2013 Ja, det er jeg enig i. Jeg kunne nesten ikke tro det n\u00e5r jeg fikk mellomtidene f\u00f8rste gang. Det var litt s\u00e5nn: &laquo;Oi, jeg kjemper om seier her &#8211; what the fuck!?&raquo;<\/p>\n<p>Vermeulen bor i Lillehammer, og har l\u00e6rt seg norsk p\u00e5 en litt spesiell m\u00e5te:<\/p>\n<p>\u00d8sterrikske Mika Vermeulen flyttet til Norge i 2020. For \u00e5 l\u00e6re norsk har han h\u00f8rt p\u00e5 Tix russel\u00e5ter og Vassendgutane.<\/p>\n<p>Publisert<\/p>\n<p>28.11.2025, kl. 14.19<\/p>\n<p>Oppdatert<\/p>\n<p>28.11.2025, kl. 15.04<\/p>\n","protected":false},"excerpt":{"rendered":"\u2013 Nei, Per Elias (Kalfoss, landslagssjef), n\u00e5 kommer du ikke utenom meg. Ha, ha! sier Iversen til Direktesport&hellip;\n","protected":false},"author":2,"featured_media":99168,"comment_status":"","ping_status":"","sticky":false,"template":"","format":"standard","meta":{"footnotes":""},"categories":[59],"tags":[30,28,29,83,82],"class_list":{"0":"post-99167","1":"post","2":"type-post","3":"status-publish","4":"format-standard","5":"has-post-thumbnail","7":"category-sport","8":"tag-no","9":"tag-norge","10":"tag-norway","11":"tag-sport","12":"tag-sports"},"share_on_mastodon":{"url":"https:\/\/pubeurope.com\/@no\/115627713254171551","error":""},"_links":{"self":[{"href":"https:\/\/www.europesays.com\/no\/wp-json\/wp\/v2\/posts\/99167","targetHints":{"allow":["GET"]}}],"collection":[{"href":"https:\/\/www.europesays.com\/no\/wp-json\/wp\/v2\/posts"}],"about":[{"href":"https:\/\/www.europesays.com\/no\/wp-json\/wp\/v2\/types\/post"}],"author":[{"embeddable":true,"href":"https:\/\/www.europesays.com\/no\/wp-json\/wp\/v2\/users\/2"}],"replies":[{"embeddable":true,"href":"https:\/\/www.europesays.com\/no\/wp-json\/wp\/v2\/comments?post=99167"}],"version-history":[{"count":0,"href":"https:\/\/www.europesays.com\/no\/wp-json\/wp\/v2\/posts\/99167\/revisions"}],"wp:featuredmedia":[{"embeddable":true,"href":"https:\/\/www.europesays.com\/no\/wp-json\/wp\/v2\/media\/99168"}],"wp:attachment":[{"href":"https:\/\/www.europesays.com\/no\/wp-json\/wp\/v2\/media?parent=99167"}],"wp:term":[{"taxonomy":"category","embeddable":true,"href":"https:\/\/www.europesays.com\/no\/wp-json\/wp\/v2\/categories?post=99167"},{"taxonomy":"post_tag","embeddable":true,"href":"https:\/\/www.europesays.com\/no\/wp-json\/wp\/v2\/tags?post=99167"}],"curies":[{"name":"wp","href":"https:\/\/api.w.org\/{rel}","templated":true}]}}