{"id":99169,"date":"2025-11-28T14:07:13","date_gmt":"2025-11-28T14:07:13","guid":{"rendered":"https:\/\/www.europesays.com\/no\/99169\/"},"modified":"2025-11-28T14:07:13","modified_gmt":"2025-11-28T14:07:13","slug":"jeg-har-opplevd-sorg","status":"publish","type":"post","link":"https:\/\/www.europesays.com\/no\/99169\/","title":{"rendered":"&#8211; Jeg har opplevd sorg"},"content":{"rendered":"<p class=\"kicker t20\" style=\"\">\u00abThe Thing with Feathers\u00bb<\/p>\n<p>  Benedict Cumberbatch benyttet en smertefull snarvei da han spilte en s\u00f8rgende enkemann i den nye filmen \u00abThe Thing with Feathers\u00bb.<\/p>\n<p>\n    POPUL\u00c6R SKUESPILLER: Benedict Cumberbatch p\u00e5 r\u00f8d l\u00f8per i forbindelse med filmpremiere i New York i august. Foto: Charly Triballeu\/NTB\n  <\/p>\n<p>Benedict Cumberbatch (49) har for lengst blitt et kjent ansikt for mange nordmenn med roller i alt fra \u00abSherlock\u00bb til \u00e5 spille superhelten Dr. Strange i Marvel-filmene.<\/p>\n<p>Men i det psykologiske dramaet <a href=\"https:\/\/www.imdb.com\/title\/tt27773954\/\" target=\"_blank\" rel=\"nofollow noopener\">\u00abThe Thing with Feathers\u00bb<\/a> g\u00e5r han langt utenfor den sedvanlige komfortsonen vi er vant til \u00e5 se ham i.<\/p>\n<p>I filmen, basert p\u00e5 Max Porters roman fra 2015, spiller 49-\u00e5ringen en tobarnsfar som plutselig opplever \u00e5 miste kona si. Og for \u00e5 komme inn i rollen, benyttet han en helt spesiell metode.<\/p>\n<p>    <a itemprop=\"url\" href=\"https:\/\/www.dagbladet.no\/kjendis\/julia-roberts-i-metoo-storm\/83525324\" rel=\"nofollow noopener\" target=\"_blank\"><\/p>\n<p>      <img loading=\"lazy\" decoding=\"async\" src=\"https:\/\/www.europesays.com\/no\/wp-content\/uploads\/2025\/11\/83525378.webp\" width=\"980\" height=\"441\" title=\"Julia Roberts i #MeToo-storm\" alt=\"\" class=\"lazyload\" style=\"--aspect-ratio-image: 2.22; \"\/><\/p>\n<p>        Julia Roberts i #MeToo-storm<\/p>\n<p>    <\/a><\/p>\n<p>Uskyldige stemmer\t<\/p>\n<p>For en av scenene hadde to barneskuespillere spilt inn en voice over der guttene \u00e5pner opp om hvor mye de savner moren sin. Cumberbatch forteller i et intervju med <a href=\"https:\/\/www.independent.co.uk\/arts-entertainment\/films\/features\/benedict-cumberbatch-the-thing-with-feathers-b2868261.html\" target=\"_blank\" rel=\"nofollow noopener\">The Independent<\/a> at han lyttet til opptaket n\u00e5r han trengte det.<\/p>\n<p>          <img loading=\"lazy\" decoding=\"async\" src=\"https:\/\/www.europesays.com\/no\/wp-content\/uploads\/2025\/11\/83890833.webp\" width=\"686\" height=\"467\" title=\"NY FILM: \u00abThe Thing with Feathers\u00bb beskrives som langt unna Cumberbatch' \u00abvanlige\u00bb Hollywood-produksjoner. Foto: Vue Lumi\u00e8re\" alt=\"\" class=\"\" style=\"--aspect-ratio-image: 1.47; \"\/><\/p>\n<p>\n          NY FILM: \u00abThe Thing with Feathers\u00bb beskrives som langt unna Cumberbatch&#8217; \u00abvanlige\u00bb Hollywood-produksjoner. Foto: Vue Lumi\u00e8re\n      <\/p>\n<p>&#8211; Jeg brukte det som et verkt\u00f8y for \u00e5 sette meg inn i deres smerte, deres perspektiv, deres f\u00f8lelse av tap, sier han.<\/p>\n<p class=\"font-weight-bold m-font-weight-bold\" data-lab-font_weight=\"font-weight-bold\">&#8211; Og de uskyldige sm\u00e5 stemmene som snakker om hvordan faren deres har forandret seg mye etter at mora d\u00f8de, ga meg umiddelbar tilgang til sterke f\u00f8lelser.<\/p>\n<p>At skuespilleren selv har tre s\u00f8nner, gjorde det hele enda t\u00f8ffere, forteller han.<\/p>\n<p>&#8211; Men jeg er nesten 50, s\u00e5 jeg har levd litt. Jeg har opplevd sorg. Og alle som har elsket eller mistet noen, kan kjenne seg igjen.<\/p>\n<p>    <a itemprop=\"url\" href=\"https:\/\/www.dagbladet.no\/kjendis\/kjenner-meg-ikke-igjen\/83885871\" rel=\"nofollow noopener\" target=\"_blank\"><\/p>\n<p>      <img loading=\"lazy\" decoding=\"async\" src=\"https:\/\/www.europesays.com\/no\/wp-content\/uploads\/2025\/11\/83885943.webp\" width=\"147\" height=\"98\" title=\"- Kjenner meg ikke igjen\" alt=\"\" class=\"lazyload\" style=\"--aspect-ratio-image: 1.50; \"\/><\/p>\n<p>        &#8211; Kjenner meg ikke igjen<\/p>\n<p>    <\/a><\/p>\n<p>Oppfordring til menn\t<\/p>\n<p>\u00abThe Thing with Feathers\u00bb er som nevnt basert p\u00e5 Max Porters kritikerroste roman fra 2015. Den handler om en mann og s\u00f8nnene hans som sliter med sorgen etter at kona og mora d\u00f8r plutselig.<\/p>\n<p>S\u00e5 dukker en pratende kr\u00e5ke opp i livene deres.<\/p>\n<p class=\"font-weight-bold m-font-weight-bold\" data-lab-font_weight=\"font-weight-bold\">Boka &#8211; som lenge var ansett som umulig \u00e5 filmatisere &#8211; har blitt oversatt til 38 spr\u00e5k. Blant annet har superstjerna\u00a0<a href=\"https:\/\/www.service95.com\/dua-lipa-max-porter-interview\" target=\"_blank\" rel=\"nofollow noopener\">Dua Lipa<\/a>\u00a0(30) erkl\u00e6rt seg som superfan.<\/p>\n<p>          <img loading=\"lazy\" decoding=\"async\" src=\"https:\/\/www.europesays.com\/no\/wp-content\/uploads\/2025\/11\/83890911.webp\" width=\"686\" height=\"446\" title=\"BOKELSKER: Den engelske artisten Dua Lipa er blant de mange som har trykket Max Porters bestselger-bok til sitt bryst. Foto: Angela Weiss\/AFP\" alt=\"\" class=\"\" style=\"--aspect-ratio-image: 1.54; \"\/><\/p>\n<p>\n          BOKELSKER: Den engelske artisten Dua Lipa er blant de mange som har trykket Max Porters bestselger-bok til sitt bryst. Foto: Angela Weiss\/AFP\n      <\/p>\n<p>I filmen ser vi hvordan faren sliter med \u00e5 h\u00e5ndtere sorgen. Han pr\u00f8ver \u00e5 skjule den for s\u00f8nnene, men den kommer ut i raseriutbrudd.<\/p>\n<p>&#8211; Jeg synes det er veldig viktig \u00e5 snakke om menns manglende evne til \u00e5 h\u00e5ndtere f\u00f8lelser, og hvor lett den s\u00e5rbarheten kan utnyttes til ganske m\u00f8rke form\u00e5l &#8211; enten det handler om incel-kultur, oppr\u00f8rskultur eller en skyldkultur der man alltid legger ansvaret p\u00e5 andre, mener Cumberbatch.<\/p>\n<p>\u00abThe Thing with Feathers\u00bb har norsk kinopremiere 9. januar. <\/p>\n","protected":false},"excerpt":{"rendered":"\u00abThe Thing with Feathers\u00bb Benedict Cumberbatch benyttet en smertefull snarvei da han spilte en s\u00f8rgende enkemann i den&hellip;\n","protected":false},"author":2,"featured_media":99170,"comment_status":"","ping_status":"","sticky":false,"template":"","format":"standard","meta":{"footnotes":""},"categories":[58],"tags":[12689,71,460,461,479,30,28,29,4005,72],"class_list":{"0":"post-99169","1":"post","2":"type-post","3":"status-publish","4":"format-standard","5":"has-post-thumbnail","7":"category-underholdning","8":"tag-benedict-cumberbatch","9":"tag-entertainment","10":"tag-film","11":"tag-kino","12":"tag-kjendis","13":"tag-no","14":"tag-norge","15":"tag-norway","16":"tag-some","17":"tag-underholdning"},"share_on_mastodon":{"url":"https:\/\/pubeurope.com\/@no\/115627717206573298","error":""},"_links":{"self":[{"href":"https:\/\/www.europesays.com\/no\/wp-json\/wp\/v2\/posts\/99169","targetHints":{"allow":["GET"]}}],"collection":[{"href":"https:\/\/www.europesays.com\/no\/wp-json\/wp\/v2\/posts"}],"about":[{"href":"https:\/\/www.europesays.com\/no\/wp-json\/wp\/v2\/types\/post"}],"author":[{"embeddable":true,"href":"https:\/\/www.europesays.com\/no\/wp-json\/wp\/v2\/users\/2"}],"replies":[{"embeddable":true,"href":"https:\/\/www.europesays.com\/no\/wp-json\/wp\/v2\/comments?post=99169"}],"version-history":[{"count":0,"href":"https:\/\/www.europesays.com\/no\/wp-json\/wp\/v2\/posts\/99169\/revisions"}],"wp:featuredmedia":[{"embeddable":true,"href":"https:\/\/www.europesays.com\/no\/wp-json\/wp\/v2\/media\/99170"}],"wp:attachment":[{"href":"https:\/\/www.europesays.com\/no\/wp-json\/wp\/v2\/media?parent=99169"}],"wp:term":[{"taxonomy":"category","embeddable":true,"href":"https:\/\/www.europesays.com\/no\/wp-json\/wp\/v2\/categories?post=99169"},{"taxonomy":"post_tag","embeddable":true,"href":"https:\/\/www.europesays.com\/no\/wp-json\/wp\/v2\/tags?post=99169"}],"curies":[{"name":"wp","href":"https:\/\/api.w.org\/{rel}","templated":true}]}}