{"id":99177,"date":"2025-11-28T14:17:41","date_gmt":"2025-11-28T14:17:41","guid":{"rendered":"https:\/\/www.europesays.com\/no\/99177\/"},"modified":"2025-11-28T14:17:41","modified_gmt":"2025-11-28T14:17:41","slug":"peder-kjos-psykolog-peder-kjos-far-begrenset-sin-autorisasjon-som-psykolog","status":"publish","type":"post","link":"https:\/\/www.europesays.com\/no\/99177\/","title":{"rendered":"Peder Kj\u00f8s, Psykolog | Peder Kj\u00f8s f\u00e5r begrenset sin autorisasjon som psykolog"},"content":{"rendered":"\n<p>I brevet st\u00e5r det blant annet at Helsetilsynet har \u00abbegrenset Kj\u00f8s sin autorisasjon som psykolog\u00bb, skriver <a rel=\"noopener nofollow\" href=\"https:\/\/www.aftenposten.no\/norge\/i\/kwr8rA\/peder-kjoes-faar-begrenset-sin-autorisasjon-som-psykolog\" target=\"_blank\">Aftenposten<\/a>.<\/p>\n<p>Det presiseres if\u00f8lge avisen at han fortsatt kan jobbe som psykolog forutsatt at han f\u00f8lger vilk\u00e5rene fastsatt av tilsynet.<\/p>\n<p>Kj\u00f8s ble rikskjent for NRK-programmet \u00abJeg mot meg\u00bb, som gikk fra 2016 til 2018.<\/p>\n<p>Aftenposten har forel\u00f8pig ikke lykkes \u00e5 f\u00e5 en kommentar fra Kj\u00f8s.<\/p>\n<p>Avisen gjengir en SMS han tidligere har skrevet om dette: \u00abJeg ser godt at jeg har gjort feil i denne saken klagen gjelder, og det er jeg veldig lei for.\u00bb<\/p>\n<p>I juni 2024 varslet Tirill Brenden S\u00e6ther sammen med helsepersonell om psykolog Peder Kj\u00f8s. I 2017 gjennomf\u00f8rte hun terapi offentlig med Kj\u00f8s i forbindelse med podkastserien \u00abHos Peder\u00bb. De to har ogs\u00e5 skrevet en bok sammen.<\/p>\n<p>I varselet anklages Kj\u00f8s blant annet for manglende rolleforst\u00e5else, og at han ikke tok godt nok vare p\u00e5 pasientens behov og rettigheter. Tilsynssaken omfatter if\u00f8lge Aftenposten ogs\u00e5 andre klienter.<\/p>\n<p>Statsforvalteren behandlet varselet f\u00f8r det ble sendt videre til Helsetilsynet. De kritiserte blant annet Kj\u00f8s for \u00e5 ha blandet rollene som terapeut og venn i bokprosjektet.<\/p>\n","protected":false},"excerpt":{"rendered":"I brevet st\u00e5r det blant annet at Helsetilsynet har \u00abbegrenset Kj\u00f8s sin autorisasjon som psykolog\u00bb, skriver Aftenposten. Det&hellip;\n","protected":false},"author":2,"featured_media":99178,"comment_status":"","ping_status":"","sticky":false,"template":"","format":"standard","meta":{"footnotes":""},"categories":[5],"tags":[20,21,24,25,15,19,22,23,17,18,13,30,28,29,14,16,26,27],"class_list":{"0":"post-99177","1":"post","2":"type-post","3":"status-publish","4":"format-standard","5":"has-post-thumbnail","7":"category-overskrifter","8":"tag-breaking-news","9":"tag-breakingnews","10":"tag-featured-news","11":"tag-featurednews","12":"tag-headlines","13":"tag-hovedoppslag","14":"tag-latest-news","15":"tag-latestnews","16":"tag-main-news","17":"tag-mainnews","18":"tag-news","19":"tag-no","20":"tag-norge","21":"tag-norway","22":"tag-nyheter","23":"tag-overskrifter","24":"tag-top-stories","25":"tag-topstories"},"share_on_mastodon":{"url":"https:\/\/pubeurope.com\/@no\/115627757384940501","error":""},"_links":{"self":[{"href":"https:\/\/www.europesays.com\/no\/wp-json\/wp\/v2\/posts\/99177","targetHints":{"allow":["GET"]}}],"collection":[{"href":"https:\/\/www.europesays.com\/no\/wp-json\/wp\/v2\/posts"}],"about":[{"href":"https:\/\/www.europesays.com\/no\/wp-json\/wp\/v2\/types\/post"}],"author":[{"embeddable":true,"href":"https:\/\/www.europesays.com\/no\/wp-json\/wp\/v2\/users\/2"}],"replies":[{"embeddable":true,"href":"https:\/\/www.europesays.com\/no\/wp-json\/wp\/v2\/comments?post=99177"}],"version-history":[{"count":0,"href":"https:\/\/www.europesays.com\/no\/wp-json\/wp\/v2\/posts\/99177\/revisions"}],"wp:featuredmedia":[{"embeddable":true,"href":"https:\/\/www.europesays.com\/no\/wp-json\/wp\/v2\/media\/99178"}],"wp:attachment":[{"href":"https:\/\/www.europesays.com\/no\/wp-json\/wp\/v2\/media?parent=99177"}],"wp:term":[{"taxonomy":"category","embeddable":true,"href":"https:\/\/www.europesays.com\/no\/wp-json\/wp\/v2\/categories?post=99177"},{"taxonomy":"post_tag","embeddable":true,"href":"https:\/\/www.europesays.com\/no\/wp-json\/wp\/v2\/tags?post=99177"}],"curies":[{"name":"wp","href":"https:\/\/api.w.org\/{rel}","templated":true}]}}