{"id":99179,"date":"2025-11-28T14:18:37","date_gmt":"2025-11-28T14:18:37","guid":{"rendered":"https:\/\/www.europesays.com\/no\/99179\/"},"modified":"2025-11-28T14:18:37","modified_gmt":"2025-11-28T14:18:37","slug":"resultater-10-km-fri-kvinner-norgescup-langrenn-gala-2025","status":"publish","type":"post","link":"https:\/\/www.europesays.com\/no\/99179\/","title":{"rendered":"Resultater 10 km fri kvinner Norgescup langrenn G\u00e5l\u00e5 2025"},"content":{"rendered":"<p class=\"cat-description\">Program, startlister og resultater fra 10 km fri kvinner under Norgescup langrenn G\u00e5l\u00e5 som arrangeres 28. november 2025.<\/p>\n<p>Publisert 28. november 2025 i <a href=\"https:\/\/www.sportsidioten.no\/.\/langrenn\/\" class=\"kmn-grid-model-taxlink\" rel=\"nofollow noopener\" target=\"_blank\">Langrenn<\/a><\/p>\n<p><a href=\"https:\/\/www.sportsidioten.no\/langrenn\/norgescup-langrenn-gala-2025\/\" rel=\"nofollow noopener\" target=\"_blank\">Alle resultater Norgescup langrenn G\u00e5l\u00e5<\/a><\/p>\n<p>10 km fri kvinner Norgescup langrenn G\u00e5l\u00e5 2025<br \/>\n<a href=\"https:\/\/live.fis-ski.com\/cc-2297\/results-pda.htm\" target=\"_blank\" rel=\"noopener nofollow\">Liveresultater<\/a><br \/>\n<img loading=\"lazy\" decoding=\"async\" class=\"alignnone size-full wp-image-131611\" src=\"https:\/\/www.europesays.com\/no\/wp-content\/uploads\/2025\/11\/1-124.png\" alt=\"\" width=\"745\" height=\"738\"  \/><\/p>\n<p><img loading=\"lazy\" decoding=\"async\" class=\"alignnone size-full wp-image-131612\" src=\"https:\/\/www.europesays.com\/no\/wp-content\/uploads\/2025\/11\/2-68.png\" alt=\"\" width=\"744\" height=\"740\"  \/><\/p>\n<p><img loading=\"lazy\" decoding=\"async\" class=\"alignnone size-full wp-image-131613\" src=\"https:\/\/www.europesays.com\/no\/wp-content\/uploads\/2025\/11\/3-48.png\" alt=\"\" width=\"742\" height=\"740\"  \/><\/p>\n<p><img loading=\"lazy\" decoding=\"async\" class=\"alignnone size-full wp-image-131614\" src=\"https:\/\/www.europesays.com\/no\/wp-content\/uploads\/2025\/11\/4-42.png\" alt=\"\" width=\"742\" height=\"733\"  \/><\/p>\n<p><img loading=\"lazy\" decoding=\"async\" class=\"alignnone size-full wp-image-131610\" src=\"https:\/\/www.europesays.com\/no\/wp-content\/uploads\/2025\/11\/5-32.png\" alt=\"\" width=\"741\" height=\"333\"  \/><\/p>\n<p><a href=\"https:\/\/www.sportsidioten.no\/wp-content\/uploads\/2025\/11\/20251128-10km-f-kvinner-u23.pdf\" rel=\"nofollow noopener\" target=\"_blank\">Egen liste for U23-l\u00f8pere<\/a><\/p>\n<p>Startlister<\/p>\n<p><img loading=\"lazy\" decoding=\"async\" class=\"alignnone size-full wp-image-131486\" src=\"https:\/\/www.europesays.com\/no\/wp-content\/uploads\/2025\/11\/1-113.png\" alt=\"\" width=\"658\" height=\"730\"  \/><\/p>\n<p><img loading=\"lazy\" decoding=\"async\" class=\"alignnone size-full wp-image-131485\" src=\"https:\/\/www.europesays.com\/no\/wp-content\/uploads\/2025\/11\/2-62.png\" alt=\"\" width=\"649\" height=\"739\"  \/><\/p>\n<p><img loading=\"lazy\" decoding=\"async\" class=\"alignnone size-full wp-image-131484\" src=\"https:\/\/www.europesays.com\/no\/wp-content\/uploads\/2025\/11\/3-44.png\" alt=\"\" width=\"650\" height=\"738\"  \/><\/p>\n<p><img loading=\"lazy\" decoding=\"async\" class=\"alignnone size-full wp-image-131483\" src=\"https:\/\/www.europesays.com\/no\/wp-content\/uploads\/2025\/11\/4-38.png\" alt=\"\" width=\"657\" height=\"737\"  \/><\/p>\n<p><img loading=\"lazy\" decoding=\"async\" class=\"alignnone size-full wp-image-131482\" src=\"https:\/\/www.europesays.com\/no\/wp-content\/uploads\/2025\/11\/5-29.png\" alt=\"\" width=\"654\" height=\"341\"  \/><\/p>\n<p>L\u00f8ypekart<\/p>\n<p><img loading=\"lazy\" decoding=\"async\" class=\"alignnone size-large wp-image-131443\" src=\"https:\/\/www.europesays.com\/no\/wp-content\/uploads\/2025\/11\/33-km-768x1024.jpg\" alt=\"\" width=\"768\" height=\"1024\"  \/><\/p>\n<p>Om G\u00e5l\u00e5sprinten<\/p>\n<p>Norgescup senior, G\u00e5l\u00e5sprinten<\/p>\n<p>Dato<\/p>\n<p>28. \u2013 30. november<\/p>\n<p>Sted<\/p>\n<p>G\u00e5l\u00e5 skistadion, Innlandet<\/p>\n<p>P\u00e5 TV<\/p>\n<p>Direktesport sender direkte fra alle rennene. <a href=\"https:\/\/www.direktesport.no\/sport\/vintersport\/langrenn\" target=\"_blank\" rel=\"noopener nofollow\">Lenke til sendingen<\/a> (krever abonnement).<\/p>\n<p><a href=\"https:\/\/sportsidioten.no\/hopp\/vintersport-pa-tv\/\" rel=\"nofollow noopener\" target=\"_blank\">Vintersport p\u00e5 TV<\/a><\/p>\n<p>Program og resultater<br \/>\n<strong>Fredag 28. november \u2013 <\/strong>10 km intervallstart fri<\/p>\n<ul>\n<li>Kl 11.00: Kvinner<\/li>\n<li>Kl 12.40: Menn<\/li>\n<\/ul>\n<p><strong>L\u00f8rdag 29. november \u2013 <\/strong>Sprint klassisk<\/p>\n<p><strong>Senior:<\/strong><\/p>\n<ul>\n<li>Kl 09.15: Prolog<\/li>\n<li>Kl 11.00: Finaler<\/li>\n<\/ul>\n<p><strong>Juniorklasser:<\/strong><\/p>\n<ul>\n<li>Kl 13.00: Prolog<\/li>\n<li>Kl 14.00: Finaler<\/li>\n<\/ul>\n<p>S\u00f8ndag 30. november \u2013 20 km intervallstart klassisk<\/p>\n<p><strong>Senior:<\/strong><\/p>\n<ul>\n<li>Kl 09.00: Kvinner 20 km<\/li>\n<li>Kl 10.50: Menn 20 km<\/li>\n<\/ul>\n<p><strong>Juniorklasser:<\/strong><\/p>\n<ul>\n<li>Kl 13.13: Kvinner junior 7,5 km<\/li>\n<li>Kl 13.53: Menn junior 10 km<\/li>\n<\/ul>\n<p>Kvalifisering WC Trondheim<\/p>\n<p>Leder SPAR NC sammenlagt distanse har friplass til 20 km Skiathlon, vinner 10 F p\u00e5 G\u00e5l\u00e5 har friplass til 10 F, vinner Sprint K G\u00e5l\u00e5 har friplass til Sprint K. Ved delt plassering sammenlagt SPAR NC distanse, vil l\u00f8peren med beste totaltid p\u00e5 distanserennene ha direkteplass til 20km Skiathlon.<\/p>\n<p>Om arrangementet<\/p>\n<p>G\u00e5l\u00e5 Idrettsanlegg med de 5 klubbene Ruste IL, Vinstra IL, Tormod skilag, Harpefoss IL og S\u00f8r-Fron IL \u00f8nsker langrennsnorge velkommen til G\u00e5l\u00e5sprinten 2025! G\u00e5l\u00e5sprinten gjennomf\u00f8res fra fredag \u200b\u200b28. november til s\u00f8ndag 30. november.<\/p>\n<p>Det er norgescup for seniorer alle dager. L\u00f8rdag og s\u00f8ndag er det FIS-renn for juniorer. Det er klasser for para senior l\u00f8rdag og s\u00f8ndag (para junior g\u00e5r i senior klasse).<\/p>\n<p><a href=\"https:\/\/www.skiforbundet.no\/arrangement\/2025-2026\/gala25\/\" target=\"_blank\" rel=\"noopener nofollow\">Hjemmeside<\/a><\/p>\n<p>V\u00e6r<\/p>\n<p><a href=\"https:\/\/galahandel.no\/webkamera\/\" target=\"_blank\" rel=\"noopener nofollow\">Webkamera<\/a><\/p>\n<p><a href=\"http:\/\/www.pernord.no\/ghandel\/vaerstasjon.htm\" target=\"_blank\" rel=\"noopener nofollow\">V\u00e6rstasjon<\/a><\/p>\n<p><img decoding=\"async\" class=\"alignnone size-large\" src=\"https:\/\/www.yr.no\/nb\/innhold\/0-507\/meteogram.svg\" width=\"auto\" height=\"auto\"\/><\/p>\n<p><a href=\"https:\/\/www.sportsidioten.no\/langrenn\/terminliste-norgescup-langrenn-2025-26\/\" rel=\"nofollow noopener\" target=\"_blank\">Terminliste Norgescup senior langrenn 2025-26<\/a><\/p>\n","protected":false},"excerpt":{"rendered":"Program, startlister og resultater fra 10 km fri kvinner under Norgescup langrenn G\u00e5l\u00e5 som arrangeres 28. november 2025.&hellip;\n","protected":false},"author":2,"featured_media":99180,"comment_status":"","ping_status":"","sticky":false,"template":"","format":"standard","meta":{"footnotes":""},"categories":[59],"tags":[30,28,29,83,82],"class_list":{"0":"post-99179","1":"post","2":"type-post","3":"status-publish","4":"format-standard","5":"has-post-thumbnail","7":"category-sport","8":"tag-no","9":"tag-norge","10":"tag-norway","11":"tag-sport","12":"tag-sports"},"share_on_mastodon":{"url":"https:\/\/pubeurope.com\/@no\/115627760796585181","error":""},"_links":{"self":[{"href":"https:\/\/www.europesays.com\/no\/wp-json\/wp\/v2\/posts\/99179","targetHints":{"allow":["GET"]}}],"collection":[{"href":"https:\/\/www.europesays.com\/no\/wp-json\/wp\/v2\/posts"}],"about":[{"href":"https:\/\/www.europesays.com\/no\/wp-json\/wp\/v2\/types\/post"}],"author":[{"embeddable":true,"href":"https:\/\/www.europesays.com\/no\/wp-json\/wp\/v2\/users\/2"}],"replies":[{"embeddable":true,"href":"https:\/\/www.europesays.com\/no\/wp-json\/wp\/v2\/comments?post=99179"}],"version-history":[{"count":0,"href":"https:\/\/www.europesays.com\/no\/wp-json\/wp\/v2\/posts\/99179\/revisions"}],"wp:featuredmedia":[{"embeddable":true,"href":"https:\/\/www.europesays.com\/no\/wp-json\/wp\/v2\/media\/99180"}],"wp:attachment":[{"href":"https:\/\/www.europesays.com\/no\/wp-json\/wp\/v2\/media?parent=99179"}],"wp:term":[{"taxonomy":"category","embeddable":true,"href":"https:\/\/www.europesays.com\/no\/wp-json\/wp\/v2\/categories?post=99179"},{"taxonomy":"post_tag","embeddable":true,"href":"https:\/\/www.europesays.com\/no\/wp-json\/wp\/v2\/tags?post=99179"}],"curies":[{"name":"wp","href":"https:\/\/api.w.org\/{rel}","templated":true}]}}