{"id":99184,"date":"2025-11-28T14:23:08","date_gmt":"2025-11-28T14:23:08","guid":{"rendered":"https:\/\/www.europesays.com\/no\/99184\/"},"modified":"2025-11-28T14:23:08","modified_gmt":"2025-11-28T14:23:08","slug":"statsadvokaten-ber-om-16-ars-fengsel-for-frosta-legen","status":"publish","type":"post","link":"https:\/\/www.europesays.com\/no\/99184\/","title":{"rendered":"Statsadvokaten ber om 16 \u00e5rs fengsel for Frosta-legen"},"content":{"rendered":"\n<p class=\"_lead_o9xde_2 _lead_xtcu6_50 layout-component text-serif-m layout-normal text-serif-l layout-component layout-wide layout-padded _wide_17hqh_1 layout-padded\">Frosta-lege Arne Bye b\u00f8r d\u00f8mmes til 16 \u00e5r i fengsel og ikke f\u00e5 fradrag i straff p\u00e5 grunn av personlighetsforstyrrelse, mener statsadvokat Eli Nessimo.<\/p>\n<p><img alt=\" Foto: Tore Kristiansen \/ VG\" class=\"_image_qp4xg_65 layout-component layout-wide\" data-fullscreen- data-track-element-type=\"Article image fullscreen\" data-track-name=\"ImageFullscreen\" fetchpriority=\"high\" decoding=\"sync\" loading=\"eager\" height=\"1458\" itemprop=\"image\"  src=\"https:\/\/www.europesays.com\/no\/wp-content\/uploads\/2025\/11\/1764339788_49_c6dc28af-c1d3-4515-bee6-f9d0bb76aeee\"  style=\"object-position:0% 0%\" width=\"2128\"\/> Foto: Tore Kristiansen \/ VG<\/p>\n<ul aria-hidden=\"true\" class=\"_images_1uft6_111\">\n<li><a class=\"_link_1uft6_116\" href=\"https:\/\/www.vg.no\/forfatter\/ntb\" style=\"z-index:1\" title=\"NTB\" rel=\"nofollow noopener\" target=\"_blank\"><img alt=\"Bilde av NTB\" class=\"_image_1uft6_93\" fetchpriority=\"low\" loading=\"lazy\" decoding=\"async\" itemprop=\"image\"  src=\"https:\/\/www.europesays.com\/no\/wp-content\/uploads\/2025\/11\/1764339788_982_c33980b0-5d07-4027-84a1-813f90a7c8d6\"  width=\"480\"\/><\/a><\/li>\n<\/ul>\n<p> Oppdatert fredag 28. november kl. 14:49     <\/p>\n<p class=\"_paragraph_o9xde_4 _paragraph_xtcu6_10 layout-component text-serif-m layout-normal text-serif-m layout-padded\">I sommer ble den tidligere kommuneoverlege i Frosta <a href=\"https:\/\/www.vg.no\/nyheter\/i\/93wrp9\/21-aar-fengsel-for-frosta-legen\" data-track-element-type=\"Link\" data-track-id=\"link:93wrp9\" class=\"_link_o9xde_39\" rel=\"nofollow noopener\" target=\"_blank\">d\u00f8mt til 21 \u00e5rs fengsel <\/a>for voldtekt av 70 pasienter og for 82 tilfeller av \u00e5 ha misbrukt sin stilling som lege, noe han har erkjent. <\/p>\n<p class=\"_paragraph_o9xde_4 _paragraph_xtcu6_10 layout-component text-serif-m layout-normal text-serif-m layout-padded\">En lovendring i voldtektsparagrafen gj\u00f8r n\u00e5 at han kan anke saken og f\u00e5 kortere straff. Straffeutm\u00e5lingen vil bli offentliggjort 12. desember, sier lagdommer Sven-Erik Lindsetmo i Frostating lagmannsrett.<\/p>\n<p class=\"_paragraph_o9xde_4 _paragraph_xtcu6_10 layout-component text-serif-m layout-normal text-serif-m layout-padded\"> \u2013 Straffen fastsettes til fengsel i 16 \u00e5r og til fradrag i straffen kommer 283 dager for utholdt varetekt, sier Nessimo i retten, melder <a href=\"https:\/\/www.nrk.no\/trondelag\/frosta-saken-i-retten-1.17108196\" class=\"_link_o9xde_39\" rel=\"nofollow noopener\" target=\"_blank\">NRK. <\/a><\/p>\n<ul class=\"_gallery_1qa3s_23\" tabindex=\"0\">\n<li class=\"_item_1qa3s_37\" data-index=\"0\"><img decoding=\"async\" class=\"_image_foru8_23 _articleGallery_foru8_39\" data-fullscreen- width=\"5360\" height=\"3573\" itemprop=\"image\" loading=\"lazy\"  src=\"https:\/\/www.europesays.com\/no\/wp-content\/uploads\/2025\/11\/defc11cb-b630-4bda-a5f9-6259894e81bf\"  style=\"object-position:50% 50%;aspect-ratio:var(--gallery-aspect-ratio, 16 \/ 9)\"\/>Aktor Eli Reberg Nessimo mener Bye b\u00f8r f\u00e5 en fengselsdom p\u00e5 16 \u00e5r.  Foto: Ole Martin Wold \/ NTB<\/li>\n<li class=\"_item_1qa3s_37\" data-index=\"1\"><img decoding=\"async\" class=\"_image_foru8_23 _articleGallery_foru8_39\" data-fullscreen- width=\"7947\" height=\"5298\" itemprop=\"image\" loading=\"lazy\"  src=\"https:\/\/www.europesays.com\/no\/wp-content\/uploads\/2025\/11\/835a1145-29a5-47cd-b879-c6139da8c7e8\"  style=\"object-position:50% 50%;aspect-ratio:var(--gallery-aspect-ratio, 16 \/ 9)\"\/>Forsvarer i saken, Frode Wisth, mener Arne Bye b\u00f8r f\u00e5 en fengselsstraff p\u00e5 mellom 14,5 og 15 \u00e5r.  Foto: Ole Martin Wold \/ NTB<\/li>\n<\/ul>\n<p>Aktor Eli Reberg Nessimo mener Bye b\u00f8r f\u00e5 en fengselsdom p\u00e5 16 \u00e5r.  Foto: Ole Martin Wold \/ NTB<\/p>\n<p class=\"_paragraph_o9xde_4 _paragraph_xtcu6_10 layout-component text-serif-m layout-normal text-serif-m layout-padded\">Rettspsykiater K\u00e5re Nonstad forklarte om personlighetsforstyrrelsen til Bye i retten torsdag. Nessmo mener at personlighetsforstyrrelsen ikke b\u00f8r gi Bye en mildere straff.<\/p>\n<p class=\"_paragraph_o9xde_4 _paragraph_xtcu6_10 layout-component text-serif-m layout-normal text-serif-m layout-padded\">Forsvareren til Bye, Frode Wisth, mener det er riktig \u00e5 ta utgangspunkt i maksstraffen p\u00e5 16 \u00e5r i saken om Arne Bye, men at han burde f\u00e5 mellom ett og ett halvt \u00e5r i fradrag.<\/p>\n<p class=\"_paragraph_o9xde_4 _paragraph_xtcu6_10 layout-component text-serif-m layout-normal text-serif-m layout-padded\">\u2013 Korrekt straff er etter mitt syn i omr\u00e5det 14,5 til 15 \u00e5r, sier Wisth i tillegg mener han at de 283 dagene Bye har sittet i varetekt b\u00f8r trekkes fra.<\/p>\n","protected":false},"excerpt":{"rendered":"Frosta-lege Arne Bye b\u00f8r d\u00f8mmes til 16 \u00e5r i fengsel og ikke f\u00e5 fradrag i straff p\u00e5 grunn&hellip;\n","protected":false},"author":2,"featured_media":85418,"comment_status":"","ping_status":"","sticky":false,"template":"","format":"standard","meta":{"footnotes":""},"categories":[10],"tags":[20,21,24,25,15,22,23,13,30,28,29,14,16,26,27],"class_list":{"0":"post-99184","1":"post","2":"type-post","3":"status-publish","4":"format-standard","5":"has-post-thumbnail","7":"category-norge","8":"tag-breaking-news","9":"tag-breakingnews","10":"tag-featured-news","11":"tag-featurednews","12":"tag-headlines","13":"tag-latest-news","14":"tag-latestnews","15":"tag-news","16":"tag-no","17":"tag-norge","18":"tag-norway","19":"tag-nyheter","20":"tag-overskrifter","21":"tag-top-stories","22":"tag-topstories"},"share_on_mastodon":{"url":"https:\/\/pubeurope.com\/@no\/115627780169919301","error":""},"_links":{"self":[{"href":"https:\/\/www.europesays.com\/no\/wp-json\/wp\/v2\/posts\/99184","targetHints":{"allow":["GET"]}}],"collection":[{"href":"https:\/\/www.europesays.com\/no\/wp-json\/wp\/v2\/posts"}],"about":[{"href":"https:\/\/www.europesays.com\/no\/wp-json\/wp\/v2\/types\/post"}],"author":[{"embeddable":true,"href":"https:\/\/www.europesays.com\/no\/wp-json\/wp\/v2\/users\/2"}],"replies":[{"embeddable":true,"href":"https:\/\/www.europesays.com\/no\/wp-json\/wp\/v2\/comments?post=99184"}],"version-history":[{"count":0,"href":"https:\/\/www.europesays.com\/no\/wp-json\/wp\/v2\/posts\/99184\/revisions"}],"wp:featuredmedia":[{"embeddable":true,"href":"https:\/\/www.europesays.com\/no\/wp-json\/wp\/v2\/media\/85418"}],"wp:attachment":[{"href":"https:\/\/www.europesays.com\/no\/wp-json\/wp\/v2\/media?parent=99184"}],"wp:term":[{"taxonomy":"category","embeddable":true,"href":"https:\/\/www.europesays.com\/no\/wp-json\/wp\/v2\/categories?post=99184"},{"taxonomy":"post_tag","embeddable":true,"href":"https:\/\/www.europesays.com\/no\/wp-json\/wp\/v2\/tags?post=99184"}],"curies":[{"name":"wp","href":"https:\/\/api.w.org\/{rel}","templated":true}]}}