{"id":99191,"date":"2025-11-28T14:35:08","date_gmt":"2025-11-28T14:35:08","guid":{"rendered":"https:\/\/www.europesays.com\/no\/99191\/"},"modified":"2025-11-28T14:35:08","modified_gmt":"2025-11-28T14:35:08","slug":"trafikk-og-kollektiv-gjovikbanen-toget-star-etter-at-masser-har-sklidd-ut","status":"publish","type":"post","link":"https:\/\/www.europesays.com\/no\/99191\/","title":{"rendered":"Trafikk og kollektiv, Gj\u00f8vikbanen | Toget st\u00e5r etter at masser har sklidd ut"},"content":{"rendered":"\n<p>\u2013 Det er nevnt at det har glidd ut noen masser. Banenor er p\u00e5 stedet, og skal v\u00e6re i gang n\u00e5, opplyser pressevakt i Banenor, Harry Korslund. <\/p>\n<p>Utglidningen skal ha skjedd p\u00e5 strekningen mellom Kjels\u00e5s og Sandermosen, n\u00e6rmere Kjels\u00e5s. <\/p>\n<p><b>Korslund opplyser at ut ifra meldingene s\u00e5 langt er det snakk om et beskjedent omfang. Pressevakten opplyser likevel at omfanget ikke er helt kjent, og at det derfor er vanskelig \u00e5 si noe om varigheten.<\/b><\/p>\n<p>Banenor er like etter klokken ett p\u00e5 stedet med b\u00e5de maskiner og mannskaper for \u00e5 unders\u00f8ke.<\/p>\n<p>Snur p\u00e5 Kjels\u00e5s<\/p>\n<p>Pressevakt i Vy, \u00c5ge-Christoffer Lundeby, forklarer at togstasjonene Nittedal og Kjels\u00e5s er stengt. <\/p>\n<p>\u2013 Toget kj\u00f8rer mellom Gj\u00f8vik og Nittedal, men vi kommer oss ikke forbi Kjels\u00e5s slik det er n\u00e5, opplyser han.<\/p>\n<p>Togene er n\u00f8dt til \u00e5 snu. Vy jobber n\u00e5 med \u00e5 sette opp alternativ transport. Det er uklart n\u00e5r dette vil v\u00e6re p\u00e5 plass, forklarer han. <\/p>\n<p>\u2013 Du m\u00e5 regne med forsinkelser, og at noen tog kan bli innstilt, skriver Vy p\u00e5 sine nettsider. <\/p>\n","protected":false},"excerpt":{"rendered":"\u2013 Det er nevnt at det har glidd ut noen masser. Banenor er p\u00e5 stedet, og skal v\u00e6re&hellip;\n","protected":false},"author":2,"featured_media":4903,"comment_status":"","ping_status":"","sticky":false,"template":"","format":"standard","meta":{"footnotes":""},"categories":[10],"tags":[36,20,21,24,25,12695,15,12696,22,23,13,30,28,29,14,16,1510,26,27,284],"class_list":{"0":"post-99191","1":"post","2":"type-post","3":"status-publish","4":"format-standard","5":"has-post-thumbnail","7":"category-norge","8":"tag-art","9":"tag-breaking-news","10":"tag-breakingnews","11":"tag-featured-news","12":"tag-featurednews","13":"tag-gjovikbanen","14":"tag-headlines","15":"tag-kjelsas","16":"tag-latest-news","17":"tag-latestnews","18":"tag-news","19":"tag-no","20":"tag-norge","21":"tag-norway","22":"tag-nyheter","23":"tag-overskrifter","24":"tag-story","25":"tag-top-stories","26":"tag-topstories","27":"tag-trafikk-og-kollektiv"},"share_on_mastodon":{"url":"https:\/\/pubeurope.com\/@no\/115627827169465238","error":""},"_links":{"self":[{"href":"https:\/\/www.europesays.com\/no\/wp-json\/wp\/v2\/posts\/99191","targetHints":{"allow":["GET"]}}],"collection":[{"href":"https:\/\/www.europesays.com\/no\/wp-json\/wp\/v2\/posts"}],"about":[{"href":"https:\/\/www.europesays.com\/no\/wp-json\/wp\/v2\/types\/post"}],"author":[{"embeddable":true,"href":"https:\/\/www.europesays.com\/no\/wp-json\/wp\/v2\/users\/2"}],"replies":[{"embeddable":true,"href":"https:\/\/www.europesays.com\/no\/wp-json\/wp\/v2\/comments?post=99191"}],"version-history":[{"count":0,"href":"https:\/\/www.europesays.com\/no\/wp-json\/wp\/v2\/posts\/99191\/revisions"}],"wp:featuredmedia":[{"embeddable":true,"href":"https:\/\/www.europesays.com\/no\/wp-json\/wp\/v2\/media\/4903"}],"wp:attachment":[{"href":"https:\/\/www.europesays.com\/no\/wp-json\/wp\/v2\/media?parent=99191"}],"wp:term":[{"taxonomy":"category","embeddable":true,"href":"https:\/\/www.europesays.com\/no\/wp-json\/wp\/v2\/categories?post=99191"},{"taxonomy":"post_tag","embeddable":true,"href":"https:\/\/www.europesays.com\/no\/wp-json\/wp\/v2\/tags?post=99191"}],"curies":[{"name":"wp","href":"https:\/\/api.w.org\/{rel}","templated":true}]}}