{"id":99203,"date":"2025-11-28T14:45:08","date_gmt":"2025-11-28T14:45:08","guid":{"rendered":"https:\/\/www.europesays.com\/no\/99203\/"},"modified":"2025-11-28T14:45:08","modified_gmt":"2025-11-28T14:45:08","slug":"glimt-sport-kjetil-for-innspurten-ingenting-tyder-pa-at-det-er-min-siste-kamp-avisa-nordland","status":"publish","type":"post","link":"https:\/\/www.europesays.com\/no\/99203\/","title":{"rendered":"Glimt, Sport | Kjetil f\u00f8r innspurten: \u2013 Ingenting tyder p\u00e5 at det er min siste kamp &#8211; Avisa Nordland"},"content":{"rendered":"<ol>\n<li><a href=\"https:\/\/news.google.com\/rss\/articles\/CBMingFBVV95cUxNdS04OGZNNDRJR0RoWHN4WHlxYUJEaW5UQkppa1I1c2dXRGc5OXluVmZEX0Myc29SSGZVMURINnU0eFdWYzd2UFl1TUJlZERGcFVWOHllbzZ2aGVfaVp4cThNbjZHR2FQdEVjbkJNNGNYMWs5ZThobVFqeDRwOWpGd0xrSTVlWWUtVEJNODVBVmNLVmpTVGxPejB4T2dzUQ?oc=5\" target=\"_blank\" rel=\"nofollow noopener\">Glimt, Sport | Kjetil f\u00f8r innspurten: \u2013 Ingenting tyder p\u00e5 at det er min siste kamp<\/a>&nbsp;&nbsp;Avisa Nordland<\/li>\n<li><a href=\"https:\/\/news.google.com\/rss\/articles\/CBMirgFBVV95cUxQaHZKSHBvdVVDUHN5UWNUcklLMklkSnFMTU1QeTRIc2J6cGdEMEdyN08yYW1ucTR2VFQ1eGNSWm5XMjFrTTdYWUtaUWZ5amxWdVRzY2FoQnU0eENoQWhnQlI2OUc2ZndWVUJ4azV2TWZLLWhlcUdSdWtXZEd0TXZlRjZfOVI5UE9LVXRQUmVMS0ktSGYwWmtMTWg1REMxdEV6a2JweWRDTWFQVnJROHc?oc=5\" target=\"_blank\" rel=\"nofollow noopener\">TV 2 dobler mannskapet n\u00e5r Eliteserien skal avgj\u00f8res: &#8211; Et dr\u00f8mmescenario<\/a>&nbsp;&nbsp;kampanje.com<\/li>\n<li><a href=\"https:\/\/news.google.com\/rss\/articles\/CBMifEFVX3lxTE93MTVKelRleE4zMTVKVXlEeFVaejQ4X0Z5Tk5PaXdGY0dRekFPdnNZVnBTZGpiRGc0YWU4cGVqMjMzeXo1LUVFZ1B1RUNlS1phUl9KNVozaG9CZXpJNEhxSTdlb2loUk1ZaDh3NFdkQjBNOWY1TWZ1ZjU3eTI?oc=5\" target=\"_blank\" rel=\"nofollow noopener\">\u2013 Viking gj\u00f8r norsk fotball en tjeneste<\/a>&nbsp;&nbsp;TV2.no<\/li>\n<li><a href=\"https:\/\/news.google.com\/rss\/articles\/CBMimgFBVV95cUxQRFRCd09nNXlzV2NLMy1KdGRnZHNtdjkzOG5kWHg0V1F6Smk1MHFPdEVFNG1lT25hRjBOeGhIc3RJc0ZrNmxVVnlXcHZtQ3RpUUZURkJHZFdidFd2bk1pN0RoNXNoZ0pVZDJHUE12VC1UaTBxWlhvZ011MF9fQlBMcjljMU94TTFJa0JtTzIxSHMzRzZxZ1VOUGtR?oc=5\" target=\"_blank\" rel=\"nofollow noopener\">H\u00e5per de p\u00e5 gull til Viking eller Bod\u00f8\/Glimt? Fotball-Norge er splittet<\/a>&nbsp;&nbsp;Stavanger Aftenblad<\/li>\n<li><a href=\"https:\/\/news.google.com\/rss\/articles\/CBMiYkFVX3lxTFBydlpPZVQ3WHp3bV8wak80bXVldGZPT2EwZXNrdVFta1ZvM3Raemp0U3dZcDJ2MFNWRElJbWE2WnNTT3BwaUFxVHc4Z2RpQmV4dGJuRXk0MFFtdzdsOVBIYXBR?oc=5\" target=\"_blank\" rel=\"nofollow noopener\">P\u00e5 s\u00f8ndag skal vi feire<\/a>&nbsp;&nbsp;Bod\u00f8\/Glimt<\/li>\n<\/ol>\n","protected":false},"excerpt":{"rendered":"Glimt, Sport | Kjetil f\u00f8r innspurten: \u2013 Ingenting tyder p\u00e5 at det er min siste kamp&nbsp;&nbsp;Avisa Nordland TV&hellip;\n","protected":false},"author":2,"featured_media":99204,"comment_status":"","ping_status":"","sticky":false,"template":"","format":"standard","meta":{"footnotes":""},"categories":[59],"tags":[30,28,29,83,82],"class_list":{"0":"post-99203","1":"post","2":"type-post","3":"status-publish","4":"format-standard","5":"has-post-thumbnail","7":"category-sport","8":"tag-no","9":"tag-norge","10":"tag-norway","11":"tag-sport","12":"tag-sports"},"share_on_mastodon":{"url":"https:\/\/pubeurope.com\/@no\/115627866395342176","error":""},"_links":{"self":[{"href":"https:\/\/www.europesays.com\/no\/wp-json\/wp\/v2\/posts\/99203","targetHints":{"allow":["GET"]}}],"collection":[{"href":"https:\/\/www.europesays.com\/no\/wp-json\/wp\/v2\/posts"}],"about":[{"href":"https:\/\/www.europesays.com\/no\/wp-json\/wp\/v2\/types\/post"}],"author":[{"embeddable":true,"href":"https:\/\/www.europesays.com\/no\/wp-json\/wp\/v2\/users\/2"}],"replies":[{"embeddable":true,"href":"https:\/\/www.europesays.com\/no\/wp-json\/wp\/v2\/comments?post=99203"}],"version-history":[{"count":0,"href":"https:\/\/www.europesays.com\/no\/wp-json\/wp\/v2\/posts\/99203\/revisions"}],"wp:featuredmedia":[{"embeddable":true,"href":"https:\/\/www.europesays.com\/no\/wp-json\/wp\/v2\/media\/99204"}],"wp:attachment":[{"href":"https:\/\/www.europesays.com\/no\/wp-json\/wp\/v2\/media?parent=99203"}],"wp:term":[{"taxonomy":"category","embeddable":true,"href":"https:\/\/www.europesays.com\/no\/wp-json\/wp\/v2\/categories?post=99203"},{"taxonomy":"post_tag","embeddable":true,"href":"https:\/\/www.europesays.com\/no\/wp-json\/wp\/v2\/tags?post=99203"}],"curies":[{"name":"wp","href":"https:\/\/api.w.org\/{rel}","templated":true}]}}