{"id":99214,"date":"2025-11-28T14:57:19","date_gmt":"2025-11-28T14:57:19","guid":{"rendered":"https:\/\/www.europesays.com\/no\/99214\/"},"modified":"2025-11-28T14:57:19","modified_gmt":"2025-11-28T14:57:19","slug":"frp-vil-bla-opp-milliarder-til-kommunene-ingen-grunn-til-sa-stor-fattigdom","status":"publish","type":"post","link":"https:\/\/www.europesays.com\/no\/99214\/","title":{"rendered":"Frp vil bla opp milliarder til kommunene: \u2013 Ingen grunn til s\u00e5 stor fattigdom"},"content":{"rendered":"<p>\u2013 Det er ingen grunn til at vi skal ha s\u00e5 stor fattigdom i kommunene som vi har i dag. Kommunene har s\u00e5 d\u00e5rlig \u00f8konomi at de ikke klarer \u00e5 prioritere de mest n\u00f8dvendige tjenestene til sine innbyggere, sier Frps nestleder og finanspolitiske talsperson, Hans Andreas Limi, til NTB.<\/p>\n<p>Mens Norge tjener r\u00e5tt p\u00e5 \u00e5 selge olje og gass til Europa, m\u00e5 kommuner i hele landet gj\u00f8re store kutt i sine budsjetter. Flere kommuner har m\u00e5ttet kutte i tilbud til eldre og legge ned skoler for \u00e5 f\u00e5 budsjettene sine til \u00e5 g\u00e5 opp.<\/p>\n<p>I sitt alternative budsjett, alts\u00e5 slik Frp ville brukt penger hvis de styrte landet, spytter partiet inn 5,8 milliarder kroner til kommunene.<\/p>\n<p>\u2013 Regjeringen gj\u00f8r altfor lite n\u00e5r det gjelder eldreomsorg, og n\u00e5r det gjelder samferdsel. Vi ser en rekke skolenedleggelser p\u00e5 grunn av d\u00e5rlig \u00f8konomi i kommunene. Da m\u00e5 vi styrke de tjenestetilbudene som kommunene har ansvar for, og som betyr mest for innbyggerne v\u00e5re, sier Limi.<\/p>\n<p>Vil legge ned fylkeskommunen<\/p>\n<p>For \u00e5 gj\u00f8re det enklere for kommunene vil Frp legge ned hele fylkeskommunen \u2013 forvaltningsniv\u00e5et mellom kommunen og staten.<\/p>\n<p>Partiet mener at den i dag skaper mye dobbeltarbeid, og at kommunene f\u00e5r en masse med p\u00e5legg uten at det f\u00f8lger med nok finansiering.<\/p>\n<p>\u2013 Og s\u00e5 er det dette innsigelsestyranniet med at kommunale planer blir overkj\u00f8rt av fylkeskommunene og statsforvaltere, sier Limi.<\/p>\n<p>Limis partikollega Erlend Wiborg, som sitter i kommunalkomiteen p\u00e5 Stortinget, sier at \u00e5 legge ned fylkeskommunen ogs\u00e5 kan inneb\u00e6re \u00e5 lempe over noe ansvar p\u00e5 staten.<\/p>\n<p>\u2013 Kan ikke det f\u00f8re til at staten f\u00e5r mer makt over kommunene?<\/p>\n<p>\u2013 Nei, fordi de viktigste tjenestene \u00f8nsker vi \u00e5 flytte til kommunene, sier han og trekker fram skole og helsetilbud.<\/p>\n<p>\u2013 Og s\u00e5 er det noen av oppgavene som kan g\u00e5 til staten. For eksempel n\u00e5r det gjelder st\u00f8rre fylkesveier kan det v\u00e6rt fornuftig at de ses i sammenheng med det \u00f8vrige veinettet, legger Wiborg til.<\/p>\n<p>\u2013 Eldretilbudet m\u00e5 eksistere<\/p>\n<p>Innenfor rammen p\u00e5 5,8 kommune-milliarder har partiet \u00f8remerket midler til blant annet eldreomsorg, skoleundervisning og fylkesveier.<\/p>\n<p>\u2013 Vi ser at p\u00e5 enkelte omr\u00e5der i dag er det s\u00e5 store mangler at vi er n\u00f8dt til \u00e5 \u00f8remerke midler til b\u00e5de eldreomsorg, skole og samferdsel for \u00e5 rette opp de manglene som er i dagens system, sier Limi.<\/p>\n<p>Det er s\u00e6rlig eldreomsorgen som ville f\u00e5tt et l\u00f8ft av Frp. Til den \u00f8remerkes 2,5 milliarder kroner. Konkret vil partiet blant annet starte byggingen av 4000 nye held\u00f8gns omsorgsplasser.<\/p>\n<p>\u2013 Men er ikke problemet at det er for f\u00e5 folk til \u00e5 ta jobbene i eldreomsorgen, s\u00e6rlig i distriktene?<\/p>\n<p>\u2013 Jo, men det ene st\u00e5r ikke i motsetning til det andre. Alts\u00e5, vi er n\u00f8dt til \u00e5 sikre at vi har et tilstrekkelig antall pleieplasser. Fordi vi blir flere eldre, og heldigvis er vi friskere og friskere selv i h\u00f8y alder. Men p\u00e5 et eller annet tidspunkt er det en andel som trenger den type omsorg, og da m\u00e5 det tilbudet eksistere, sier Frp-nestlederen.<\/p>\n<p>P\u00e5 utdanningssiden viser han til at det er flere s\u00f8kere til sykepleierutdanningen enn det er plasser, slik at antall studieplasser m\u00e5 opp.<\/p>\n<p><img decoding=\"async\" src=\"data:image\/gif;base64,R0lGODlhEAAJAIAAAP\/\/\/wAAACH5BAEAAAAALAAAAAAQAAkAAAIKhI+py+0Po5yUFQA7\" alt=\"\"\/> <\/p>\n<p>  <strong>Foto:<\/strong> Jonas F\u00e6ste Laksekj\u00f8n \/ NTB<\/p>\n","protected":false},"excerpt":{"rendered":"\u2013 Det er ingen grunn til at vi skal ha s\u00e5 stor fattigdom i kommunene som vi har&hellip;\n","protected":false},"author":2,"featured_media":99215,"comment_status":"","ping_status":"","sticky":false,"template":"","format":"standard","meta":{"footnotes":""},"categories":[10],"tags":[20,21,24,25,15,22,23,13,30,28,29,14,16,26,27],"class_list":{"0":"post-99214","1":"post","2":"type-post","3":"status-publish","4":"format-standard","5":"has-post-thumbnail","7":"category-norge","8":"tag-breaking-news","9":"tag-breakingnews","10":"tag-featured-news","11":"tag-featurednews","12":"tag-headlines","13":"tag-latest-news","14":"tag-latestnews","15":"tag-news","16":"tag-no","17":"tag-norge","18":"tag-norway","19":"tag-nyheter","20":"tag-overskrifter","21":"tag-top-stories","22":"tag-topstories"},"share_on_mastodon":{"url":"https:\/\/pubeurope.com\/@no\/115627913675752591","error":""},"_links":{"self":[{"href":"https:\/\/www.europesays.com\/no\/wp-json\/wp\/v2\/posts\/99214","targetHints":{"allow":["GET"]}}],"collection":[{"href":"https:\/\/www.europesays.com\/no\/wp-json\/wp\/v2\/posts"}],"about":[{"href":"https:\/\/www.europesays.com\/no\/wp-json\/wp\/v2\/types\/post"}],"author":[{"embeddable":true,"href":"https:\/\/www.europesays.com\/no\/wp-json\/wp\/v2\/users\/2"}],"replies":[{"embeddable":true,"href":"https:\/\/www.europesays.com\/no\/wp-json\/wp\/v2\/comments?post=99214"}],"version-history":[{"count":0,"href":"https:\/\/www.europesays.com\/no\/wp-json\/wp\/v2\/posts\/99214\/revisions"}],"wp:featuredmedia":[{"embeddable":true,"href":"https:\/\/www.europesays.com\/no\/wp-json\/wp\/v2\/media\/99215"}],"wp:attachment":[{"href":"https:\/\/www.europesays.com\/no\/wp-json\/wp\/v2\/media?parent=99214"}],"wp:term":[{"taxonomy":"category","embeddable":true,"href":"https:\/\/www.europesays.com\/no\/wp-json\/wp\/v2\/categories?post=99214"},{"taxonomy":"post_tag","embeddable":true,"href":"https:\/\/www.europesays.com\/no\/wp-json\/wp\/v2\/tags?post=99214"}],"curies":[{"name":"wp","href":"https:\/\/api.w.org\/{rel}","templated":true}]}}