{"id":99216,"date":"2025-11-28T14:58:43","date_gmt":"2025-11-28T14:58:43","guid":{"rendered":"https:\/\/www.europesays.com\/no\/99216\/"},"modified":"2025-11-28T14:58:43","modified_gmt":"2025-11-28T14:58:43","slug":"domt-for-bestilling-av-drap-na-er-han-pagrepet-igjen","status":"publish","type":"post","link":"https:\/\/www.europesays.com\/no\/99216\/","title":{"rendered":"D\u00f8mt for bestilling av drap \u2013 n\u00e5 er han p\u00e5grepet igjen"},"content":{"rendered":"\n<ul class=\"_list_o9xde_3 _list_64s2r_85 _unordered_o9xde_106 text-sans-m\">\n<li class=\"_item_o9xde_30\">Ahmed Shahbaz Dad (44) er tidligere d\u00f8mt for \u00e5 ha bestilt et drap i 2009.<\/li>\n<li class=\"_item_o9xde_30\">Han er n\u00e5 siktet og p\u00e5grepet igjen, sammen med tre andre menn, for drapsforbund.<\/li>\n<li class=\"_item_o9xde_30\">De p\u00e5grepne er knyttet til et kriminelt milj\u00f8 og en hendelse fra november i Oslo.<\/li>\n<li class=\"_item_o9xde_30\">Dad fremstilles for varetektsfengsling klokken 13 i Oslo tingrett.<\/li>\n<\/ul>\n<p>Vis mer <\/p>\n<p class=\"_paragraph_o9xde_4 _paragraph_xtcu6_10 layout-component text-serif-m layout-normal text-serif-m layout-padded\">Fredag gikk politiet ut med nyheten om at fire menn i 30- og 40-\u00e5rene <a href=\"https:\/\/www.vg.no\/nyheter\/i\/j09Apn\/nrk-fire-personer-siktet-og-paagrepet-for-drapsforbund\" data-track-element-type=\"Link\" data-track-id=\"link:j09Apn\" class=\"_link_o9xde_39\" rel=\"nofollow noopener\" target=\"_blank\">var siktet og p\u00e5grepet for drapsforbund<\/a>, og at saken knyttes til et kriminelt milj\u00f8.<\/p>\n<p class=\"_paragraph_o9xde_4 _paragraph_xtcu6_10 layout-component text-serif-m layout-normal text-serif-m layout-padded\"><strong class=\"_strong_o9xde_25\">En av de siktede er Ahmed Shahbaz Dad (44), som tidligere er d\u00f8mt for bestillingsdrap. <\/strong><\/p>\n<p class=\"_paragraph_o9xde_4 _paragraph_xtcu6_10 layout-component text-serif-m layout-normal text-serif-m layout-padded\">Det er ikke kjent hvordan han stiller seg til siktelsen. <\/p>\n<p class=\"_paragraph_o9xde_4 _paragraph_xtcu6_10 layout-component text-serif-m layout-normal text-serif-m layout-padded\">Drapsforbund er en \u00abavtale om \u00e5 beg\u00e5 et drap eller forvolde betydelig skade p\u00e5 kropp og helse\u00bb.<\/p>\n<p><img alt=\"Her er Ahmed Shabaz Dad (med solbriller) avbildet i forbindelse med br\u00e5k utenfor Borgarting lagmannsrett i 2009.   Foto: VG\" class=\"_image_qp4xg_65 layout-component layout-normal\" data-fullscreen- data-track-element-type=\"Article image fullscreen\" data-track-name=\"ImageFullscreen\" decoding=\"async\" loading=\"lazy\" height=\"428\" itemprop=\"image\"  src=\"https:\/\/www.europesays.com\/no\/wp-content\/uploads\/2025\/11\/73a3c1a3-7ed9-48c9-9667-e691783bd9f7\"  style=\"object-position:0% 0%\" width=\"834\"\/>Her er Ahmed Shabaz Dad (med solbriller) avbildet i forbindelse med br\u00e5k utenfor Borgarting lagmannsrett i 2009.   Foto: VG<\/p>\n<p class=\"_paragraph_o9xde_4 _paragraph_xtcu6_10 layout-component text-serif-m layout-normal text-serif-m layout-padded\">If\u00f8lge politiet er bakgrunnen for p\u00e5gripelsene knyttet til en p\u00e5g\u00e5ende etterforskning av en hendelse fra 14. november i Oslo.<\/p>\n<p class=\"_paragraph_o9xde_4 _paragraph_xtcu6_10 layout-component text-serif-m layout-normal text-serif-m layout-padded\">Han ble fremstilt for varetektsfengsling i Oslo tingrett klokken 13. <\/p>\n<p class=\"_paragraph_o9xde_4 _paragraph_xtcu6_10 layout-component text-serif-m layout-normal text-serif-m layout-padded\">\u2013 Jeg har ingen kommentar, sier hans forsvarer Per Johan Sjong Larsen til VG p\u00e5 vei inn i retten.<\/p>\n<p class=\"_paragraph_o9xde_4 _paragraph_xtcu6_10 layout-component text-serif-m layout-normal text-serif-m layout-padded\">Oslo tingrett besluttet \u00e5 varetektsfengsle 44-\u00e5ringen i fire uker. <\/p>\n<p class=\"_paragraph_o9xde_4 _paragraph_xtcu6_10 layout-component text-serif-m layout-normal text-serif-m layout-padded\">\u2013 Vi vil anke. Jeg har ingen ytterligere kommentar, sier forsvarer Sjong Larsen p\u00e5 vei ut av retten. <\/p>\n<p class=\"_paragraph_o9xde_4 _paragraph_xtcu6_10 layout-component text-serif-m layout-normal text-serif-m layout-padded\">\u2013 Det fremst\u00e5r \u00e5 v\u00e6re en konflikt i et kriminelt milj\u00f8 som er bakgrunnen for saken. Etterforskningen er i en innledende fase og vi vil se n\u00e6rmere p\u00e5 bakgrunnen, de involverte og eventuelle motiver. <\/p>\n<p class=\"_paragraph_o9xde_4 _paragraph_xtcu6_10 layout-component text-serif-m layout-normal text-serif-m layout-padded\">Det sier politiadvokat Jon Inge Engesmo.<\/p>\n<p>D\u00f8mt til 20 \u00e5r i fengsel<\/p>\n<p class=\"_paragraph_o9xde_4 _paragraph_xtcu6_10 layout-component text-serif-m layout-normal text-serif-m layout-padded\">Shahbaz Dad ble d\u00f8mt til 21 \u00e5rs fengsel i tingretten for \u00e5 ha bestilt drapet p\u00e5 <a href=\"https:\/\/www.vg.no\/spesial\/drap-norge\/offer\/282-mohammed-javed-oslo\/\" class=\"_link_o9xde_39\" rel=\"nofollow noopener\" target=\"_blank\">Mohammed \u00abJeddi\u00bb Javed<\/a> i 2009. Sammen med ham ble <a href=\"https:\/\/www.vg.no\/tag\/stig-millehaugen?utm_source=vg-article&amp;utm_medium=auto-tagger&amp;utm_campaign=rrpJ4a\" class=\"_link_o9xde_39\" rel=\"nofollow noopener\" target=\"_blank\">Stig Millehaugen<\/a> (56) d\u00f8mt til forvaring i 21 \u00e5r for \u00e5 ha utf\u00f8rt drapet.<\/p>\n<p class=\"_paragraph_o9xde_4 _paragraph_xtcu6_10 layout-component text-serif-m layout-normal text-serif-m layout-padded\">Begge anket dommen p\u00e5 stedet. <\/p>\n<p class=\"_paragraph_o9xde_4 _paragraph_xtcu6_10 layout-component text-serif-m layout-normal text-serif-m layout-padded\">I Borgarting lagmannsrett ble Millehaugen d\u00f8mt til 21 \u00e5rs forvaring for overlagt drap, mens Shahbaz Dad ble funnet skyldig i \u00e5 ha bestilt drapet p\u00e5 gjengrivalen. Han ble d\u00f8mt til 20 \u00e5rs fengsel. I retten nektet begge straffskyld.<\/p>\n<p><img alt=\"Foto: VG\" class=\"_image_qp4xg_65 layout-component layout-normal\" data-fullscreen- data-track-element-type=\"Article image fullscreen\" data-track-name=\"ImageFullscreen\" decoding=\"async\" loading=\"lazy\" height=\"1557\" itemprop=\"image\"  src=\"https:\/\/www.europesays.com\/no\/wp-content\/uploads\/2025\/11\/41c20af5-21ca-4998-9afa-030d016b3de1\"  style=\"object-position:0% 0%\" width=\"1332\"\/>Foto: VGVille legge gjenglivet bak seg<\/p>\n<p class=\"_paragraph_o9xde_4 _paragraph_xtcu6_10 layout-component text-serif-m layout-normal text-serif-m layout-padded\">Dad hadde i mange \u00e5r v\u00e6rt tilknyttet den kriminelle B-gjengen og var tidligere d\u00f8mt for brudd p\u00e5 v\u00e5penloven, ran og drapsfors\u00f8k. Javed (28) var en lederskikkelse i den rivaliserende gjengen Young Guns. <\/p>\n<p class=\"_paragraph_o9xde_4 _paragraph_xtcu6_10 layout-component text-serif-m layout-normal text-serif-m layout-padded\">Drapet skjedde 19. januar 2009 p\u00e5 Haugerud i Oslo, hvor Javed ble skutt i bakhodet mens han satt i en parkert bil. Statsadvokat Svein Holden karakteriserte drapet som et leiemord.<\/p>\n<p class=\"_paragraph_o9xde_4 _paragraph_xtcu6_10 layout-component text-serif-m layout-normal text-serif-m layout-padded\">Ahmed Shabaz Dad har avvist at han bestilte drap. Han hevdet han hadde lagt gjenglivet bak seg for \u00e5 bli familiefar. <\/p>\n<p class=\"_paragraph_o9xde_4 _paragraph_xtcu6_10 layout-component text-serif-m layout-normal text-serif-m layout-padded\">\u2013 Jeg hadde f\u00e5tt orden p\u00e5 livet. Jeg og samboeren min var klare for \u00e5 f\u00e5 en unge til. Denne gangen skulle det bli annerledes enn tidligere, fortalte Dad i retten den gangen. <\/p>\n<p>Facebook-profil sentral <\/p>\n<p class=\"_paragraph_o9xde_4 _paragraph_xtcu6_10 layout-component text-serif-m layout-normal text-serif-m layout-padded\">Sentralt i bevisf\u00f8rselen mot Dad sto en falsk Facebook-profil opprettet i navnet \u00abJulie Hermansen\u00bb. <\/p>\n<p class=\"_paragraph_o9xde_4 _paragraph_xtcu6_10 layout-component text-serif-m layout-normal text-serif-m layout-padded\">Profilen ble brukt til \u00e5 kommunisere med Millehaugen, og politiet fant spor etter profilen p\u00e5 en datamaskin hjemme hos Dad.<\/p>\n<p class=\"_paragraph_o9xde_4 _paragraph_xtcu6_10 layout-component text-serif-m layout-normal text-serif-m layout-padded\">\u2013 Du sier at det er \u00abJulie Hermansen\u00bb som er grunnen til at jeg sitter her som tiltalt. Det er t\u00e5pelig, sa Dad under rettssaken.<\/p>\n<p class=\"_paragraph_o9xde_4 _paragraph_xtcu6_10 layout-component text-serif-m layout-normal text-serif-m layout-padded\">Dad hevdet han hadde lagt gjenglivet bak seg og planla \u00e5 f\u00e5 barn med samboeren. Han avviste \u00e5 ha brukt den falske profilen.<\/p>\n<p>Nekter straffskyld<\/p>\n<p class=\"_paragraph_o9xde_4 _paragraph_xtcu6_10 layout-component text-serif-m layout-normal text-serif-m layout-padded\">Forsvarer for en av de andre siktede, Marius Oscar Dietrichson, forteller at hans klient nekter straffskyld. Utover dette har han ingen kommentar. <\/p>\n<p class=\"_paragraph_o9xde_4 _paragraph_xtcu6_10 layout-component text-serif-m layout-normal text-serif-m layout-padded\">Ole Petter Drevland forsvarer ogs\u00e5 en av de andre p\u00e5grepne. Han sier til VG at klienten ikke er avh\u00f8rt og motsetter seg fengsling.<\/p>\n<p class=\"_paragraph_o9xde_4 _paragraph_xtcu6_10 layout-component text-serif-m layout-normal text-serif-m layout-padded\">\u2013 Min klient stiller seg uforst\u00e5ende til siktelsen, og erkjenner ikke straffskyld. Han vil forklare seg for politiet s\u00e5 snart det er praktisk mulig, sier advokat Farid Bouras i Elden Advokatfirma. <\/p>\n<p class=\"_paragraph_o9xde_4 _paragraph_xtcu6_10 layout-component text-serif-m layout-normal text-serif-m layout-padded\">Han forsvarer den siste siktede, sammen med advokat John Christian Elden. <\/p>\n<p class=\"_paragraph_o9xde_4 _paragraph_xtcu6_10 layout-component text-serif-m layout-normal text-serif-m layout-padded\">\u2013 Han har ikke samtykket til varetektsfengsling, men at sp\u00f8rsm\u00e5let om varetektsfengsling g\u00e5r som kontorforretning.<\/p>\n","protected":false},"excerpt":{"rendered":"Ahmed Shahbaz Dad (44) er tidligere d\u00f8mt for \u00e5 ha bestilt et drap i 2009. Han er n\u00e5&hellip;\n","protected":false},"author":2,"featured_media":99217,"comment_status":"","ping_status":"","sticky":false,"template":"","format":"standard","meta":{"footnotes":""},"categories":[5],"tags":[12698,20,21,377,24,25,15,19,22,23,17,18,13,30,28,29,14,636,16,5040,26,27],"class_list":{"0":"post-99216","1":"post","2":"type-post","3":"status-publish","4":"format-standard","5":"has-post-thumbnail","7":"category-overskrifter","8":"tag-b-gjengen","9":"tag-breaking-news","10":"tag-breakingnews","11":"tag-drap","12":"tag-featured-news","13":"tag-featurednews","14":"tag-headlines","15":"tag-hovedoppslag","16":"tag-latest-news","17":"tag-latestnews","18":"tag-main-news","19":"tag-mainnews","20":"tag-news","21":"tag-no","22":"tag-norge","23":"tag-norway","24":"tag-nyheter","25":"tag-oslo","26":"tag-overskrifter","27":"tag-stig-millehaugen","28":"tag-top-stories","29":"tag-topstories"},"share_on_mastodon":{"url":"https:\/\/pubeurope.com\/@no\/115627917722438169","error":""},"_links":{"self":[{"href":"https:\/\/www.europesays.com\/no\/wp-json\/wp\/v2\/posts\/99216","targetHints":{"allow":["GET"]}}],"collection":[{"href":"https:\/\/www.europesays.com\/no\/wp-json\/wp\/v2\/posts"}],"about":[{"href":"https:\/\/www.europesays.com\/no\/wp-json\/wp\/v2\/types\/post"}],"author":[{"embeddable":true,"href":"https:\/\/www.europesays.com\/no\/wp-json\/wp\/v2\/users\/2"}],"replies":[{"embeddable":true,"href":"https:\/\/www.europesays.com\/no\/wp-json\/wp\/v2\/comments?post=99216"}],"version-history":[{"count":0,"href":"https:\/\/www.europesays.com\/no\/wp-json\/wp\/v2\/posts\/99216\/revisions"}],"wp:featuredmedia":[{"embeddable":true,"href":"https:\/\/www.europesays.com\/no\/wp-json\/wp\/v2\/media\/99217"}],"wp:attachment":[{"href":"https:\/\/www.europesays.com\/no\/wp-json\/wp\/v2\/media?parent=99216"}],"wp:term":[{"taxonomy":"category","embeddable":true,"href":"https:\/\/www.europesays.com\/no\/wp-json\/wp\/v2\/categories?post=99216"},{"taxonomy":"post_tag","embeddable":true,"href":"https:\/\/www.europesays.com\/no\/wp-json\/wp\/v2\/tags?post=99216"}],"curies":[{"name":"wp","href":"https:\/\/api.w.org\/{rel}","templated":true}]}}