{"id":99222,"date":"2025-11-28T15:04:10","date_gmt":"2025-11-28T15:04:10","guid":{"rendered":"https:\/\/www.europesays.com\/no\/99222\/"},"modified":"2025-11-28T15:04:10","modified_gmt":"2025-11-28T15:04:10","slug":"politikk-statsbudsjettet-2026-nationen-erfarer-apner-pengesekken-for-kommuner-i-krise","status":"publish","type":"post","link":"https:\/\/www.europesays.com\/no\/99222\/","title":{"rendered":"Politikk, Statsbudsjettet 2026 | Nationen erfarer: \u00c5pner pengesekken for kommuner i krise"},"content":{"rendered":"\n<p>Inn i en avgj\u00f8rende budsjetthelg varsler SV og MDG at de n\u00e5 tar pause i forhandlingene.<\/p>\n<p>&#8211; Hva skal til for at SV kommer inn i forhandlingsrommet igjen? <\/p>\n<p>&#8211; Ap kjenner sv\u00e6rt godt v\u00e5re posisjoner, skriver kommunikasjonssjef Espen L\u00f8keland-Stai i en SMS til Nationen.<\/p>\n<p>Nationen f\u00e5r bekreftet fra kilder n\u00e6rt forhandlingene at det kommer mer penger til et Kommune-Norge som n\u00e5 fronter blodr\u00f8de tall og g\u00e5r inn i t\u00f8ffe kuttrunder etter en budsjetth\u00f8st der beslutninger har blitt tatt om at skoler og sykehjem m\u00e5 nedlegges.<\/p>\n<p>Mer til kommunene var langt p\u00e5 vei et av ytterst f\u00e5 krav fra de fire budsjettpartnerne til regjeringen: Sp, SV, R\u00f8dt og MDG.<\/p>\n<p>De parlamentariske lederne i partiene er n\u00e5 inne i forhandlingsrommet.<\/p>\n<p>Fredag p\u00e5gikk det hektisk m\u00f8tevirksomhet p\u00e5 forhandlingsleder Tonje Brennas (Ap) kontor i 3. etasje p\u00e5 Stortinget.<\/p>\n<p>Like f\u00f8r kl. 14 gikk Sp-leder Trygve Slagsvold Vedum inn p\u00e5 Brennas kontor. Rundt en halvtime senere kom han ut igjen.<\/p>\n<p>Sp-lederen erkjenner at forhandlingene er krevende. Krav fra budsjettpartnere som MDG og SV, som ikke handler om rene tall, men verbaler og politiske avtaler, gj\u00f8r budsjettdragkampen mer krevende, if\u00f8lge Vedum. Det handler blant annet om styringen av Oljefondets investeringer i Palestina.<\/p>\n<p>Samtidig bekrefter Sp-lederen p\u00e5 sp\u00f8rsm\u00e5l fra oppm\u00f8tte journalister at de kommer til \u00e5 jobbe videre inn i helgen.<\/p>\n<p>Avviser MDGs oljekrav<\/p>\n<p>Vedum legger ikke skjul p\u00e5 at det er MDGs krav om \u00e5 f\u00e5 p\u00e5 plass en plan for utfasing av norsk petroleumsn\u00e6ring som skaper komplikasjoner i forhandlingene for Senterpartiet.<\/p>\n<p>\u2013 Kan det v\u00e6re aktuelt \u00e5 bryte forhandlingene, eller har dere et m\u00e5l om \u00e5 komme i m\u00e5l? <\/p>\n<p>\u2013 Nei, vi jobber, vi. Men vi er ogs\u00e5 tydelige p\u00e5 hva som h\u00f8rer hjemme i et statsbudsjett. Det \u00e5 gj\u00f8re radikale endringer som kan ber\u00f8re masse arbeidsplasser uten at det er ordentlig utredet og ordentlige gjennomtenkt: Den m\u00e5ten kan ikke vi i Senterpartiet jobbe p\u00e5, og den m\u00e5ten kan ikke Stortinget jobbe p\u00e5, sier Vedum til Nationen.<\/p>\n<p>\u2013 Har det kommet nok penger til Kommune-Norge p\u00e5 bordet? <\/p>\n<p>\u2013 Det kommer aldri nok penger til Kommune-Norge, mener Senterpartiet.<\/p>\n<p>  <a href=\"https:\/\/www.nationen.no\/5-148-828194\" class=\"related-teaser has-image default-story-teaser article--c-eRUmMG article--c-eRUmMG-jKCPdD-design-default\" rel=\"nofollow noopener\" target=\"_blank\"><\/p>\n<p>    <img decoding=\"async\" loading=\"lazy\"  src=\"https:\/\/www.europesays.com\/no\/wp-content\/uploads\/2025\/11\/1764342249_850_DSC05784.JPG\" alt=\"\" class=\"brick-c-cFOWSL\" style=\"\"\/><\/p>\n<p>\n            Les ogs\u00e5<\/p>\n<p>              Nationen erfarer: Fortsatt stor uenighet i forhandlingene \u2013 ligger an til utsettelse\n        <\/p>\n<p>  <\/a><br \/>\n  \u2013 Spiser alle hattene i hattebutikken<\/p>\n<p>N\u00e5r R\u00f8dt-leder Marie Sneve Martinussen kommer ut av d\u00f8ra, vil hun ikke svare p\u00e5 om hun er forn\u00f8yd med resultatet s\u00e5 langt, men erkl\u00e6rer at hun skal ha p\u00e5fyll av sukker.<\/p>\n<p>   <img decoding=\"async\" width=\"4032\" height=\"3024\" fetchpriority=\"low\"  loading=\"lazy\"  src=\"https:\/\/www.europesays.com\/no\/wp-content\/uploads\/2025\/11\/1764342250_591_photo.jpg\" alt=\"\" class=\"brick-c-cFOWSL\" style=\"--brick-image-ratio: 4032 \/ 3024;\"\/><\/p>\n<p>      R\u00f8dt-leder Marie Sneve Martinussen og SVs pressesjef Espen L\u00f8keland-Stai p\u00e5 vei ut av forhandlingslokalet p\u00e5 Stortinget fredag.<br \/>\n      Foto: Tone Magni Finstad Vestheim\n    <\/p>\n<p>Dagens N\u00e6ringsliv meldte tidligere at det var et \u00f8nske om at partiene ble enige innen kl. 13 i dag, men kilder tett p\u00e5 budsjettdragkampen som Nationen har snakket med, sier at avstanden fortsatt er stor og at det ikke er gitt at partiene kommer til enighet i dag.<\/p>\n<p>En kilde n\u00e6r budsjettdragkampen sier at vedkommende \u00abspiser alle hattene i en hattebutikk\u00bb dersom partiene blir enige innen kl. 13. Ogs\u00e5 en annen kilde tett p\u00e5 forhandlingene avviser dette som \u00abAp sitt spinn\u00bb. En tredje kilde mener denne fristen er for snarlig.<\/p>\n<p>Det forhandles fortsatt.<\/p>\n<p>Siste frist for \u00e5 bli enige for budsjettpartnerne er f\u00f8rstkommende s\u00f8ndag 30. november innen kl. 13, da avgivelse av innstilling til finanskomiteen skal skje. I \u00e5r er reglene for \u00e5 bli enige om budsjett strengere enn tidligere, p\u00e5 grunn av vedtak Stortinget har fattet.<\/p>\n<p>Selve budsjettdebatten skjer i Stortinget 5. desember.<\/p>\n<p>   <img decoding=\"async\" width=\"4032\" height=\"3024\" fetchpriority=\"low\"  loading=\"lazy\"  src=\"https:\/\/www.europesays.com\/no\/wp-content\/uploads\/2025\/11\/IMG_9231.jpeg\" alt=\"\" class=\"brick-c-cFOWSL\" style=\"--brick-image-ratio: 4032 \/ 3024;\"\/><\/p>\n<p>      Det fylles p\u00e5 med kaffe og vann inn p\u00e5 forhandlingsleder Tonje Brennas (Ap) kontor. Bakerst sekretariatsleder Snorre Wikstr\u00f8m (Ap).<br \/>\n      Foto: Tone Magni Finstad Vestheim\n    <\/p>\n<p>  \u2013 Ikke f\u00f8kker opp i siste sving<\/p>\n<p>Det vakte oppsikt da finansminister Jens Stoltenberg i Nationen gikk langt i \u00e5 avbl\u00e5se krisen for Kommune-Norge. Ogs\u00e5 forhandlingssjef Tonje Brenna har bedt lokalpolitikerne ta ansvar i en t\u00f8ff budsjettsituasjon.<\/p>\n<p>Sp har i forhandlingene krevd 6,5 milliarder til Kommune-Norge. Ogs\u00e5 R\u00f8dt, SV og MDG har etterlyst mer penger til kommunene.<\/p>\n<p>N\u00e5 ligger det ogs\u00e5 an til at kommunene f\u00e5r en p\u00e5plussing, \u00abs\u00e5 lenge ikke Ap f\u00f8kker opp i siste sving\u00bb, sier en kilde til Nationen.<\/p>\n","protected":false},"excerpt":{"rendered":"Inn i en avgj\u00f8rende budsjetthelg varsler SV og MDG at de n\u00e5 tar pause i forhandlingene. &#8211; Hva&hellip;\n","protected":false},"author":2,"featured_media":99223,"comment_status":"","ping_status":"","sticky":false,"template":"","format":"standard","meta":{"footnotes":""},"categories":[10],"tags":[36,20,21,12699,24,25,15,240,22,23,13,30,28,29,14,16,41,8907,1510,568,1674,26,27],"class_list":{"0":"post-99222","1":"post","2":"type-post","3":"status-publish","4":"format-standard","5":"has-post-thumbnail","7":"category-norge","8":"tag-art","9":"tag-breaking-news","10":"tag-breakingnews","11":"tag-budsjett-2025","12":"tag-featured-news","13":"tag-featurednews","14":"tag-headlines","15":"tag-jens-stoltenberg","16":"tag-latest-news","17":"tag-latestnews","18":"tag-news","19":"tag-no","20":"tag-norge","21":"tag-norway","22":"tag-nyheter","23":"tag-overskrifter","24":"tag-politikk","25":"tag-statsbudsjettet-2026","26":"tag-story","27":"tag-store-regjeringen","28":"tag-tonje-brenna","29":"tag-top-stories","30":"tag-topstories"},"share_on_mastodon":{"url":"https:\/\/pubeurope.com\/@no\/115627941418644603","error":""},"_links":{"self":[{"href":"https:\/\/www.europesays.com\/no\/wp-json\/wp\/v2\/posts\/99222","targetHints":{"allow":["GET"]}}],"collection":[{"href":"https:\/\/www.europesays.com\/no\/wp-json\/wp\/v2\/posts"}],"about":[{"href":"https:\/\/www.europesays.com\/no\/wp-json\/wp\/v2\/types\/post"}],"author":[{"embeddable":true,"href":"https:\/\/www.europesays.com\/no\/wp-json\/wp\/v2\/users\/2"}],"replies":[{"embeddable":true,"href":"https:\/\/www.europesays.com\/no\/wp-json\/wp\/v2\/comments?post=99222"}],"version-history":[{"count":0,"href":"https:\/\/www.europesays.com\/no\/wp-json\/wp\/v2\/posts\/99222\/revisions"}],"wp:featuredmedia":[{"embeddable":true,"href":"https:\/\/www.europesays.com\/no\/wp-json\/wp\/v2\/media\/99223"}],"wp:attachment":[{"href":"https:\/\/www.europesays.com\/no\/wp-json\/wp\/v2\/media?parent=99222"}],"wp:term":[{"taxonomy":"category","embeddable":true,"href":"https:\/\/www.europesays.com\/no\/wp-json\/wp\/v2\/categories?post=99222"},{"taxonomy":"post_tag","embeddable":true,"href":"https:\/\/www.europesays.com\/no\/wp-json\/wp\/v2\/tags?post=99222"}],"curies":[{"name":"wp","href":"https:\/\/api.w.org\/{rel}","templated":true}]}}