{"id":99224,"date":"2025-11-28T15:05:45","date_gmt":"2025-11-28T15:05:45","guid":{"rendered":"https:\/\/www.europesays.com\/no\/99224\/"},"modified":"2025-11-28T15:05:45","modified_gmt":"2025-11-28T15:05:45","slug":"fire-personer-siktet-for-drapsforbund","status":"publish","type":"post","link":"https:\/\/www.europesays.com\/no\/99224\/","title":{"rendered":"Fire personer siktet for drapsforbund"},"content":{"rendered":"<p class=\"extendedContent hyperion-css-eyn926\" data-test-tag=\"lead-text\">Oslo-politiet har siktet fire menn for \u00e5 avtale og planlegge drap. En av de p\u00e5grepne er tidligere d\u00f8mt for \u00e5 ha bestilt drap p\u00e5 en annen mann i Oslos gjengmilj\u00f8. Han blir varetektsfengslet i fire uker. <\/p>\n<p><img decoding=\"async\" class=\"image-asset hyperion-css-f43g2l\" data-test-tag=\"image-asset\" src=\"https:\/\/www.europesays.com\/no\/wp-content\/uploads\/2025\/11\/b934c0b0-2317-4f91-9c52-8a6d8d7b5943\"  alt=\"De fire siktede fremstilles for varetektsfengsling i Oslo tingrett fredag.\"  loading=\"eager\" fetchpriority=\"high\" style=\"aspect-ratio:2048 \/ 1365\"\/>De fire siktede fremstilles for varetektsfengsling i Oslo tingrett fredag. Foto: Terje Pedersen, NTB<\/p>\n<p>Publisert: 28.11.2025 11:01 |\u00a0Oppdatert: 28.11.2025 15:14<\/p>\n<p class=\"paywall hyperion-css-1j42uic\">Det opplyser politiet i en pressemelding.<\/p>\n<p class=\"paywall hyperion-css-1j42uic\">Mennene ble p\u00e5grepet torsdag. De er i 30- og 40-\u00e5rene, opplyser politiet i en pressemelding.<\/p>\n<p class=\"paywall hyperion-css-1j42uic\">De er siktet for det som kalles drapsforbund. Det betyr at de skal ha avtalt \u00e5 drepe eller p\u00e5f\u00f8re noen betydelig skade p\u00e5 kropp og helse.<\/p>\n<p>Knytter saken til kriminelt milj\u00f8<\/p>\n<p class=\"paywall hyperion-css-1j42uic\">Bakgrunnen for p\u00e5gripelsene er knyttet til en p\u00e5g\u00e5ende etterforskning av en hendelse fra 14. november i Oslo. <\/p>\n<p class=\"paywall hyperion-css-1j42uic\">Politiet sier at hendelsen dreier seg om en konflikt i et kriminelt milj\u00f8.<\/p>\n<p class=\"paywall hyperion-css-1j42uic\"><strong>\u2013 Politiet ser sv\u00e6rt alvorlig p\u00e5 saken. Saken etterforskes derfor for fullt og med h\u00f8y prioritet, sier politiadvokat Jon Inge Engesmo i pressemeldingen.<\/strong><\/p>\n<p class=\"paywall hyperion-css-1j42uic\">De fire siktede fremstilles for varetektsfengsling i Oslo tingrett fredag. <\/p>\n<p>Motsetter seg varetektsfengsling<\/p>\n<p class=\"paywall hyperion-css-1j42uic\">En av de p\u00e5grepne er tidligere d\u00f8mt for \u00e5 ha bestilt drap p\u00e5 en annen mann i Oslos gjengmilj\u00f8. Han skal nylig selv ha blitt utsatt for vold utenfor egen bolig, if\u00f8lge Aftenpostens opplysninger.<\/p>\n<p class=\"paywall hyperion-css-1j42uic\">Oslo tingrett har besluttet at mannen kan varetektsfengsles i fire uker. Han har anket denne kjennelsen. <\/p>\n<p class=\"paywall hyperion-css-1j42uic\">Flere advokater er oppnevnt som forsvarere i saken. Marius Oscar Dietrichson og Ole Petter Drevland opplyser at deres klienter ikke erkjenner straffskyld.<\/p>\n<p class=\"paywall hyperion-css-1j42uic\">\u2013 Han motsetter seg varetektsfengsling og har enn\u00e5 ikke forklart seg til politiet, sier Drevland til Aftenposten om sin klient.<\/p>\n<p class=\"paywall hyperion-css-1j42uic\">Ogs\u00e5 hans klient ble fengslet i fire uker av tingretten.<\/p>\n<p class=\"paywall hyperion-css-1j42uic\">Advokat Per Sjong Larsen \u00f8nsker ikke \u00e5 kommentere saken.<\/p>\n<p class=\"paywall hyperion-css-1j42uic\">\u2013 Min klient stiller seg uforst\u00e5ende til siktelsen og erkjenner ikke straffeskyld. Han vil forklare seg for politiet s\u00e5 snart det er praktisk mulig, skriver advokat Farid Bouras i Elden Advokatfirma i en e-post. Han forsvarer den ene siktede sammen med advokat John Christian Elden.<\/p>\n<p class=\"paywall hyperion-css-1j42uic\">\u2013 Han har ikke samtykket til varetektsfengsling, men at sp\u00f8rsm\u00e5let om varetektsfengsling g\u00e5r som kontorforretning.<\/p>\n","protected":false},"excerpt":{"rendered":"Oslo-politiet har siktet fire menn for \u00e5 avtale og planlegge drap. En av de p\u00e5grepne er tidligere d\u00f8mt&hellip;\n","protected":false},"author":2,"featured_media":99225,"comment_status":"","ping_status":"","sticky":false,"template":"","format":"standard","meta":{"footnotes":""},"categories":[5],"tags":[20,21,24,25,15,19,22,23,17,18,13,30,28,29,14,16,26,27],"class_list":{"0":"post-99224","1":"post","2":"type-post","3":"status-publish","4":"format-standard","5":"has-post-thumbnail","7":"category-overskrifter","8":"tag-breaking-news","9":"tag-breakingnews","10":"tag-featured-news","11":"tag-featurednews","12":"tag-headlines","13":"tag-hovedoppslag","14":"tag-latest-news","15":"tag-latestnews","16":"tag-main-news","17":"tag-mainnews","18":"tag-news","19":"tag-no","20":"tag-norge","21":"tag-norway","22":"tag-nyheter","23":"tag-overskrifter","24":"tag-top-stories","25":"tag-topstories"},"share_on_mastodon":{"url":"https:\/\/pubeurope.com\/@no\/115627945186943419","error":""},"_links":{"self":[{"href":"https:\/\/www.europesays.com\/no\/wp-json\/wp\/v2\/posts\/99224","targetHints":{"allow":["GET"]}}],"collection":[{"href":"https:\/\/www.europesays.com\/no\/wp-json\/wp\/v2\/posts"}],"about":[{"href":"https:\/\/www.europesays.com\/no\/wp-json\/wp\/v2\/types\/post"}],"author":[{"embeddable":true,"href":"https:\/\/www.europesays.com\/no\/wp-json\/wp\/v2\/users\/2"}],"replies":[{"embeddable":true,"href":"https:\/\/www.europesays.com\/no\/wp-json\/wp\/v2\/comments?post=99224"}],"version-history":[{"count":0,"href":"https:\/\/www.europesays.com\/no\/wp-json\/wp\/v2\/posts\/99224\/revisions"}],"wp:featuredmedia":[{"embeddable":true,"href":"https:\/\/www.europesays.com\/no\/wp-json\/wp\/v2\/media\/99225"}],"wp:attachment":[{"href":"https:\/\/www.europesays.com\/no\/wp-json\/wp\/v2\/media?parent=99224"}],"wp:term":[{"taxonomy":"category","embeddable":true,"href":"https:\/\/www.europesays.com\/no\/wp-json\/wp\/v2\/categories?post=99224"},{"taxonomy":"post_tag","embeddable":true,"href":"https:\/\/www.europesays.com\/no\/wp-json\/wp\/v2\/tags?post=99224"}],"curies":[{"name":"wp","href":"https:\/\/api.w.org\/{rel}","templated":true}]}}