{"id":99230,"date":"2025-11-28T15:11:08","date_gmt":"2025-11-28T15:11:08","guid":{"rendered":"https:\/\/www.europesays.com\/no\/99230\/"},"modified":"2025-11-28T15:11:08","modified_gmt":"2025-11-28T15:11:08","slug":"overforbruk-av-medisinar-kan-gi-meir-hovudpine-viser-ei-ny-norsk-forsking-nrk-trondelag-lokale-nyheter-tv-og-radio","status":"publish","type":"post","link":"https:\/\/www.europesays.com\/no\/99230\/","title":{"rendered":"Over\u00adforbruk av medisinar kan gi meir hovudpine, viser ei ny norsk forsking \u2013 NRK Tr\u00f8ndelag \u2013 Lokale nyheter, TV og radio"},"content":{"rendered":"<p>Folk i heile verda plagast med hovudpine. Over 1 av 3 av oss er ramma av det, og kvinner er dobbelt s\u00e5 utsette som menn.<\/p>\n<p>Og feil bruk av smerte\u00adstillande er ein viktig grunn til dette.<\/p>\n<p><strong>\u2013 Medikament\u00adoverforbruks\u00adhovudpine er eit stort problem, seier Andreas Kattem Hus\u00f8y.<\/strong><\/p>\n<ul class=\"dhpg__gallery__list\">\n<li class=\"dhpg__gallery__listItem\"><img alt=\"Portrett av Andreas Kattem Hus\u00f8y\"  width=\"2400\" height=\"2400\" loading=\"lazy\"\/>Andreas Kattem Hus\u00f8y\n<ul>\n<li>er postdoktor ved Norsk senter for hodepineforskning, NorHead<\/li>\n<li>lege ved nevrologisk avdeling ved St. Olavs hospital<\/li>\n<\/ul>\n<\/li>\n<\/ul>\n<p>Hus\u00f8y har leidd eit stort internasjonalt prosjekt. Teamet har sett p\u00e5 data om hovudpine hos nesten 10 millionar menneske fr\u00e5 heile verda.<\/p>\n<p>Resultatet <a href=\"https:\/\/www.thelancet.com\/journals\/laneur\/article\/PIIS1474-4422(25)00402-8\/fulltext\" ec-id=\"https:\/\/www.thelancet.com\/journals\/laneur\/article\/PIIS1474-4422(25)00402-8\/fulltext\" ec-name=\"er publisert i Lancet Neurology\" rel=\"nofollow noopener\" target=\"_blank\">er publisert i Lancet Neurology<\/a>.<\/p>\n<p>Samfunnsproblem<\/p>\n<p>Hovudpine er den sjette viktigaste \u00e5rsaka til helsetap i verda, og rammar nesten 3 milliardar menneske.<\/p>\n<p>Helsetap er eit omgrep som m\u00e5ler den totale negative effekten av sjukdom, skade, tap av funksjon og livskvalitet.<\/p>\n<p><img decoding=\"async\"   src=\"data:image\/gif;base64,R0lGODlhAQABAIAAAAAAAP\/\/\/yH5BAEAAAAALAAAAAABAAEAAAIBRAA7\" loading=\"eager\" alt=\"Tegna og mala illustrasjon av hodepine\" title=\"Illustrasjon: Tuva Tagseth \/ NRK\"\/><\/p>\n<p>Illustrasjon: Tuva Tagseth \/ NRK<\/p>\n<p>Det totale helse\u00adtapet p\u00e5 grunn av hovudpine er veldig h\u00f8gt p\u00e5 samfunns\u00adniv\u00e5.<\/p>\n<p>Les om n\u00e5r du b\u00f8r g\u00e5 til lege p\u00e5 grunn av hovudpine lenger ned i saka.<\/p>\n<p>Den nye studien tar for seg tre typar hovudpine: Migrene, spennings\u00adhovudpine og hovudpine p\u00e5 grunn av overforbruk av smerte\u00adstillande medikament.<\/p>\n<p>Risiko for meir hovudpine<\/p>\n<p>Om ein tar for mykje smertestillande, som Paracet og Ibux, kan det forverre problemet.<\/p>\n<p>Hovudpina kan komme oftare og bli kronisk.<\/p>\n<p>Det som s\u00e5 fint blir kalla medikament\u00adoverforbruks\u00adhovudpine, utgjer ein femdel av helsetapet p\u00e5 grunn av hovudpine, viser forskinga.<\/p>\n<p><img decoding=\"async\"   src=\"data:image\/gif;base64,R0lGODlhAQABAIAAAAAAAP\/\/\/yH5BAEAAAAALAAAAAABAAEAAAIBRAA7\" loading=\"eager\" alt=\"Ibux og Paracet\" title=\"Foto: Vetle Knutsen\"\/><\/p>\n<p class=\"\">Reseptfrie smertestillande middel kan vere nyttig mot hovudverk, men b\u00f8r ikkje brukast for ofte.<\/p>\n<p>Foto: Vetle Knutsen<\/p>\n<p>Dei som har denne hovudpina, kjenner ofte p\u00e5 den kvar dag. Mange beskriv den som ei dump smerte. I tillegg har dei ofte d\u00e5rleg s\u00f8vn, kvalme og tr\u00f8yttleik.<\/p>\n<p>Medisinane hjelper lite, men kjennest n\u00f8dvendige for \u00e5 unng\u00e5 \u00e5 forverre symptoma.<\/p>\n<p><img decoding=\"async\"   src=\"data:image\/gif;base64,R0lGODlhAQABAIAAAAAAAP\/\/\/yH5BAEAAAAALAAAAAABAAEAAAIBRAA7\" loading=\"eager\" alt=\"Tegna og mala menneske med hodepine tar gr\u00e5 tablett\" title=\"Illustrasjon: Tuva Tagseth \/ NRK\"\/><\/p>\n<p>Illustrasjon: Tuva Tagseth \/ NRK<\/p>\n<p><strong>Hus\u00f8y understrekar at faren for medikament\u00adoverforbruks\u00adhovudpine berre gjeld dei som allereie har ein hovudpine\u00adtilstand, som oftast migrene, og bruker smertestillande mot det. Det gjeld ikkje dei som bruker medisinane av andre grunnar.<\/strong><\/p>\n<p>Medisinar som triptaner eller morfin, som er sterkare middel mot smerte, kan gi overforbruks\u00adhovudpine enda raskare. Desse medisinane skal helst ikkje brukast meir enn ni dagar i l\u00f8pet av ein m\u00e5nad.<\/p>\n<p><img decoding=\"async\"   src=\"data:image\/gif;base64,R0lGODlhAQABAIAAAAAAAP\/\/\/yH5BAEAAAAALAAAAAABAAEAAAIBRAA7\" loading=\"eager\" alt=\"Tegna og mala person som har sterk hodepine\" title=\"Illustrasjon: Tuva Tagseth \/ NRK\"\/><\/p>\n<p>Illustrasjon: Tuva Tagseth \/ NRK<\/p>\n<p><strong>\u2013 Det finst fleire medisinar som verkar f\u00f8rebyggande mot migrene, og det finst ogs\u00e5 nokon mot spenningshovudpine, fortel Hus\u00f8y.<\/strong><\/p>\n<p>F\u00f8rebyggande medisin verkar p\u00e5 ein annan m\u00e5te, og skal gjerne takast kvar dag.<\/p>\n<p>Desse medisinane utgjer ingen risiko for medikament\u00adoverforbruks\u00adhovudpine.<\/p>\n<p>Utan rett diagnose<\/p>\n<p>Aud Nome Dueland har behandla folk med hovudpine i 25 \u00e5r. Ho seier den nye studien bekreftar mykje av det ho sj\u00f8lv har erfart.<\/p>\n<p>S\u00e6rleg n\u00e5r det gjeld migrene.<\/p>\n<ul class=\"dhpg__gallery__list\">\n<li class=\"dhpg__gallery__listItem\"><img alt=\"Aud Nome Dueland, portrett\"  width=\"2400\" height=\"2400\" loading=\"lazy\"\/>Aud Nome Dueland\n<ul>\n<li>Nevrolog og har behandla\u00a0pasientar med hovudpine i 25 \u00e5r<\/li>\n<li>Nestleiar i Hjerner\u00e5det<\/li>\n<\/ul>\n<\/li>\n<\/ul>\n<p>\u2013 Denne studien viser at det er ti gonger s\u00e5 alvorleg \u00e5 ha migrene samanlikna med spennings\u00adhovudpine, seier ho.<\/p>\n<p>Nevrologen forklarer at migrene er mykje meir enn berre hovudpine. Symptom som kjem i tillegg kan vere kvalme, oppkast, lyd- og lysskyheit, utmatting, angst og depresjon.<\/p>\n<p>Det gjer migrene mykje vanskelegare \u00e5 leve med.<\/p>\n<p><strong>\u2013 Det er veldig viktig med rett diagnose tidleg, b\u00e5de for kvar enkelt og for samfunnet.<\/strong><\/p>\n<p>Duelands erfaring er at dette s\u00e6rleg rammar kvinner i den alderen der dei skal skaffe seg utdanning, karriere og familie. Mange blir uf\u00f8re p\u00e5 grunn av hovudpine.<\/p>\n<p><img decoding=\"async\"   src=\"data:image\/gif;base64,R0lGODlhAQABAIAAAAAAAP\/\/\/yH5BAEAAAAALAAAAAABAAEAAAIBRAA7\" loading=\"eager\" alt=\"Tegning og maling: person faller ned i hodepinehull\" title=\"Illustrasjon: Tuva Tagseth \/ NRK\"\/><\/p>\n<p>Illustrasjon: Tuva Tagseth \/ NRK<\/p>\n<p>N\u00e5r b\u00f8r du g\u00e5 til lege?<\/p>\n<p>Dersom du i meir enn tre m\u00e5nader har tatt smertestillande mot hovudpine meir enn to dagar i veka, risikerer du \u00e5 f\u00e5 medikament\u00adoverforbruks\u00adhovudpine.<\/p>\n<p><strong>\u2013 Om du ofte har hovudpine, og det p\u00e5verkar korleis du fungerer i dagleglivet, b\u00f8r du g\u00e5 til lege, seier Dueland.<\/strong><\/p>\n<p>\u2013 Erfaringa mi er at rett diagnose og rett medisin til rett tid, kan f\u00f8re til at fleire kan f\u00e5 eit betre liv.<\/p>\n<p>Noreg er p\u00e5 verdstoppen i registrert hovudpine.<\/p>\n<p><strong>Andreas Kattem Hus\u00f8y meiner grunnen til dette er at vi har eit meir robust datamateriale enn dei fleste andre land.<\/strong><\/p>\n<p>Studien viser at talet p\u00e5 folk som har hovudpine ikkje har auka dei siste 30 \u00e5ra, men at det er behov for betre behandling verda over.<\/p>\n<p>Publisert<\/p>\n<p>28.11.2025, kl. 13.28<\/p>\n","protected":false},"excerpt":{"rendered":"Folk i heile verda plagast med hovudpine. Over 1 av 3 av oss er ramma av det, og&hellip;\n","protected":false},"author":2,"featured_media":99231,"comment_status":"","ping_status":"","sticky":false,"template":"","format":"standard","meta":{"footnotes":""},"categories":[10],"tags":[20,21,24,25,15,22,23,13,30,28,29,14,16,26,27],"class_list":{"0":"post-99230","1":"post","2":"type-post","3":"status-publish","4":"format-standard","5":"has-post-thumbnail","7":"category-norge","8":"tag-breaking-news","9":"tag-breakingnews","10":"tag-featured-news","11":"tag-featurednews","12":"tag-headlines","13":"tag-latest-news","14":"tag-latestnews","15":"tag-news","16":"tag-no","17":"tag-norge","18":"tag-norway","19":"tag-nyheter","20":"tag-overskrifter","21":"tag-top-stories","22":"tag-topstories"},"share_on_mastodon":{"url":"https:\/\/pubeurope.com\/@no\/115627968641250432","error":""},"_links":{"self":[{"href":"https:\/\/www.europesays.com\/no\/wp-json\/wp\/v2\/posts\/99230","targetHints":{"allow":["GET"]}}],"collection":[{"href":"https:\/\/www.europesays.com\/no\/wp-json\/wp\/v2\/posts"}],"about":[{"href":"https:\/\/www.europesays.com\/no\/wp-json\/wp\/v2\/types\/post"}],"author":[{"embeddable":true,"href":"https:\/\/www.europesays.com\/no\/wp-json\/wp\/v2\/users\/2"}],"replies":[{"embeddable":true,"href":"https:\/\/www.europesays.com\/no\/wp-json\/wp\/v2\/comments?post=99230"}],"version-history":[{"count":0,"href":"https:\/\/www.europesays.com\/no\/wp-json\/wp\/v2\/posts\/99230\/revisions"}],"wp:featuredmedia":[{"embeddable":true,"href":"https:\/\/www.europesays.com\/no\/wp-json\/wp\/v2\/media\/99231"}],"wp:attachment":[{"href":"https:\/\/www.europesays.com\/no\/wp-json\/wp\/v2\/media?parent=99230"}],"wp:term":[{"taxonomy":"category","embeddable":true,"href":"https:\/\/www.europesays.com\/no\/wp-json\/wp\/v2\/categories?post=99230"},{"taxonomy":"post_tag","embeddable":true,"href":"https:\/\/www.europesays.com\/no\/wp-json\/wp\/v2\/tags?post=99230"}],"curies":[{"name":"wp","href":"https:\/\/api.w.org\/{rel}","templated":true}]}}