{"id":99234,"date":"2025-11-28T15:14:22","date_gmt":"2025-11-28T15:14:22","guid":{"rendered":"https:\/\/www.europesays.com\/no\/99234\/"},"modified":"2025-11-28T15:14:22","modified_gmt":"2025-11-28T15:14:22","slug":"iran-boikotter-vm-trekningen-skylder-pa-amerikanske-innreiseregler-2","status":"publish","type":"post","link":"https:\/\/www.europesays.com\/no\/99234\/","title":{"rendered":"Iran boikotter VM-trekningen \u2013 skylder p\u00e5 amerikanske innreiseregler"},"content":{"rendered":"\n<p class=\"_lead_o9xde_2 _lead_xtcu6_50 layout-component text-serif-m layout-normal text-serif-l layout-component layout-wide layout-padded _wide_17hqh_1 layout-padded\">Iran sender ingen representanter til trekningen av gruppene i neste \u00e5rs fotball-VM.<\/p>\n<p><img alt=\"Iran boikotter VM-trekningen i Washington 5. desember. \u00c5rsaken er at USA ikke innvilger innreise til landets fotballpresident Mehdi Taj (nummer tre fra h\u00f8yre) og andre ledere i det iranske forbundet. Her er Taj fra 2022 sammen med Irans tidligere president Ebrahim Raisi (midten).  Foto: Iranian Presidency Office \/ AP \/ NTB\" class=\"_image_qp4xg_65 layout-component layout-wide\" data-fullscreen- data-track-element-type=\"Article image fullscreen\" data-track-name=\"ImageFullscreen\" fetchpriority=\"high\" decoding=\"sync\" loading=\"eager\" height=\"1667\" itemprop=\"image\"  src=\"https:\/\/www.europesays.com\/no\/wp-content\/uploads\/2025\/11\/8094e37f-e185-437f-9ecf-1bdbac61d4a4\"  style=\"object-position:0% 0%\" width=\"2500\"\/>Iran boikotter VM-trekningen i Washington 5. desember. \u00c5rsaken er at USA ikke innvilger innreise til landets fotballpresident Mehdi Taj (nummer tre fra h\u00f8yre) og andre ledere i det iranske forbundet. Her er Taj fra 2022 sammen med Irans tidligere president Ebrahim Raisi (midten).  Foto: Iranian Presidency Office \/ AP \/ NTB<\/p>\n<ul aria-hidden=\"true\" class=\"_images_1uft6_111\">\n<li><a class=\"_link_1uft6_116\" href=\"https:\/\/www.vg.no\/forfatter\/ntb\" style=\"z-index:1\" title=\"NTB\" rel=\"nofollow noopener\" target=\"_blank\"><img alt=\"Bilde av NTB\" class=\"_image_1uft6_93\" fetchpriority=\"low\" loading=\"lazy\" decoding=\"async\" itemprop=\"image\"  src=\"https:\/\/www.europesays.com\/no\/wp-content\/uploads\/2025\/11\/1764342862_235_c33980b0-5d07-4027-84a1-813f90a7c8d6\"  width=\"480\"\/><\/a><\/li>\n<\/ul>\n<p> Oppdatert fredag 28. november kl. 09:46     <\/p>\n<p class=\"_paragraph_o9xde_4 _paragraph_xtcu6_10 layout-component text-serif-m layout-normal text-serif-m layout-padded\">\u00c5rsaken er USAs innreiserestriksjoner, opplyser Irans fotballforbund. Allerede tidlig i oktober ble det antyder at landet ikke kom til \u00e5 sende en delegasjon til Washington.<\/p>\n<p class=\"_paragraph_o9xde_4 _paragraph_xtcu6_10 layout-component text-serif-m layout-normal text-serif-m layout-padded\">Der gjennomf\u00f8res VM-trekningen i Kennedy Center 5. desember.<\/p>\n<p class=\"_paragraph_o9xde_4 _paragraph_xtcu6_10 layout-component text-serif-m layout-normal text-serif-m layout-padded\">Amerikanske myndigheter har nektet \u00e5 innvilge foresp\u00f8rsler om \u00e5 innreise for Irans fotballpresident Mehdi Taj, landslagssjef Amir Ghalenoei og sju andre ansatte i forbundet, skrev den iranske avisen Shargh tidligere i h\u00f8st.<\/p>\n<p class=\"_paragraph_o9xde_4 _paragraph_xtcu6_10 layout-component text-serif-m layout-normal text-serif-m layout-padded\">Irans fotballforbund hadde et h\u00e5p om at Fifa-sjefen Gianni Infantino kunne gripe inn og presse p\u00e5 for \u00e5 f\u00e5 omgjort avgj\u00f8relsen. Det skjedde ikke, og n\u00e5 har iranerne gitt opp og boikotter seremonien.<\/p>\n<p class=\"_paragraph_o9xde_4 _paragraph_xtcu6_10 layout-component text-serif-m layout-normal text-serif-m layout-padded\">I sommer havnet Iran p\u00e5 lista over land amerikanerne forbyr innreise fra. USAs president <a href=\"https:\/\/www.vg.no\/tag\/donald-trump-2?utm_source=vg-article&amp;utm_medium=auto-tagger&amp;utm_campaign=K8B9nG\" class=\"_link_o9xde_39\" rel=\"nofollow noopener\" target=\"_blank\">Donald Trump<\/a> begrunnet nekten med at han \u00abm\u00e5 handle for \u00e5 beskytte USAs nasjonale sikkerhet og interesser\u00bb.<\/p>\n<p class=\"_paragraph_o9xde_4 _paragraph_xtcu6_10 layout-component text-serif-m layout-normal text-serif-m layout-padded\">Iran og USA har ikke hatt diplomatiske forbindelser p\u00e5 over 45 \u00e5r. De regnes som politiske erkefiender.<\/p>\n<p class=\"_paragraph_o9xde_4 _paragraph_xtcu6_10 layout-component text-serif-m layout-normal text-serif-m layout-padded\">Neste \u00e5r arrangerer USA fotball-VM sammen med Canada og Mexico. Det er ikke ventet at Irans landslag f\u00e5r problemer med \u00e5 spille p\u00e5 amerikansk jord, men det er usikkert hvordan innreiseforbudet rammer iranske forbundspersoner, journalister og supportere.<\/p>\n","protected":false},"excerpt":{"rendered":"Iran sender ingen representanter til trekningen av gruppene i neste \u00e5rs fotball-VM. Iran boikotter VM-trekningen i Washington 5.&hellip;\n","protected":false},"author":2,"featured_media":99235,"comment_status":"","ping_status":"","sticky":false,"template":"","format":"standard","meta":{"footnotes":""},"categories":[59],"tags":[55,4472,3228,30,28,29,83,82,50],"class_list":{"0":"post-99234","1":"post","2":"type-post","3":"status-publish","4":"format-standard","5":"has-post-thumbnail","7":"category-sport","8":"tag-donald-trump","9":"tag-fotball-vm","10":"tag-iran","11":"tag-no","12":"tag-norge","13":"tag-norway","14":"tag-sport","15":"tag-sports","16":"tag-usa"},"share_on_mastodon":{"url":"https:\/\/pubeurope.com\/@no\/115627980543247794","error":""},"_links":{"self":[{"href":"https:\/\/www.europesays.com\/no\/wp-json\/wp\/v2\/posts\/99234","targetHints":{"allow":["GET"]}}],"collection":[{"href":"https:\/\/www.europesays.com\/no\/wp-json\/wp\/v2\/posts"}],"about":[{"href":"https:\/\/www.europesays.com\/no\/wp-json\/wp\/v2\/types\/post"}],"author":[{"embeddable":true,"href":"https:\/\/www.europesays.com\/no\/wp-json\/wp\/v2\/users\/2"}],"replies":[{"embeddable":true,"href":"https:\/\/www.europesays.com\/no\/wp-json\/wp\/v2\/comments?post=99234"}],"version-history":[{"count":0,"href":"https:\/\/www.europesays.com\/no\/wp-json\/wp\/v2\/posts\/99234\/revisions"}],"wp:featuredmedia":[{"embeddable":true,"href":"https:\/\/www.europesays.com\/no\/wp-json\/wp\/v2\/media\/99235"}],"wp:attachment":[{"href":"https:\/\/www.europesays.com\/no\/wp-json\/wp\/v2\/media?parent=99234"}],"wp:term":[{"taxonomy":"category","embeddable":true,"href":"https:\/\/www.europesays.com\/no\/wp-json\/wp\/v2\/categories?post=99234"},{"taxonomy":"post_tag","embeddable":true,"href":"https:\/\/www.europesays.com\/no\/wp-json\/wp\/v2\/tags?post=99234"}],"curies":[{"name":"wp","href":"https:\/\/api.w.org\/{rel}","templated":true}]}}