{"id":99240,"date":"2025-11-28T15:20:07","date_gmt":"2025-11-28T15:20:07","guid":{"rendered":"https:\/\/www.europesays.com\/no\/99240\/"},"modified":"2025-11-28T15:20:07","modified_gmt":"2025-11-28T15:20:07","slug":"sv-og-mdg-tar-pause-i-forhandlingene","status":"publish","type":"post","link":"https:\/\/www.europesays.com\/no\/99240\/","title":{"rendered":"SV og MDG tar pause i forhandlingene"},"content":{"rendered":"<p> SV tar pause i forhandlingene om neste \u00e5rs statsbudsjett inntil Arbeiderpartiet viser vilje til \u00e5 komme partiet i m\u00f8te, opplyser partiet til TV 2.<\/p>\n<p> \u2013 N\u00e5 har folk forhandlet hele natta, s\u00e5 da har de et behov for \u00e5 sove, sier Audun Herning, partisekret\u00e6r i SV.<\/p>\n<p>Avviser brudd<\/p>\n<p>Han avviser at dette er et brudd, og vil ikke fortelle hvilke konkrete saker som gj\u00f8r at partiet n\u00e5 tar en pause i forhandlingene.<\/p>\n<p class=\"italic m-italic\" data-lab-italic=\"italic\">\u2013 Er det s\u00f8vnmangelen eller misn\u00f8ye med fremgangen i sakene som f\u00f8rer til denne pausen?<\/p>\n<p>\u2013 Det er kombinasjonen, svarer Herning.<\/p>\n<p>\u2013 Vi mener det er grunn til \u00e5 forhandle videre. Men n\u00e5r det g\u00e5r s\u00e5 sakte, er det behov for \u00e5 ta en pause s\u00e5 man kan f\u00e5 sove. <\/p>\n<p>Det var NRK som omtalte pausen f\u00f8rst.\u00a0<\/p>\n<p>\u2013 Strukket oss langt<\/p>\n<p>Ogs\u00e5 MDG tar pause i forhandlingene.\u00a0<\/p>\n<p>\u2013 Vi har strukket oss langt og v\u00e6rt villige til \u00e5 g\u00e5 med p\u00e5 flere saker som er vanskelige for oss, men opplever ikke samme velvillighet hos Arbeiderpartiet. Vi opplever ikke bevegelse, bare ultimatumer. Vi tar derfor ogs\u00e5 en pause i forhandlingene med Arbeiderpartiet, til Ap er villig til \u00e5 komme oss i m\u00f8te p\u00e5 klima og solidaritet. St\u00f8re m\u00e5 forst\u00e5 at han styrer p\u00e5 et historisk gr\u00f8nt flertall som tilsammen har flere mandater enn H\u00f8yre p\u00e5 Stortinget, og at milj\u00f8gjennomslagene m\u00e5 v\u00e6re tilsvarende, sier Ingrid Liland i MDG til TV 2.<\/p>\n<p>Arbeiderpartiet og budsjettpartnerne p\u00e5 r\u00f8dgr\u00f8nn side \u2013 SV, Senterpartiet, R\u00f8dt og MDG, har n\u00e5 forhandlet i to uker om budsjettet, uten \u00e5 komme til enighet.<\/p>\n<p>S\u00f8ndag er siste frist for \u00e5 levere et felles budsjett.<\/p>\n","protected":false},"excerpt":{"rendered":"SV tar pause i forhandlingene om neste \u00e5rs statsbudsjett inntil Arbeiderpartiet viser vilje til \u00e5 komme partiet i&hellip;\n","protected":false},"author":2,"featured_media":99241,"comment_status":"","ping_status":"","sticky":false,"template":"","format":"standard","meta":{"footnotes":""},"categories":[5],"tags":[20,21,24,25,15,19,22,23,17,18,13,30,28,29,14,16,26,27],"class_list":{"0":"post-99240","1":"post","2":"type-post","3":"status-publish","4":"format-standard","5":"has-post-thumbnail","7":"category-overskrifter","8":"tag-breaking-news","9":"tag-breakingnews","10":"tag-featured-news","11":"tag-featurednews","12":"tag-headlines","13":"tag-hovedoppslag","14":"tag-latest-news","15":"tag-latestnews","16":"tag-main-news","17":"tag-mainnews","18":"tag-news","19":"tag-no","20":"tag-norge","21":"tag-norway","22":"tag-nyheter","23":"tag-overskrifter","24":"tag-top-stories","25":"tag-topstories"},"share_on_mastodon":{"url":"https:\/\/pubeurope.com\/@no\/115628004106072244","error":""},"_links":{"self":[{"href":"https:\/\/www.europesays.com\/no\/wp-json\/wp\/v2\/posts\/99240","targetHints":{"allow":["GET"]}}],"collection":[{"href":"https:\/\/www.europesays.com\/no\/wp-json\/wp\/v2\/posts"}],"about":[{"href":"https:\/\/www.europesays.com\/no\/wp-json\/wp\/v2\/types\/post"}],"author":[{"embeddable":true,"href":"https:\/\/www.europesays.com\/no\/wp-json\/wp\/v2\/users\/2"}],"replies":[{"embeddable":true,"href":"https:\/\/www.europesays.com\/no\/wp-json\/wp\/v2\/comments?post=99240"}],"version-history":[{"count":0,"href":"https:\/\/www.europesays.com\/no\/wp-json\/wp\/v2\/posts\/99240\/revisions"}],"wp:featuredmedia":[{"embeddable":true,"href":"https:\/\/www.europesays.com\/no\/wp-json\/wp\/v2\/media\/99241"}],"wp:attachment":[{"href":"https:\/\/www.europesays.com\/no\/wp-json\/wp\/v2\/media?parent=99240"}],"wp:term":[{"taxonomy":"category","embeddable":true,"href":"https:\/\/www.europesays.com\/no\/wp-json\/wp\/v2\/categories?post=99240"},{"taxonomy":"post_tag","embeddable":true,"href":"https:\/\/www.europesays.com\/no\/wp-json\/wp\/v2\/tags?post=99240"}],"curies":[{"name":"wp","href":"https:\/\/api.w.org\/{rel}","templated":true}]}}