{"id":99242,"date":"2025-11-28T15:21:08","date_gmt":"2025-11-28T15:21:08","guid":{"rendered":"https:\/\/www.europesays.com\/no\/99242\/"},"modified":"2025-11-28T15:21:08","modified_gmt":"2025-11-28T15:21:08","slug":"blir-nrk-ekspertar-heldt-ol-beskjed-skjult-for-familien","status":"publish","type":"post","link":"https:\/\/www.europesays.com\/no\/99242\/","title":{"rendered":"Blir NRK-ekspertar \u2013 heldt OL-beskjed skjult for familien"},"content":{"rendered":"<p>Saka oppsummert:<\/p>\n<ul>\n<li>Johannes og Tarjei B\u00f8 blir NRK sine skiskyttarekspertar under OL i Anterselva.<\/li>\n<li>Begge har lagt opp; siste renn i Holmenkollen i mars 2025. Johannes annonserte karriereslutt i januar, Tarjei fem dagar seinare.<\/li>\n<li>Johannes heldt avskilsbeskjeden skjult for svigerforeldra, som allereie hadde kj\u00f8pt OL-billettar.<\/li>\n<li>Br\u00f8rne g\u00e5r inn i ekspertrolla med \u00e6refrykt og vil byggje tillit til ut\u00f8varar, men erkjenner mogleg friksjon.<\/li>\n<\/ul>\n<p>Oppsummeringa er laga av ei KI-teneste fr\u00e5 OpenAI. Innhaldet er kvalitetssikra av NRK sine journalistar f\u00f8r publisering.<\/p>\n<p>\u2013 Ein g\u00e5r jo inn i det med litt \u00e6refrykt. Vi skal levere for det norske folket p\u00e5 ein litt annan m\u00e5te enn det vi har gjort f\u00f8r, seier Johannes f\u00f8r storebror legg til:<\/p>\n<p><strong>\u2013 Det er jo litt spennande om du klarer \u00e5 meistre det. Heldigvis skal vi snakke om noko vi har ferske minne om, s\u00e5 eg trur vi skal klare \u00e5 komme med nokre gode analysar. S\u00e5 f\u00e5r vi sj\u00e5 om vi f\u00e5r uvenner p\u00e5 det norske landslaget, seier Tarjei.<\/strong><\/p>\n<p>Latteren sit som vanleg laust n\u00e5r dei to br\u00f8rne blir tildelte kvar si raude jakke. 250 dagar etter at dei gjekk sine siste renn, ikler dei seg n\u00e5 NRK-t\u00f8yet.<\/p>\n<p>\u2013 Vi skal inn i \u00abraudjakkealliansen\u00bb, vi har h\u00f8yrt masse om han, seier Johannes.<\/p>\n<p>    Foto: P\u00e5l Martin Rossing \/ NRK<\/p>\n<p>Br\u00f8dreparet skal tilbake til Anterselva, \u00e5rets OL-stadion for skiskyttarane, men denne gongen blir alt annleis.<\/p>\n<p>\u2013 Det er jo lett \u00e5 f\u00e5 ein liten isfront mellom media og ut\u00f8var. Det veit eg av erfaring fr\u00e5 f\u00f8r, men eg har skapt tillit til journalistar f\u00f8r, og eg h\u00e5par at b\u00e5de eg og Tarjei kan vise oss tilliten verdig til \u00e5 komme i dialog med ut\u00f8varane p\u00e5 ein god m\u00e5te, seier Johannes.<\/p>\n<p>\u2013 Det skulle jo vere den store avslutninga mi<\/p>\n<p>Nokon som ogs\u00e5 skal til Anterselva, er svigerforeldra til Johannes Thingnes B\u00f8. Planen var eigentleg at dei skulle sj\u00e5 han i aksjon, men slik blei det alts\u00e5 ikkje.<\/p>\n<p><strong>\u2013 Plutseleg s\u00e5 endra jo planane seg betrakteleg, seier yngstebroren.<\/strong><\/p>\n<p>For d\u00e5 han valde \u00e5 legge opp, heldt han l\u00f8yndommen skjult \u2013 ogs\u00e5 for svigers.<\/p>\n<p>\u2013 Dei var klare for \u00e5 oppleve OL p\u00e5 n\u00e6rt hand i Italia. Aller helst med meg p\u00e5 startstreken \u2013 og det skulle jo vere den store avslutninga mi. Det var noko dei hadde sett fram til, seier Johannes.<\/p>\n<p>Slik blei det alts\u00e5 ikkje.<\/p>\n<p>Ulike \u00abavslutningsstrategiar\u00bb<\/p>\n<p>D\u00e5 han annonserte karriereslutt sat nemleg svigerforeldra igjen med fly- og stadionbillettar til ein olympisk meisterskap svigersonen ikkje skulle delta i.<\/p>\n<p>\u2013 Dei er nede i OL i f\u00f8rste halvdel, n\u00e5r eg ikkje er der. Og s\u00e5 m\u00f8test vi vel p\u00e5 Gardermoen for \u00e5 byte plassering. I februar kjem vi truleg ikkje til \u00e5 sj\u00e5 kvarandre. Eg var glad det ikkje var fleire i n\u00e6r krets som hadde bestilt, for det var faktisk noko eg tenkte p\u00e5, seier han.<\/p>\n<p>Der veslebror heldt tett om karriereslutt til alle i n\u00e6r krets, valde storebror ein annan strategi.<\/p>\n<p>\u2013 Varsla du nokon i familien f\u00f8r det blei slutt?<\/p>\n<p>\u2013 Det var ingen svigerforeldre som bestilte OL-billett, fortel Tarjei, og utdjupar.<\/p>\n<p>Han hadde nemleg varsla kona p\u00e5 f\u00f8rehand om at dette var hans siste sesong, men han visste ikkje n\u00e5r han skulle fortelje omverda om det. D\u00e5 han sikra siste verdscupsigeren i Anterselva under fjor\u00e5rssesongen, bestemte han seg.<\/p>\n<p>    \u2190<\/p>\n<ul data-scroll-container=\"\" role=\"list\" aria-label=\"Bildegalleri\">\n<li><img alt=\"Br\u00f8rne B\u00f8 med kroner etter sitt siste renn i Holmenkollen\"  width=\"3840\" height=\"3842\" loading=\"lazy\"\/>\n<p>TAKKA AV SOM KONGAR: Heile Holmenkollen, som var fylt til randa, tok avskjed med B\u00f8-br\u00f8rne i mars.<\/p>\n<p> Foto: Mathias Bergeld \/ Bildbyr\u00e5n <\/li>\n<li><img alt=\"Br\u00f8rne B\u00f8 saman f\u00f8r et pressetreff\"  width=\"3840\" height=\"3840\" loading=\"lazy\"\/>\n<p>DEN GONG D\u00c5: I 2012 fekk Johannes Thingnes B\u00f8 beskjed om at han var inne p\u00e5 landslaget. Sidan har dei to vore eit radarpar med flagget p\u00e5 brystet.<\/p>\n<p> Foto: Heiko Junge \/ NTB <\/li>\n<li><img alt=\"Tarjei B\u00f8 og Johannes Thingnes B\u00f8 vekslar\"  width=\"3840\" height=\"3841\" loading=\"lazy\"\/>\n<p>I AKSJON: Johannes Thingnes B\u00f8 og Tarjei B\u00f8 har vore faste innslag p\u00e5 diverse stafettlag. Her fr\u00e5 VM i Kontiolahti i 2015 der Noreg tok bronse p\u00e5 blanda stafett.<\/p>\n<p> Foto: M. OBERLAENDER \/ Bildbyr\u00e5n <\/li>\n<li><img alt=\"Skiskyttar-gutane feirar gull etter stafett under VM i Holmenkollen i 2016\"  width=\"3840\" height=\"3838\" loading=\"lazy\"\/>\n<p>IKKJE FRAMAND FOR \u00c5 FEIRE: Tarjei B\u00f8 sprett champagne-korken etter VM-gull p\u00e5 stafett p\u00e5 heimebane i Holmenkollen i 2016.<\/p>\n<p> Foto: Vidar Ruud \/ NTB <\/li>\n<li><img alt=\"Johannes Thingnes B\u00f8 og Tarjei B\u00f8 smiler til kamera med familien i bakgrunnen\"  width=\"3840\" height=\"3840\" loading=\"lazy\"\/>\n<p>FAMILIEN SAMLA: Br\u00f8rne feirar stafettgull under VM i \u00d6stersund i 2019 saman med familien. Bakarst fr\u00e5 venstre: Gita Simonsen (kona til Tarjei B\u00f8), Hedda D\u00e6hli B\u00f8 (kona til Johannes Thingnes B\u00f8) og far Klemet B\u00f8.<\/p>\n<p> Foto: PETTER ARVIDSON \/ Bildbyr\u00e5n <\/li>\n<li><img alt=\"Johannes Thingnes B\u00f8 og Tarjei B\u00f8 holder opp medaljar framfor kamera\"  width=\"3840\" height=\"3840\" loading=\"lazy\"\/>\n<p>MEDALJEKONGAR: Fr\u00e5 OL i Beijing i 2022. Til saman tok br\u00f8rne 16 OL-medaljar: Johannes Thingnes B\u00f8 har ni medaljar og Tarjei B\u00f8 har sju medaljar.<\/p>\n<p> Foto: VEGARD GR\u00d8TT \/ Bildbyr\u00e5n <\/li>\n<\/ul>\n<p>\u2192<\/p>\n<p>La opp med fem dagars mellomrom<\/p>\n<p>Begge br\u00f8rne gjekk sine siste renn i Holmenkollen i mars 2025.<\/p>\n<p>Johannes Thingnes B\u00f8 blir ofte omtalt som ein av dei st\u00f8rste skiskyttarane i historia. Annonseringa av karrierepunktumet kom br\u00e5tt og uventa, d\u00e5 han fortalde omverda om det i januar 2025.<\/p>\n<p>\u2013 Det er veldig sjokkerande, sa NRKs skiskyttarekspert Marte Olsbu R\u00f8iseland <a href=\"http:\/\/www.nrk.no\/sport\/johannes-thingnes-bo-legger-opp_-_-veldig-sjokkerende-1.17212401\" ec-id=\"pp:article:1.17212401\" ec-name=\"d\u00e5 det blei annonsert i Rupholding\" rel=\"nofollow noopener\" target=\"_blank\">d\u00e5 det blei annonsert i Rupholding<\/a>.<\/p>\n<p>Thingnes B\u00f8 st\u00e5r med flest VM-gull i historia, b\u00e5de individuelt og medrekna stafettar. Totalt st\u00e5r stryningen med 91 sigrar p\u00e5 h\u00f8gaste niv\u00e5 gjennom karrieren.<\/p>\n<p>Tarjei B\u00f8 st\u00e5r p\u00e5 si side med 15 individuelle sigrar i verdscupen, 12 VM-gull og 3 OL-gull (inkludert stafettar). Storebror B\u00f8 vann ogs\u00e5 verdscupen samanlagt \u00e9in gong, tilbake i 2010\/2011-sesongen.<\/p>\n<p>Han annonserte karrierepunktumet sitt i OL-landsbyen Anterselva under fjor\u00e5rssesongen d\u00e5 han tok andre sigeren i sesongen i verdscupen. Dette var berre fem dagar etter at veslebror la opp.<\/p>\n<p>Til saman st\u00e5r br\u00f8rne med 144 sigrar p\u00e5 h\u00f8gaste niv\u00e5 \u2013 og heile 773 startar i verdscupen (!).<\/p>\n<p>No blir dei alts\u00e5 ekspertar under OL. Meisterskapen varer fr\u00e5 6. til 22. februar, og blir send p\u00e5 NRK.<\/p>\n<p>\u2013 Vi er utruleg glade for \u00e5 f\u00e5 legendene Tarjei og Johannes med p\u00e5 OL-laget. Skiskyting st\u00e5r utruleg sterkt hos det norske folket, og saman med Marte Olsbu R\u00f8iseland toppar vi verkeleg ekspert-laget til Anterselva og Dei olympiske leikane, seier NRKs sportsredakt\u00f8r Espen Olsen Langfeldt.<\/p>\n<p>Publisert<\/p>\n<p>28.11.2025, kl. 15.59<\/p>\n","protected":false},"excerpt":{"rendered":"Saka oppsummert: Johannes og Tarjei B\u00f8 blir NRK sine skiskyttarekspertar under OL i Anterselva. Begge har lagt opp;&hellip;\n","protected":false},"author":2,"featured_media":99243,"comment_status":"","ping_status":"","sticky":false,"template":"","format":"standard","meta":{"footnotes":""},"categories":[59],"tags":[30,28,29,83,82],"class_list":{"0":"post-99242","1":"post","2":"type-post","3":"status-publish","4":"format-standard","5":"has-post-thumbnail","7":"category-sport","8":"tag-no","9":"tag-norge","10":"tag-norway","11":"tag-sport","12":"tag-sports"},"share_on_mastodon":{"url":"https:\/\/pubeurope.com\/@no\/115628007983536365","error":""},"_links":{"self":[{"href":"https:\/\/www.europesays.com\/no\/wp-json\/wp\/v2\/posts\/99242","targetHints":{"allow":["GET"]}}],"collection":[{"href":"https:\/\/www.europesays.com\/no\/wp-json\/wp\/v2\/posts"}],"about":[{"href":"https:\/\/www.europesays.com\/no\/wp-json\/wp\/v2\/types\/post"}],"author":[{"embeddable":true,"href":"https:\/\/www.europesays.com\/no\/wp-json\/wp\/v2\/users\/2"}],"replies":[{"embeddable":true,"href":"https:\/\/www.europesays.com\/no\/wp-json\/wp\/v2\/comments?post=99242"}],"version-history":[{"count":0,"href":"https:\/\/www.europesays.com\/no\/wp-json\/wp\/v2\/posts\/99242\/revisions"}],"wp:featuredmedia":[{"embeddable":true,"href":"https:\/\/www.europesays.com\/no\/wp-json\/wp\/v2\/media\/99243"}],"wp:attachment":[{"href":"https:\/\/www.europesays.com\/no\/wp-json\/wp\/v2\/media?parent=99242"}],"wp:term":[{"taxonomy":"category","embeddable":true,"href":"https:\/\/www.europesays.com\/no\/wp-json\/wp\/v2\/categories?post=99242"},{"taxonomy":"post_tag","embeddable":true,"href":"https:\/\/www.europesays.com\/no\/wp-json\/wp\/v2\/tags?post=99242"}],"curies":[{"name":"wp","href":"https:\/\/api.w.org\/{rel}","templated":true}]}}