{"id":99254,"date":"2025-11-28T15:36:29","date_gmt":"2025-11-28T15:36:29","guid":{"rendered":"https:\/\/www.europesays.com\/no\/99254\/"},"modified":"2025-11-28T15:36:29","modified_gmt":"2025-11-28T15:36:29","slug":"vi-ma-ikke-glemme-hva-som-gjorde-at-vi-med-rette-forventet-seier","status":"publish","type":"post","link":"https:\/\/www.europesays.com\/no\/99254\/","title":{"rendered":"\u00abVi m\u00e5 ikke glemme hva som gjorde at vi med rette forventet seier\u00bb"},"content":{"rendered":"<p>        Robbie Jay Barratt &#8211; AMA\n    <\/p>\n<p class=\"kicker font-weight-bold m-font-weight-bold tertiary color_mobile_tertiary\" style=\"\">LESERBREV:<\/p>\n<p>    Det er lov \u00e5 se ting litt i perspektivAv: Jon Fivelstad<\/p>\n<p>Raseri, forbannelse og en bunnl\u00f8s skuffelse. Det oppsummerer vel min, og mange andre United-fans\u2019 reaksjon etter det pinlige tapet mot Everton. Jeg skal ikke g\u00e5 inn p\u00e5 detaljer, men jeg sliter med \u00e5 finne \u00e9n spiller som mandag kveld levde opp til det vi kan forvente av en United-spiller!<\/p>\n<p>                Black Week: F\u00e5 med deg alt for kun 1 kr!<\/p>\n<ul>\n<li>Tilgang til alt innhold p\u00e5 united.no<\/li>\n<li>Tilgang til podkasten Uno+<\/li>\n<li>Billetter og turer til Old Trafford<\/li>\n<li>Gode rabatter i nettbutikken<\/li>\n<li>Medlemspris p\u00e5 Viaplay Total<\/li>\n<\/ul>\n<p class=\"price_description\">Kun 1 kr ut \u00e5ret. Fornyes deretter til 350kr\/\u00e5r<\/p>\n<p>\n                    <a href=\"https:\/\/api.united.no\/paywall\/order?providerUrl=https%3A%2F%2Fminside.united.no%2Fno%2Fcheckout%2Fblackweek-unitedmedlemskap&amp;siteAlias=united&amp;&amp;siteId=2&amp;contentUrl=https%3A%2F%2Fwww.united.no%2Fnyheter%2Fvi-ma-ikke-glemme-hva-som-gjorde-at-vi-med-rette-forventet-seier%2F1405910\" rel=\"nofollow noopener\" target=\"_blank\">Bli medlem n\u00e5<\/a>\n                <\/p>\n","protected":false},"excerpt":{"rendered":"Robbie Jay Barratt &#8211; AMA LESERBREV: Det er lov \u00e5 se ting litt i perspektivAv: Jon Fivelstad Raseri,&hellip;\n","protected":false},"author":2,"featured_media":99255,"comment_status":"","ping_status":"","sticky":false,"template":"","format":"standard","meta":{"footnotes":""},"categories":[59],"tags":[30,28,29,83,82],"class_list":{"0":"post-99254","1":"post","2":"type-post","3":"status-publish","4":"format-standard","5":"has-post-thumbnail","7":"category-sport","8":"tag-no","9":"tag-norge","10":"tag-norway","11":"tag-sport","12":"tag-sports"},"share_on_mastodon":{"url":"https:\/\/pubeurope.com\/@no\/115628066946061299","error":""},"_links":{"self":[{"href":"https:\/\/www.europesays.com\/no\/wp-json\/wp\/v2\/posts\/99254","targetHints":{"allow":["GET"]}}],"collection":[{"href":"https:\/\/www.europesays.com\/no\/wp-json\/wp\/v2\/posts"}],"about":[{"href":"https:\/\/www.europesays.com\/no\/wp-json\/wp\/v2\/types\/post"}],"author":[{"embeddable":true,"href":"https:\/\/www.europesays.com\/no\/wp-json\/wp\/v2\/users\/2"}],"replies":[{"embeddable":true,"href":"https:\/\/www.europesays.com\/no\/wp-json\/wp\/v2\/comments?post=99254"}],"version-history":[{"count":0,"href":"https:\/\/www.europesays.com\/no\/wp-json\/wp\/v2\/posts\/99254\/revisions"}],"wp:featuredmedia":[{"embeddable":true,"href":"https:\/\/www.europesays.com\/no\/wp-json\/wp\/v2\/media\/99255"}],"wp:attachment":[{"href":"https:\/\/www.europesays.com\/no\/wp-json\/wp\/v2\/media?parent=99254"}],"wp:term":[{"taxonomy":"category","embeddable":true,"href":"https:\/\/www.europesays.com\/no\/wp-json\/wp\/v2\/categories?post=99254"},{"taxonomy":"post_tag","embeddable":true,"href":"https:\/\/www.europesays.com\/no\/wp-json\/wp\/v2\/tags?post=99254"}],"curies":[{"name":"wp","href":"https:\/\/api.w.org\/{rel}","templated":true}]}}