{"id":99256,"date":"2025-11-28T15:39:14","date_gmt":"2025-11-28T15:39:14","guid":{"rendered":"https:\/\/www.europesays.com\/no\/99256\/"},"modified":"2025-11-28T15:39:14","modified_gmt":"2025-11-28T15:39:14","slug":"flekkefjord-bedrift-har-landet-kontrakt-pa-150-millioner-skal-levere-til-verdens-forste-energioy-avisen-agder","status":"publish","type":"post","link":"https:\/\/www.europesays.com\/no\/99256\/","title":{"rendered":"Flekkefjord-bedrift har landet kontrakt p\u00e5 150 millioner: Skal levere til verdens f\u00f8rste energi\u00f8y &#8211; Avisen Agder"},"content":{"rendered":"<ol>\n<li><a href=\"https:\/\/news.google.com\/rss\/articles\/CBMi1AFBVV95cUxNTnlnb0hvYTZtenhVQW5pT1dqcUJvYzlzTDBMb0dmOHZZM3pMM3dOdjdrMVFJQkVmTEotNk91UXQtSHl5RjhoT3ZFVXVJWFlMY0hMVGRBbkhYVE92d2hKVnN4VmdDWTdGb0JJNVAwM3Q0dUJnR0UxdzFCYzlQZHdYSFJzRHd5UVN2eVkyZ0hnS1JYUFRXSkx1Q1MtYjViVFlJajRiZVhrRmNNRDhabzR1SzNQc1NvaC02SlRNZW9WS1pBUzBLZ2tBOXdjcjkySC0xWXN2SQ?oc=5\" target=\"_blank\" rel=\"nofollow noopener\">Flekkefjord-bedrift har landet kontrakt p\u00e5 150 millioner: Skal levere til verdens f\u00f8rste energi\u00f8y<\/a>&nbsp;&nbsp;Avisen Agder<\/li>\n<li><a href=\"https:\/\/news.google.com\/rss\/articles\/CBMi2wFBVV95cUxPYV9PX0NMZ3ZoOW41WnVhbTNodUR2RjN5SWJIc3ZITFRheklrRHZPS0YzUUJfaUx2bElJZ3FQd1d1TENEYWowQXprQTQxMjZHNHRUUjloVFlnTVBjeVhXbjhxOW9IT2hHbU1OcXJSYUlKMGxqaDZPTDMxZ1B5M1F4VjQxYUxEdWxBNFF6N2lGM0NDMlU1SDhpUWZsSF9IVVhrQ05HUGI4aW02YjRWdmIzeTNmem5hV2FMUzluRVBSaUdYQ3FKWVBKQ2NGQTdOY0lmLXpQa0J6QWhXZmc?oc=5\" target=\"_blank\" rel=\"nofollow noopener\">(+) De skal levere teknisk installasjon p\u00e5 kunstig \u00f8y for offshore havvind<\/a>&nbsp;&nbsp;Bygg.no<\/li>\n<li><a href=\"https:\/\/news.google.com\/rss\/articles\/CBMi-AFBVV95cUxPLWZKY09Lb3Z2MVFRV0V4bGt4dG9SQWhKcTYwQnB2Q0hKRmxYTXJCWVAxV0x6N3hVR2JXNFR4OEt3ZEhiWmhLSlZNNld1bWc4Nkh1d05JZnplT1FwVzdSakxvX0ZxamwwUHcxdkdfT3FCVTV3aEppby1WcnpfTFRxY2JRTloza3Nub2tCdFBBdVI0bmh4cl9KOEhRa1FYeGVWbFBfMzRZSjFkT29fRWxFVGVaZnZMcUhKRVBUTmhJWjViazdrWWJzeDQwWEJJYnBiajc0cUxhLVJMRjBrYkRLazVHczQtLVgwSllUMFZQelhuNEJGR1FSMw?oc=5\" target=\"_blank\" rel=\"nofollow noopener\">AF GRUPPEN: AERON INNG\u00c5TT AVTALE MED HSI JOINT VENTURE, VERDI CA. 150M<\/a>&nbsp;&nbsp;Finansavisen<\/li>\n<li><a href=\"https:\/\/news.google.com\/rss\/articles\/CBMi6gFBVV95cUxPbm1lbGxfMmpQb3FIZXFiSmtqUnRaVjJLZHJuWjVDRFE4TDBZTElCT0V4VnpDdGh0TGltc3poektUVUZJZmxnOTh2TEJsUVZSaTY4X1BpZjNaY3Nkc1REYWpmQkJOSFlPdU5SYXZqVHpHRjhrWHBtVldNcjV4WHhoQnR2WUplOTQ1NURESjJpem0zZVNKZWYtUlhEMFpWYW5EMmRodGx2bzRWSnFwUW1JUnlkU0E3Tl9BeTJWQndObjBEdEE3N3hJc3JuQlh4ZjlXWGJhdlc0VGR4cUFZUlBYMzhnNTZ3QUk2UGc?oc=5\" target=\"_blank\" rel=\"nofollow noopener\">Leverer teknisk HVAC-R-installasjon til Princess Elisabeth Island i Belgia<\/a>&nbsp;&nbsp;NTB Kommunikasjon<\/li>\n<\/ol>\n","protected":false},"excerpt":{"rendered":"Flekkefjord-bedrift har landet kontrakt p\u00e5 150 millioner: Skal levere til verdens f\u00f8rste energi\u00f8y&nbsp;&nbsp;Avisen Agder (+) De skal levere&hellip;\n","protected":false},"author":2,"featured_media":99257,"comment_status":"","ping_status":"","sticky":false,"template":"","format":"standard","meta":{"footnotes":""},"categories":[56],"tags":[60,61,62,30,28,29],"class_list":{"0":"post-99256","1":"post","2":"type-post","3":"status-publish","4":"format-standard","5":"has-post-thumbnail","7":"category-naeringsliv","8":"tag-business","9":"tag-economy","10":"tag-naeringsliv","11":"tag-no","12":"tag-norge","13":"tag-norway"},"share_on_mastodon":{"url":"https:\/\/pubeurope.com\/@no\/115628078939069829","error":""},"_links":{"self":[{"href":"https:\/\/www.europesays.com\/no\/wp-json\/wp\/v2\/posts\/99256","targetHints":{"allow":["GET"]}}],"collection":[{"href":"https:\/\/www.europesays.com\/no\/wp-json\/wp\/v2\/posts"}],"about":[{"href":"https:\/\/www.europesays.com\/no\/wp-json\/wp\/v2\/types\/post"}],"author":[{"embeddable":true,"href":"https:\/\/www.europesays.com\/no\/wp-json\/wp\/v2\/users\/2"}],"replies":[{"embeddable":true,"href":"https:\/\/www.europesays.com\/no\/wp-json\/wp\/v2\/comments?post=99256"}],"version-history":[{"count":0,"href":"https:\/\/www.europesays.com\/no\/wp-json\/wp\/v2\/posts\/99256\/revisions"}],"wp:featuredmedia":[{"embeddable":true,"href":"https:\/\/www.europesays.com\/no\/wp-json\/wp\/v2\/media\/99257"}],"wp:attachment":[{"href":"https:\/\/www.europesays.com\/no\/wp-json\/wp\/v2\/media?parent=99256"}],"wp:term":[{"taxonomy":"category","embeddable":true,"href":"https:\/\/www.europesays.com\/no\/wp-json\/wp\/v2\/categories?post=99256"},{"taxonomy":"post_tag","embeddable":true,"href":"https:\/\/www.europesays.com\/no\/wp-json\/wp\/v2\/tags?post=99256"}],"curies":[{"name":"wp","href":"https:\/\/api.w.org\/{rel}","templated":true}]}}