{"id":99258,"date":"2025-11-28T15:40:13","date_gmt":"2025-11-28T15:40:13","guid":{"rendered":"https:\/\/www.europesays.com\/no\/99258\/"},"modified":"2025-11-28T15:40:13","modified_gmt":"2025-11-28T15:40:13","slug":"zelenskyjs-stabssjef-andrij-jermak-gar-av","status":"publish","type":"post","link":"https:\/\/www.europesays.com\/no\/99258\/","title":{"rendered":"Zelenskyjs stabssjef Andrij Jermak g\u00e5r av"},"content":{"rendered":"\n<p class=\"_lead_o9xde_2 _lead_xtcu6_50 layout-component text-serif-m layout-normal text-serif-l layout-component layout-wide layout-padded _wide_17hqh_1 layout-padded\">Samtidig annonserer den ukrainske presidenten at det vil v\u00e6re nye ansikt \u00e5 se p\u00e5 presidentkontoret. <\/p>\n<p><img alt=\" Foto: ATTILA KISBENEDEK \/ AFP \/ NTB\" class=\"_image_qp4xg_65 layout-component layout-wide\" data-fullscreen- data-track-element-type=\"Article image fullscreen\" data-track-name=\"ImageFullscreen\" fetchpriority=\"high\" decoding=\"sync\" loading=\"eager\" height=\"5504\" itemprop=\"image\"  src=\"https:\/\/www.europesays.com\/no\/wp-content\/uploads\/2025\/11\/3e2087cb-8e7b-4537-9189-1aeb4d4dd158\"  style=\"object-position:0% 0%\" width=\"8256\"\/> Foto: ATTILA KISBENEDEK \/ AFP \/ NTB<\/p>\n<ul aria-hidden=\"true\" class=\"_images_1uft6_111\">\n<li><a class=\"_link_1uft6_116\" href=\"https:\/\/www.vg.no\/forfatter\/elise-kvien\" style=\"z-index:1\" title=\"Elise Kvien\" rel=\"nofollow noopener\" target=\"_blank\"><img alt=\"Bilde av Elise Kvien\" class=\"_image_1uft6_93\" fetchpriority=\"low\" loading=\"lazy\" decoding=\"async\" itemprop=\"image\"  src=\"https:\/\/www.europesays.com\/no\/wp-content\/uploads\/2025\/11\/1764344410_526_e9d71b6f-2a15-4dd1-85be-ea8fb873046c\"  width=\"480\"\/><\/a><\/li>\n<\/ul>\n<p> Oppdatert fredag 28. november kl. 16:34     <\/p>\n<p class=\"_paragraph_o9xde_4 _paragraph_xtcu6_10 layout-component text-serif-m layout-normal text-serif-m layout-padded\">Tidligere fredag meldte <a href=\"https:\/\/www.vg.no\/tag\/ukraina?utm_source=vg-article&amp;utm_medium=auto-tagger&amp;utm_campaign=2pnAKG\" class=\"_link_o9xde_39\" rel=\"nofollow noopener\" target=\"_blank\">Ukrainas<\/a> antikorrupsjonsbyr\u00e5 (NABU) at de ransaket kontoret til Volodymyr Zelenskyjs stabssjef Andrij Jermak. <\/p>\n<p class=\"_paragraph_o9xde_4 _paragraph_xtcu6_10 layout-component text-serif-m layout-normal text-serif-m layout-padded\">Jermak delte p\u00e5 Telegram at han ga etterforskerne full st\u00f8tte og ga dem tilgang til alt. <\/p>\n<p class=\"_paragraph_o9xde_4 _paragraph_xtcu6_10 layout-component text-serif-m layout-normal text-serif-m layout-padded\">Det er uvisst hva antikorrupsjonsbyr\u00e5ene leter etter. <\/p>\n<p class=\"_paragraph_o9xde_4 _paragraph_xtcu6_10 layout-component text-serif-m layout-normal text-serif-m layout-padded\">Jermak har v\u00e6rt Zelenskyjs stabssjef, hans n\u00e6rmeste medarbeider, siden 2020. <\/p>\n<p class=\"_paragraph_o9xde_4 _paragraph_xtcu6_10 layout-component text-serif-m layout-normal text-serif-m layout-padded\">Det er Zelenskyj selv som annonserer nyheten, melder Reuters. <\/p>\n<p>Korrupsjonsskandale<\/p>\n<p class=\"_paragraph_o9xde_4 _paragraph_xtcu6_10 layout-component text-serif-m layout-normal text-serif-m layout-padded\">Tidligere denne m\u00e5neden avdekket landets korrupsjonsjegere e<a href=\"https:\/\/www.vg.no\/nyheter\/i\/W04Me2\/lydopptakene-avsloerer-zelenskyjs-forretningspartner-de-har-dekodet-alt\" data-track-element-type=\"Link\" data-track-id=\"link:W04Me2\" class=\"_link_o9xde_39\" rel=\"nofollow noopener\" target=\"_blank\">n omfattende korrupsjonsskandale i landet.<\/a><\/p>\n<p class=\"_paragraph_o9xde_4 _paragraph_xtcu6_10 layout-component text-serif-m layout-normal text-serif-m layout-padded\">Det kan dreie seg om totalt \u00e9n milliard kroner som har havnet p\u00e5 feil steder.<\/p>\n<p class=\"_paragraph_o9xde_4 _paragraph_xtcu6_10 layout-component text-serif-m layout-normal text-serif-m layout-padded\">Tidligere denne m\u00e5neden ble Ukrainas tidligere visestatsminister tatt i en korrupsjonsskandale. <\/p>\n<p>    <img decoding=\"async\" alt=\"Tips oss illustrasjon\" src=\"https:\/\/www.europesays.com\/no\/wp-content\/uploads\/2025\/10\/pssst-small.webp.webp\"\/>    <\/p>\n<p class=\"title-serif-s\">Har du tips?<\/p>\n<p class=\"text-sans-m\">Send oss informasjon, bilder eller video.<\/p>\n<p>  <a href=\"https:\/\/www.vg.no\/tips-oss\" rel=\"nofollow noopener\" target=\"_blank\"> Tips oss <\/a>      <\/p>\n","protected":false},"excerpt":{"rendered":"Samtidig annonserer den ukrainske presidenten at det vil v\u00e6re nye ansikt \u00e5 se p\u00e5 presidentkontoret. Foto: ATTILA KISBENEDEK&hellip;\n","protected":false},"author":2,"featured_media":99259,"comment_status":"","ping_status":"","sticky":false,"template":"","format":"standard","meta":{"footnotes":""},"categories":[12],"tags":[31,20,21,24,25,15,2109,22,23,13,30,28,29,14,16,26,27,489,42,488,43,44,45],"class_list":{"0":"post-99258","1":"post","2":"type-post","3":"status-publish","4":"format-standard","5":"has-post-thumbnail","7":"category-verden","8":"tag-breaking","9":"tag-breaking-news","10":"tag-breakingnews","11":"tag-featured-news","12":"tag-featurednews","13":"tag-headlines","14":"tag-korrupsjon","15":"tag-latest-news","16":"tag-latestnews","17":"tag-news","18":"tag-no","19":"tag-norge","20":"tag-norway","21":"tag-nyheter","22":"tag-overskrifter","23":"tag-top-stories","24":"tag-topstories","25":"tag-ukraina","26":"tag-verden","27":"tag-volodymyr-zelenskyj","28":"tag-world","29":"tag-world-news","30":"tag-worldnews"},"share_on_mastodon":{"url":"https:\/\/pubeurope.com\/@no\/115628082862159202","error":""},"_links":{"self":[{"href":"https:\/\/www.europesays.com\/no\/wp-json\/wp\/v2\/posts\/99258","targetHints":{"allow":["GET"]}}],"collection":[{"href":"https:\/\/www.europesays.com\/no\/wp-json\/wp\/v2\/posts"}],"about":[{"href":"https:\/\/www.europesays.com\/no\/wp-json\/wp\/v2\/types\/post"}],"author":[{"embeddable":true,"href":"https:\/\/www.europesays.com\/no\/wp-json\/wp\/v2\/users\/2"}],"replies":[{"embeddable":true,"href":"https:\/\/www.europesays.com\/no\/wp-json\/wp\/v2\/comments?post=99258"}],"version-history":[{"count":0,"href":"https:\/\/www.europesays.com\/no\/wp-json\/wp\/v2\/posts\/99258\/revisions"}],"wp:featuredmedia":[{"embeddable":true,"href":"https:\/\/www.europesays.com\/no\/wp-json\/wp\/v2\/media\/99259"}],"wp:attachment":[{"href":"https:\/\/www.europesays.com\/no\/wp-json\/wp\/v2\/media?parent=99258"}],"wp:term":[{"taxonomy":"category","embeddable":true,"href":"https:\/\/www.europesays.com\/no\/wp-json\/wp\/v2\/categories?post=99258"},{"taxonomy":"post_tag","embeddable":true,"href":"https:\/\/www.europesays.com\/no\/wp-json\/wp\/v2\/tags?post=99258"}],"curies":[{"name":"wp","href":"https:\/\/api.w.org\/{rel}","templated":true}]}}