{"id":99270,"date":"2025-11-28T15:50:12","date_gmt":"2025-11-28T15:50:12","guid":{"rendered":"https:\/\/www.europesays.com\/no\/99270\/"},"modified":"2025-11-28T15:50:12","modified_gmt":"2025-11-28T15:50:12","slug":"emil-iversen-norgescup-langrenn-emil-iversen-i-tarer-etter-braket-kommer-ikke-utenom-meg","status":"publish","type":"post","link":"https:\/\/www.europesays.com\/no\/99270\/","title":{"rendered":"Emil Iversen, Norgescup langrenn | Emil Iversen i t\u00e5rer etter br\u00e5ket: \u2013 Kommer ikke utenom meg"},"content":{"rendered":"\n<p>Emil Iversen var ikke tatt ut i troppen som fredag gikk verdenscup\u00e5pningen i finske Ruka.<\/p>\n<p>I stedet gikk veteranen norgescuprenn p\u00e5 G\u00e5l\u00e5. Dermed sikrer han seg en friplass til verdenscuprennene i Trondheim neste helg.<\/p>\n<p>Iversne ble vraket til verdenscuplaget til fordel for Edvard Sandvik. Dermed var rennet p\u00e5 G\u00e5l\u00e5 mer eller mindre eneste sjanse for \u00e5 ta seg tilbake i varmen foran neste helg.<\/p>\n<p>\u2013 Nei, Per Elias (Kalfoss, landslagssjef), n\u00e5 kommer du ikke utenom meg. Ha, ha! sier Iversen til Direktesport eter seieren.<\/p>\n<p>T\u00e5rev\u00e5t Iversen sammen med forloveden<\/p>\n<p>Han sto sammen med forloveden Bettina Burud i m\u00e5lomr\u00e5det, og var i t\u00e5rer etter seieren p\u00e5 10 kilometer fristil.<\/p>\n<p>\u2013 Dette var r\u00e5tt. Det var en kjempedag hvor jeg var heldig med startnummeret, sier Iversen.<\/p>\n<p><b>Les ogs\u00e5: <a href=\"https:\/\/www.nettavisen.no\/sport\/norsk-drama-i-finland-klabo-matte-gi-tapt\/s\/5-95-2753246\" rel=\"Follow nofollow noopener\" target=\"_blank\">Norsk drama i Finland: Lagkompis tuktet Kl\u00e6bo <\/a><\/b><\/p>\n<p><a href=\"https:\/\/www.nrk.no\/sport\/langrenn_-emil-iversen-vant-utrolig-viktig-norgescup-renn-etter-uttaksbrak-1.17671190\" rel=\"Follow nofollow noopener\" target=\"_blank\">Hos NRK<\/a> spekuleres det n\u00e5 i om 34-\u00e5ringen fra Mer\u00e5ker n\u00e5 ogs\u00e5 burde g\u00e5 skiathlon i Trondheim.<\/p>\n<p>&#8216;Da m\u00e5 Iversen i s\u00e5 fall lede distansecupen i Norgescup sammenlagt.<\/p>\n<p>\u2013 Sp\u00f8rsm\u00e5let er om han blir skj\u00f8nna inn basert p\u00e5 det han har gjort i dag. N\u00e5 har han allerede v\u00e6rt i krangel med landslagsledelsen. Fikk jo ikke lov til \u00e5 g\u00e5 i Ruka og grunnet alder, rett og slett. Og det ble det en del br\u00e5k rundt, sier NRKs Fredrik Aukland.<\/p>\n<p>    Vil du se neste video?<\/p>\n<p>    <a href=\"https:\/\/www.nettavisen.no\/fredrik-solvang\/jonas-gahr-store\/debatten\/fredrik-solvang-himler-av-jonas-gahr-store-men-i-alle\/v\/5-95-2751917\" class=\"recommend-poster\" data-adp-clicklabel=\"video-recommend\" data-adp-clickvalue=\"poster\" rel=\"nofollow noopener\" target=\"_blank\"><br \/>\n      <img decoding=\"async\" width=\"200\" height=\"200\" loading=\"lazy\" src=\"https:\/\/www.europesays.com\/no\/wp-content\/uploads\/2025\/11\/Solvang+bredde.jpg\" alt=\"\" class=\"brick-c-cFOWSL\" style=\"--brick-image-ratio: 200 \/ 200;\"\/><\/p>\n<p>Himler av St\u00f8re: \u2013 Men i alle\u20261:06<\/p>\n<p>    <\/a><\/p>\n<p>Skapte br\u00e5k i langrennsleiren<\/p>\n<p>Opptakten til verdenscuprennene i Ruka har alts\u00e5 v\u00e6rt preget av br\u00e5k. Da Simen Hegstad Kr\u00fcger m\u00e5tte melde forfall, var det nevnte Sandvik som fikk plassen p\u00e5 laget.<\/p>\n<p>Det til tross for at b\u00e5de Johannes H\u00f8sflot Kl\u00e6bo og Didrik T\u00f8nseth mente Iversen fortjente plassen.<\/p>\n<p>Begrunnelsen fra landslagsledelsen var at de valgte en l\u00f8per med mer utviklingspotensial.<\/p>\n<p>Iversen selv har v\u00e6rt tydelig frustrert over at han ikke fikk en plass p\u00e5 laget.<\/p>\n<p>Han slo nemlig Sandvik med noen sekunder under den nasjonale \u00e5pningen p\u00e5 Beitost\u00f8len.<\/p>\n<p>Sandvik ble for \u00f8vrig nummer 13 under verdenscuprennet i Ruka, ogs\u00e5 det ble g\u00e5tt fredag ettermiddag.<\/p>\n","protected":false},"excerpt":{"rendered":"Emil Iversen var ikke tatt ut i troppen som fredag gikk verdenscup\u00e5pningen i finske Ruka. I stedet gikk&hellip;\n","protected":false},"author":2,"featured_media":99271,"comment_status":"","ping_status":"","sticky":false,"template":"","format":"standard","meta":{"footnotes":""},"categories":[59],"tags":[30,28,29,83,82],"class_list":{"0":"post-99270","1":"post","2":"type-post","3":"status-publish","4":"format-standard","5":"has-post-thumbnail","7":"category-sport","8":"tag-no","9":"tag-norge","10":"tag-norway","11":"tag-sport","12":"tag-sports"},"share_on_mastodon":{"url":"https:\/\/pubeurope.com\/@no\/115628122267579865","error":""},"_links":{"self":[{"href":"https:\/\/www.europesays.com\/no\/wp-json\/wp\/v2\/posts\/99270","targetHints":{"allow":["GET"]}}],"collection":[{"href":"https:\/\/www.europesays.com\/no\/wp-json\/wp\/v2\/posts"}],"about":[{"href":"https:\/\/www.europesays.com\/no\/wp-json\/wp\/v2\/types\/post"}],"author":[{"embeddable":true,"href":"https:\/\/www.europesays.com\/no\/wp-json\/wp\/v2\/users\/2"}],"replies":[{"embeddable":true,"href":"https:\/\/www.europesays.com\/no\/wp-json\/wp\/v2\/comments?post=99270"}],"version-history":[{"count":0,"href":"https:\/\/www.europesays.com\/no\/wp-json\/wp\/v2\/posts\/99270\/revisions"}],"wp:featuredmedia":[{"embeddable":true,"href":"https:\/\/www.europesays.com\/no\/wp-json\/wp\/v2\/media\/99271"}],"wp:attachment":[{"href":"https:\/\/www.europesays.com\/no\/wp-json\/wp\/v2\/media?parent=99270"}],"wp:term":[{"taxonomy":"category","embeddable":true,"href":"https:\/\/www.europesays.com\/no\/wp-json\/wp\/v2\/categories?post=99270"},{"taxonomy":"post_tag","embeddable":true,"href":"https:\/\/www.europesays.com\/no\/wp-json\/wp\/v2\/tags?post=99270"}],"curies":[{"name":"wp","href":"https:\/\/api.w.org\/{rel}","templated":true}]}}