{"id":99272,"date":"2025-11-28T15:51:10","date_gmt":"2025-11-28T15:51:10","guid":{"rendered":"https:\/\/www.europesays.com\/no\/99272\/"},"modified":"2025-11-28T15:51:10","modified_gmt":"2025-11-28T15:51:10","slug":"nyheter-kultur-to-nye-skuespillere-er-klare-for-peer","status":"publish","type":"post","link":"https:\/\/www.europesays.com\/no\/99272\/","title":{"rendered":"Nyheter, Kultur | To nye skuespillere er klare for Peer"},"content":{"rendered":"\n<p>Regiss\u00f8r Peer Perez \u00d8ian sier i en pressemelding fra Peer Gynt AS at han har sikret seg to av landets mest erfarne skuespillere til sommerens Peer Gynt p\u00e5 G\u00e5l\u00e5.<\/p>\n<p>\u2013 Terje Str\u00f8mdahl er blant de ypperste skuespillerne vi har. Han er et nasjonalt ikon, en pilot, gj\u00f8gler og skuespiller av rang. Han kan l\u00f8fte Ibsens tekstpartier som ingen andre. For meg er det et bucket list-\u00f8yeblikk \u00e5 f\u00e5 jobbe med ham med dette materialet, sier Peer Perez \u00d8ian.<\/p>\n<p>Om at Ellen Birgitte Winther har satt ja til rollen som Mor \u00c5se sier \u00d8ian at hun er en av hans absolutte favoritter.<\/p>\n<p>\u2013 Hun er en \u00abjernh\u00e5nd-silkehanske\u00bb-person, som er leken, varm, kraftfull og som en nordnorsk storm. Jeg gleder meg til \u00e5 se hvordan hun og Thorbj\u00f8rn Harr kommer til \u00e5 leke sammen p\u00e5 scenen.<\/p>\n<p>  <a href=\"https:\/\/www.gd.no\/5-18-2331493\" class=\"related-teaser has-image default-story-teaser article--c-eRUmMG article--c-eRUmMG-jKCPdD-design-default\" rel=\"nofollow noopener\" target=\"_blank\"><\/p>\n<p>    <img decoding=\"async\" loading=\"lazy\"  src=\"https:\/\/www.europesays.com\/no\/wp-content\/uploads\/2025\/11\/Ny+Peer+p%C3%A5+G%C3%A5l%C3%A5+fra+2026-+KVE+%2810%29.jpg\" alt=\"\" class=\"brick-c-cFOWSL\" style=\"\"\/><\/p>\n<p>\n            Les ogs\u00e5<\/p>\n<p>              Han er den nye Peer: \u2013 Det blir en styrkepr\u00f8ve\n        <\/p>\n<p>  <\/a><br \/>\n  I samme klasse<\/p>\n<p>Fra f\u00f8r er det kjent at skuespiller Thorbj\u00f8rn Harr skal spille hovedrollen som Peer Gynt.<\/p>\n<p>\u2013 Jeg har h\u00f8rt mye om Peer Gynt p\u00e5 G\u00e5l\u00e5 i alle \u00e5r og det er mye snakk om det i skuespillermilj\u00f8et. Det er ettertrakta \u00e5 v\u00e6re med p\u00e5. Dette er en gjev ting, \u00aballe\u00bb vil jo hit, sa Harr da det ble kjent at han blir den nye Peer.<\/p>\n<p>N\u00e5 er to medskuespillere p\u00e5 plass.<\/p>\n<p>\u2013 Da jeg h\u00f8rte hvem som skulle spille Mor \u00c5se og Dovregubben, ble jeg utrolig glad. Ellen Birgitte og jeg gikk i samme klasse p\u00e5 teaterskolen, og Terje var v\u00e5r l\u00e6rer og instrukt\u00f8r. N\u00e5 m\u00f8tes vi igjen og det blir stort, uttaler Harr.<\/p>\n<p>   <img decoding=\"async\" width=\"8256\" height=\"5504\" fetchpriority=\"low\"  loading=\"lazy\"  src=\"https:\/\/www.europesays.com\/no\/wp-content\/uploads\/2025\/11\/Ny+Peer+p%C3%A5+G%C3%A5l%C3%A5+fra+2026-+KVE+%283%29.jpg\" alt=\"\" class=\"brick-c-cFOWSL\" style=\"--brick-image-ratio: 8256 \/ 5504;\"\/><\/p>\n<p>      Skuespiller Thorbj\u00f8rn Harr og regiss\u00f8r Peer Perez \u00d8ian overtar Peer Gynt p\u00e5 G\u00e5l\u00e5 fra 2026.<br \/>\n      Foto: Kristin Veskje\n    <\/p>\n<p>  \u2013 Kan bli heftig<\/p>\n<p>Winther har tidligere spilt Solveig i Peer Gynt p\u00e5 Tr\u00f8ndelag Teater. Hun ser fram til \u00e5 innta rollen som Mor \u00c5se og sier i pressemeldingen at det er en stor glede \u00e5 f\u00e5 spille Mor \u00c5se ved G\u00e5l\u00e5vatnet.<\/p>\n<p>Str\u00f8mdahl, som selv har spilt Peer Gynt tidligere, gleder seg til \u00e5 tolke Dovregubben.<\/p>\n<p>\u2013 Jeg tror kampen for \u00e5 bli Dovregubbens svigers\u00f8nn kan bli heftig for Thorbj\u00f8rn (Harr). Men jeg har sett ham p\u00e5 scenen og det blir garantert fint.<\/p>\n<p>Peer Gynt p\u00e5 G\u00e5l\u00e5 spilles fra 31. juli til 8. august 2026.<\/p>\n","protected":false},"excerpt":{"rendered":"Regiss\u00f8r Peer Perez \u00d8ian sier i en pressemelding fra Peer Gynt AS at han har sikret seg to&hellip;\n","protected":false},"author":2,"featured_media":99273,"comment_status":"","ping_status":"","sticky":false,"template":"","format":"standard","meta":{"footnotes":""},"categories":[58],"tags":[36,71,12702,410,30,28,29,14,1158,8975,1160,1510,2909,72],"class_list":{"0":"post-99272","1":"post","2":"type-post","3":"status-publish","4":"format-standard","5":"has-post-thumbnail","7":"category-underholdning","8":"tag-art","9":"tag-entertainment","10":"tag-gala","11":"tag-kultur","12":"tag-no","13":"tag-norge","14":"tag-norway","15":"tag-nyheter","16":"tag-peer-gynt","17":"tag-skuespillere","18":"tag-sor-fron","19":"tag-story","20":"tag-teater","21":"tag-underholdning"},"share_on_mastodon":{"url":"https:\/\/pubeurope.com\/@no\/115628126127497970","error":""},"_links":{"self":[{"href":"https:\/\/www.europesays.com\/no\/wp-json\/wp\/v2\/posts\/99272","targetHints":{"allow":["GET"]}}],"collection":[{"href":"https:\/\/www.europesays.com\/no\/wp-json\/wp\/v2\/posts"}],"about":[{"href":"https:\/\/www.europesays.com\/no\/wp-json\/wp\/v2\/types\/post"}],"author":[{"embeddable":true,"href":"https:\/\/www.europesays.com\/no\/wp-json\/wp\/v2\/users\/2"}],"replies":[{"embeddable":true,"href":"https:\/\/www.europesays.com\/no\/wp-json\/wp\/v2\/comments?post=99272"}],"version-history":[{"count":0,"href":"https:\/\/www.europesays.com\/no\/wp-json\/wp\/v2\/posts\/99272\/revisions"}],"wp:featuredmedia":[{"embeddable":true,"href":"https:\/\/www.europesays.com\/no\/wp-json\/wp\/v2\/media\/99273"}],"wp:attachment":[{"href":"https:\/\/www.europesays.com\/no\/wp-json\/wp\/v2\/media?parent=99272"}],"wp:term":[{"taxonomy":"category","embeddable":true,"href":"https:\/\/www.europesays.com\/no\/wp-json\/wp\/v2\/categories?post=99272"},{"taxonomy":"post_tag","embeddable":true,"href":"https:\/\/www.europesays.com\/no\/wp-json\/wp\/v2\/tags?post=99272"}],"curies":[{"name":"wp","href":"https:\/\/api.w.org\/{rel}","templated":true}]}}