{"id":99275,"date":"2025-11-28T15:58:22","date_gmt":"2025-11-28T15:58:22","guid":{"rendered":"https:\/\/www.europesays.com\/no\/99275\/"},"modified":"2025-11-28T15:58:22","modified_gmt":"2025-11-28T15:58:22","slug":"aksjon-mot-nordlysturisme-pa-e6-i-storfjord-arbeidstilsynet-oppretter-25-saker-nrk-troms-og-finnmark","status":"publish","type":"post","link":"https:\/\/www.europesays.com\/no\/99275\/","title":{"rendered":"Aksjon mot nordlysturisme p\u00e5 E6 i Storfjord \u2013 Arbeidstilsynet oppretter 25 saker \u2013 NRK Troms og Finnmark"},"content":{"rendered":"<p>Arbeidstilsynet har <a href=\"https:\/\/www.nrk.no\/nyheter\/aksjon-mot-nordlysturisme-_-arbeidstilsynet-oppretter-25-saker-1.17670823\" ec-id=\"pp:article:1.17670823\" ec-name=\"opprettet 25 saker om l\u00f8nn og arbeidsvilk\u00e5r etter den store kontrollen\" rel=\"nofollow noopener\" target=\"_blank\">opprettet 25 saker om l\u00f8nn og arbeidsvilk\u00e5r etter den store kontrollen<\/a> i Skibotn i Troms.<\/p>\n<p>Totalt ble 77 f\u00f8rere ble kontrollert.<\/p>\n<p><strong>Det vil si at de fant mulige brudd hos hver tredje av akt\u00f8rene.<\/strong><\/p>\n<p>Kontrollen p\u00e5gikk over sju timer, og varte fra torsdag kveld til godt utp\u00e5 natta.<\/p>\n<p>Det var Utrykningspolitiet, Tollvesenet, Statens vegvesen og Arbeidstilsynet som deltok i kontrollen.<\/p>\n<p>Hadde narkotika<\/p>\n<p>De ble sjekket for rusp\u00e5virket kj\u00f8ring, og alle passerte de testene.<\/p>\n<p>Statens vegvesen delte ut tre gebyrer for brudd p\u00e5 kj\u00f8re- og hviletid. De ga ogs\u00e5 ett gebyr for manglende kjetting og bombrikke. Og en akt\u00f8r fikk advarsel for manglende merking av taxi.<\/p>\n<p><strong>Tollvesenet anmeldte en for besittelse av en mindre mengde narkotika.<\/strong><\/p>\n<p>Ogs\u00e5 tidligere denne m\u00e5neden var det kontroller i Troms og Finnmark. Da ble <a href=\"https:\/\/www.nrk.no\/tromsogfinnmark\/stor-kontroll-av-turistbusser-i-nord_-avdekket-flere-ulovlige-aktorer-i-tromso-og-lofoten-1.17657579\" ec-id=\"pp:article:1.17657579\" ec-name=\"20 personer tatt for \u00e5 drive ulovlig\" rel=\"nofollow noopener\" target=\"_blank\">20 personer tatt for \u00e5 drive ulovlig<\/a>.<\/p>\n<p>Flere kontroller<\/p>\n<p>\u2013 Vi kommer til \u00e5 ha flere kontroller med turbuss og turisme. Nordlysturismen er veldig aktuell \u00e5 f\u00f8lge opp, sier J\u00f8rn Fougner, seksjonsleder og leder for nasjonal aktivitetstransport hos Arbeidstilsynet.<\/p>\n<p>De ser at det er mange utenlandske akt\u00f8rer blant turbussakt\u00f8rene.<\/p>\n<p>\u2013 Og der er det ogs\u00e5 egne regler for hvordan de kan f\u00e5 lov \u00e5 operere her i landet.<\/p>\n<p><a class=\"login-banner-hack\" href=\"https:\/\/www.nrk.no\/logginn?context=article-plug\" style=\"padding: 0; border: none; display: none\" rel=\"nofollow noopener\" target=\"_blank\"><\/p>\n<p>            <img decoding=\"async\"   src=\"data:image\/gif;base64,R0lGODlhAQABAIAAAAAAAP\/\/\/yH5BAEAAAAALAAAAAABAAEAAAIBRAA7\" alt=\"Oppfordring til \u00e5 logge p\u00e5 NRKs tjenester\" title=\"Foto: Odd Arne Olderbakk\"\/><\/p>\n<p>            <img decoding=\"async\"   src=\"data:image\/gif;base64,R0lGODlhAQABAIAAAAAAAP\/\/\/yH5BAEAAAAALAAAAAABAAEAAAIBRAA7\" alt=\"Oppfordring til \u00e5 logge p\u00e5 NRKs tjenester\" title=\"Foto: Odd Arne Olderbakk\"\/><\/p>\n<p><\/a><\/p>\n<p>Publisert<\/p>\n<p>28.11.2025, kl. 07.54<\/p>\n<p>Oppdatert<\/p>\n<p>28.11.2025, kl. 14.12<\/p>\n","protected":false},"excerpt":{"rendered":"Arbeidstilsynet har opprettet 25 saker om l\u00f8nn og arbeidsvilk\u00e5r etter den store kontrollen i Skibotn i Troms. Totalt&hellip;\n","protected":false},"author":2,"featured_media":99276,"comment_status":"","ping_status":"","sticky":false,"template":"","format":"standard","meta":{"footnotes":""},"categories":[10],"tags":[20,21,24,25,15,22,23,13,30,28,29,14,16,26,27],"class_list":{"0":"post-99275","1":"post","2":"type-post","3":"status-publish","4":"format-standard","5":"has-post-thumbnail","7":"category-norge","8":"tag-breaking-news","9":"tag-breakingnews","10":"tag-featured-news","11":"tag-featurednews","12":"tag-headlines","13":"tag-latest-news","14":"tag-latestnews","15":"tag-news","16":"tag-no","17":"tag-norge","18":"tag-norway","19":"tag-nyheter","20":"tag-overskrifter","21":"tag-top-stories","22":"tag-topstories"},"share_on_mastodon":{"url":"https:\/\/pubeurope.com\/@no\/115628153605128203","error":""},"_links":{"self":[{"href":"https:\/\/www.europesays.com\/no\/wp-json\/wp\/v2\/posts\/99275","targetHints":{"allow":["GET"]}}],"collection":[{"href":"https:\/\/www.europesays.com\/no\/wp-json\/wp\/v2\/posts"}],"about":[{"href":"https:\/\/www.europesays.com\/no\/wp-json\/wp\/v2\/types\/post"}],"author":[{"embeddable":true,"href":"https:\/\/www.europesays.com\/no\/wp-json\/wp\/v2\/users\/2"}],"replies":[{"embeddable":true,"href":"https:\/\/www.europesays.com\/no\/wp-json\/wp\/v2\/comments?post=99275"}],"version-history":[{"count":0,"href":"https:\/\/www.europesays.com\/no\/wp-json\/wp\/v2\/posts\/99275\/revisions"}],"wp:featuredmedia":[{"embeddable":true,"href":"https:\/\/www.europesays.com\/no\/wp-json\/wp\/v2\/media\/99276"}],"wp:attachment":[{"href":"https:\/\/www.europesays.com\/no\/wp-json\/wp\/v2\/media?parent=99275"}],"wp:term":[{"taxonomy":"category","embeddable":true,"href":"https:\/\/www.europesays.com\/no\/wp-json\/wp\/v2\/categories?post=99275"},{"taxonomy":"post_tag","embeddable":true,"href":"https:\/\/www.europesays.com\/no\/wp-json\/wp\/v2\/tags?post=99275"}],"curies":[{"name":"wp","href":"https:\/\/api.w.org\/{rel}","templated":true}]}}