{"id":99277,"date":"2025-11-28T15:59:11","date_gmt":"2025-11-28T15:59:11","guid":{"rendered":"https:\/\/www.europesays.com\/no\/99277\/"},"modified":"2025-11-28T15:59:11","modified_gmt":"2025-11-28T15:59:11","slug":"sveits-hugo-maurstad-hugo-maurstad-flytter-til-sveits-for-andre-gang","status":"publish","type":"post","link":"https:\/\/www.europesays.com\/no\/99277\/","title":{"rendered":"Sveits, Hugo Maurstad | Hugo Maurstad flytter til Sveits for andre gang"},"content":{"rendered":"\n<p>Maurstad bekrefter flyttingen overfor <a href=\"https:\/\/www.dn.no\/marked\/hugo-maurstad\/sveits\/investor-hugo-maurstad-flytter-til-sveits-for-andre-gang\/2-1-1908617\" rel=\"Follow nofollow noopener\" target=\"_blank\">Dagens N\u00e6ringsliv<\/a>.<\/p>\n<p>\u2013 Jeg har allerede mesteparten av min virksomhet her, og jeg har i tillegg tatt p\u00e5 meg en mer operativ rolle i \u00absport apparel\u00bb, gjennom \u00e5 g\u00e5 inn som CEO i Monte Rosa Sport Group, sier han til avisen.<\/p>\n<p><b>Les ogs\u00e5: <a href=\"https:\/\/www.nettavisen.no\/okonomi\/spetalen-har-meldt-flytting-til-resort-i-sveits\/s\/5-95-2728659\" rel=\"Follow nofollow noopener\" target=\"_blank\">Spetalen har meldt flytting til Sveits-resort<\/a><\/b><\/p>\n<p>Flyttingen inneb\u00e6rer at skatteinntektene hans n\u00e5 vil tilfalle Sveits.<\/p>\n<p>\u2013 Jeg vil bruke majoriteten av min tid i Sveits fremover og blir derfor skattepliktig til Sveits i henhold til skatteavtalen mellom to landene, sier investoren videre.<\/p>\n<p>Troms\u00f8v\u00e6ringen har en ligningsformue p\u00e5 n\u00e6r 563 millioner kroner, if\u00f8lge DN.<\/p>\n<p><b>Les ogs\u00e5: <a href=\"https:\/\/www.nettavisen.no\/okonomi\/tall-fra-nav-overrasker-norges-bank\/s\/5-95-2752239\" rel=\"Follow nofollow noopener\" target=\"_blank\">Nav-tall overrasker Norges Bank<\/a><\/b><\/p>\n<p>Maurstad, som tidligere var toppsjef i Altor, driver n\u00e5 investeringsselskapet Monte Rosa Capital sammen med sveitseren Christian Casal. Han har hatt sentrale roller i selskaper som XXL og Sats, og er fortsatt styreleder i sistnevnte.<\/p>\n<p>60-\u00e5ringen bosetter seg i kantonen Zug, et omr\u00e5de kjent for lave skattesatser, og f\u00f8yer seg dermed inn i rekken av flere kjente nordmenn som har valgt \u00e5 bo der. Byen ligger 20 minutter med tog utenfor storbyen Z\u00fcrich.<\/p>\n<p>    Vil du se neste video?<\/p>\n<p>    <a href=\"https:\/\/www.nettavisen.no\/fredrik-solvang\/jonas-gahr-store\/debatten\/fredrik-solvang-himler-av-jonas-gahr-store-men-i-alle\/v\/5-95-2751917\" class=\"recommend-poster\" data-adp-clicklabel=\"video-recommend\" data-adp-clickvalue=\"poster\" rel=\"nofollow noopener\" target=\"_blank\"><br \/>\n      <img decoding=\"async\" width=\"200\" height=\"200\" loading=\"lazy\" src=\"https:\/\/www.europesays.com\/no\/wp-content\/uploads\/2025\/11\/Solvang+bredde.jpg\" alt=\"\" class=\"brick-c-cFOWSL\" style=\"--brick-image-ratio: 200 \/ 200;\"\/><\/p>\n<p>Himler av St\u00f8re: \u2013 Men i alle\u20261:06<\/p>\n<p>    <\/a><\/p>\n<p>        \u00d8ystein Stray Spetalen flytter til Sveits &#8211; det kunne flere tenke seg. <\/p>\n","protected":false},"excerpt":{"rendered":"Maurstad bekrefter flyttingen overfor Dagens N\u00e6ringsliv. \u2013 Jeg har allerede mesteparten av min virksomhet her, og jeg har&hellip;\n","protected":false},"author":2,"featured_media":99278,"comment_status":"","ping_status":"","sticky":false,"template":"","format":"standard","meta":{"footnotes":""},"categories":[5],"tags":[20,21,24,25,15,19,22,23,17,18,13,30,28,29,14,16,26,27],"class_list":{"0":"post-99277","1":"post","2":"type-post","3":"status-publish","4":"format-standard","5":"has-post-thumbnail","7":"category-overskrifter","8":"tag-breaking-news","9":"tag-breakingnews","10":"tag-featured-news","11":"tag-featurednews","12":"tag-headlines","13":"tag-hovedoppslag","14":"tag-latest-news","15":"tag-latestnews","16":"tag-main-news","17":"tag-mainnews","18":"tag-news","19":"tag-no","20":"tag-norge","21":"tag-norway","22":"tag-nyheter","23":"tag-overskrifter","24":"tag-top-stories","25":"tag-topstories"},"share_on_mastodon":{"url":"https:\/\/pubeurope.com\/@no\/115628157657317794","error":""},"_links":{"self":[{"href":"https:\/\/www.europesays.com\/no\/wp-json\/wp\/v2\/posts\/99277","targetHints":{"allow":["GET"]}}],"collection":[{"href":"https:\/\/www.europesays.com\/no\/wp-json\/wp\/v2\/posts"}],"about":[{"href":"https:\/\/www.europesays.com\/no\/wp-json\/wp\/v2\/types\/post"}],"author":[{"embeddable":true,"href":"https:\/\/www.europesays.com\/no\/wp-json\/wp\/v2\/users\/2"}],"replies":[{"embeddable":true,"href":"https:\/\/www.europesays.com\/no\/wp-json\/wp\/v2\/comments?post=99277"}],"version-history":[{"count":0,"href":"https:\/\/www.europesays.com\/no\/wp-json\/wp\/v2\/posts\/99277\/revisions"}],"wp:featuredmedia":[{"embeddable":true,"href":"https:\/\/www.europesays.com\/no\/wp-json\/wp\/v2\/media\/99278"}],"wp:attachment":[{"href":"https:\/\/www.europesays.com\/no\/wp-json\/wp\/v2\/media?parent=99277"}],"wp:term":[{"taxonomy":"category","embeddable":true,"href":"https:\/\/www.europesays.com\/no\/wp-json\/wp\/v2\/categories?post=99277"},{"taxonomy":"post_tag","embeddable":true,"href":"https:\/\/www.europesays.com\/no\/wp-json\/wp\/v2\/tags?post=99277"}],"curies":[{"name":"wp","href":"https:\/\/api.w.org\/{rel}","templated":true}]}}