{"id":99279,"date":"2025-11-28T16:00:09","date_gmt":"2025-11-28T16:00:09","guid":{"rendered":"https:\/\/www.europesays.com\/no\/99279\/"},"modified":"2025-11-28T16:00:09","modified_gmt":"2025-11-28T16:00:09","slug":"johannes-thingnes-bo-tarjei-bo-2","status":"publish","type":"post","link":"https:\/\/www.europesays.com\/no\/99279\/","title":{"rendered":"Johannes Thingnes B\u00f8, Tarjei B\u00f8"},"content":{"rendered":"\n<p><a href=\"https:\/\/www.nrk.no\/sport\/johannes-thingnes-bo-og-tarjei-bo-blir-nrk-ekspertar-_-heldt-karriereslutt-skjult-for-familien-1.17670091\" rel=\"Follow nofollow noopener\" target=\"_blank\">NRK bekrefter <\/a>fredag ettermiddag at de har sikret seg ny ekspertise n\u00e5r det kommer til skiskyting.<\/p>\n<p>B\u00e5de Tarjei B\u00f8 og lillebror Johannes Thingnes B\u00f8 er hanket inn av statskanalen for \u00e5 bidra i dekningen.<\/p>\n<p>\u2013 En g\u00e5r jo inn i det med litt \u00e6refrykt. Vi skal levere for det norske folket p\u00e5 en litt annen m\u00e5te enn det vi har gjort f\u00f8r, seier Johannes.<\/p>\n<p>B\u00f8-br\u00f8drene la opp etter forrige sesong<\/p>\n<p>Det har g\u00e5tt 250 dager siden de to br\u00f8drene gikk sitt siste renn. De var begge i verdenstoppen i en \u00e5rrekke.<\/p>\n<p>Neste \u00e5r blir de alts\u00e5 aktuelle igjen, n\u00e5r NRK skal formidle skiskyting fra vinter-OL i Milano og Cortina. <\/p>\n<p>\u2013 Vi skal inn i \u00abr\u00f8djakkealliansen\u00bb, vi har h\u00f8rt masse om den, seier Johannes og sikter til NRKs r\u00f8de jakker.<\/p>\n<p>Ser fram imot uvant rolle <\/p>\n<p>De to br\u00f8drene ser n\u00e5 fram til \u00e5 oppleve skiskyttersporten fra en litt annen vinkel.<\/p>\n<p>\u2013 Det er jo lett \u00e5 f\u00e5 en liten isfront mellom mediene og ut\u00f8vere. Det vet jeg av erfaring fra f\u00f8r, men jeg har skapt tillit til journalister f\u00f8r, og jeg h\u00e5per at b\u00e5de jeg og Tarjei kan vise oss tilliten verdig til \u00e5 komme i dialog med ut\u00f8verne p\u00e5 en god m\u00e5te, seier Johannes.<\/p>\n","protected":false},"excerpt":{"rendered":"NRK bekrefter fredag ettermiddag at de har sikret seg ny ekspertise n\u00e5r det kommer til skiskyting. B\u00e5de Tarjei&hellip;\n","protected":false},"author":2,"featured_media":99280,"comment_status":"","ping_status":"","sticky":false,"template":"","format":"standard","meta":{"footnotes":""},"categories":[59],"tags":[30,28,29,83,82],"class_list":{"0":"post-99279","1":"post","2":"type-post","3":"status-publish","4":"format-standard","5":"has-post-thumbnail","7":"category-sport","8":"tag-no","9":"tag-norge","10":"tag-norway","11":"tag-sport","12":"tag-sports"},"share_on_mastodon":{"url":"https:\/\/pubeurope.com\/@no\/115628161493130923","error":""},"_links":{"self":[{"href":"https:\/\/www.europesays.com\/no\/wp-json\/wp\/v2\/posts\/99279","targetHints":{"allow":["GET"]}}],"collection":[{"href":"https:\/\/www.europesays.com\/no\/wp-json\/wp\/v2\/posts"}],"about":[{"href":"https:\/\/www.europesays.com\/no\/wp-json\/wp\/v2\/types\/post"}],"author":[{"embeddable":true,"href":"https:\/\/www.europesays.com\/no\/wp-json\/wp\/v2\/users\/2"}],"replies":[{"embeddable":true,"href":"https:\/\/www.europesays.com\/no\/wp-json\/wp\/v2\/comments?post=99279"}],"version-history":[{"count":0,"href":"https:\/\/www.europesays.com\/no\/wp-json\/wp\/v2\/posts\/99279\/revisions"}],"wp:featuredmedia":[{"embeddable":true,"href":"https:\/\/www.europesays.com\/no\/wp-json\/wp\/v2\/media\/99280"}],"wp:attachment":[{"href":"https:\/\/www.europesays.com\/no\/wp-json\/wp\/v2\/media?parent=99279"}],"wp:term":[{"taxonomy":"category","embeddable":true,"href":"https:\/\/www.europesays.com\/no\/wp-json\/wp\/v2\/categories?post=99279"},{"taxonomy":"post_tag","embeddable":true,"href":"https:\/\/www.europesays.com\/no\/wp-json\/wp\/v2\/tags?post=99279"}],"curies":[{"name":"wp","href":"https:\/\/api.w.org\/{rel}","templated":true}]}}