{"id":99285,"date":"2025-11-28T16:08:17","date_gmt":"2025-11-28T16:08:17","guid":{"rendered":"https:\/\/www.europesays.com\/no\/99285\/"},"modified":"2025-11-28T16:08:17","modified_gmt":"2025-11-28T16:08:17","slug":"norge-risikerer-a-tape-batterikapplopet","status":"publish","type":"post","link":"https:\/\/www.europesays.com\/no\/99285\/","title":{"rendered":"Norge risikerer \u00e5 tape batterikappl\u00f8pet"},"content":{"rendered":"<p class=\"text-md pt-2 pb-8 mb-3 text-base border-b border-brandNeutral-900 dark:border-brandNeutral-100\">Dette debattinnlegget gir uttrykk for skribentens meninger. Innlegg kan sendes til debatt@tu.no.<\/p>\n<p>Verden, Europa og Norge trenger batterier. Ikke bare for \u00e5 n\u00e5 klimam\u00e5lene, men for \u00e5 sikre forsyningssikkerhet, bygge arbeidsplasser og bygge og opprettholde kritisk infrastruktur. Dette er bredt anerkjent, men utviklingen g\u00e5r for sakte.<\/p>\n<p>Skal Norge virkelig fortsette \u00e5 v\u00e6re avhengig av Kina for \u00e5 sikre kritisk infrastruktur og for \u00e5 n\u00e5 v\u00e5re klimam\u00e5l ? Svaret b\u00f8r v\u00e6re et rungende nei. Hvis vi likevel velger \u00e5 svarer ja, m\u00e5 vi forst\u00e5 konsekvensene i en stadig mer polarisert verden.<\/p>\n<p>Hvorfor har vi ikke lykkes? \u00a0<\/p>\n<p>Batterin\u00e6ringen er kompleks og kapitalkrevende. S\u00e6rlig battericelleproduksjon krever lange testl\u00f8p og har konservative kunder som ogs\u00e5 krever relativt tunge garantier. I ESS-markedet presser Kina prisene, mens nisjer, som Beyonder opererer i, har god l\u00f8nnsomhet n\u00e5r man f\u00f8rst er i kommersiell business.<\/p>\n<p>Men veien dit krever kapital og kompetanse i tre faser:<\/p>\n<ol class=\"mb-6\">&#13;<\/p>\n<li><strong>Utvikling<\/strong> av teknologi eller kj\u00f8p av eksisterende.<\/li>\n<p>&#13;<\/p>\n<li><strong>Kvalifisering<\/strong> og kommersialisering, med validering av prosess og produkt.<\/li>\n<p>&#13;<\/p>\n<li><strong>Skalering<\/strong> til storskala produksjon, som er sv\u00e6rt kapitalkrevende og risikofylt.<\/li>\n<p>&#13;\n<\/ol>\n<p>I fase 1 fungerer virkemiddelapparatet godt. I fase 2, den mest kritiske, svikter det. Her d\u00f8r mange teknologiselskaper, og store verdier g\u00e5r tapt. Fase 3 er lettere \u00e5 finansiere hvis man har en solid ordrebok, men krever fortsatt mye kapital og erfaring.<\/p>\n<p>Markedet alene er ikke nok<\/p>\n<p>Noen mener markedet skal l\u00f8se dette. At privat kapital kommer n\u00e5r business-caset er risikofritt. Det stemmer generelt, men det tar for lang tid n\u00e5r vi snakker om kritisk infrastruktur. Mens vi tenker, bygger Kina videre. Teknologi og arbeidsplasser kan g\u00e5 tapt fordi selskapene ikke har lang nok \u00abrunway\u00bb til \u00e5 st\u00e5 l\u00f8pet ut.<\/p>\n<p>Som samfunn m\u00e5 vi endre oss n\u00e5r verden endrer seg. Markedskreftene regulerer mye, men ikke bygging og utvikling av kritisk infrastruktur som vann, vei, kraft, nett og ny tungindustri. Dette blir for krevende \u00e5 overlate til markedskrefter og privat kapital alene.<\/p>\n<p>Det er gledelig at statsbudsjettet viser \u00f8kt fokus p\u00e5 kommersialisering i virkemiddelapparatet. Selv om forslagene ikke er vedtatt, er signalene viktige. N\u00e5 m\u00e5 vi bygge videre p\u00e5 dette, i et samarbeid mellom staten, private investorer, n\u00e6ringslivet og den enkelte bedrift.<\/p>\n<p>Hva m\u00e5 til?<\/p>\n<p>Her er noen grep som kan styrke samarbeidet og akselerere utviklingen:<\/p>\n<ul class=\"mb-6\">&#13;<\/p>\n<li><strong>Skatteincentiver og tilskudd<\/strong>: Inspirert av leterefusjonsordningen og IRA. Norge b\u00f8r bruke noe av oljeformuen til \u00e5 bygge nye n\u00e6ringer. Selskaper som har demonstrert \u00abproduct-market fit\u00bb b\u00f8r f\u00e5 st\u00f8tte til kommersialisering og skalering.<\/li>\n<p>&#13;<\/p>\n<li><strong>Statlige garantier: <\/strong>Kan gi kunder trygghet til \u00e5 satse p\u00e5 ny teknologi og akselerere ordreinntaket.<\/li>\n<p>&#13;<\/p>\n<li><strong>Premium for lokal produksjon:<\/strong> Globale kunder er villige til \u00e5 betale mer for batterier produsert i Norge. Det styrker business-caset, men bidrar ikke til kommersialiseringsfasen, der mange faller fra. Myndighetene kan stille krav til \u00ablokalt innhold\u00bb i anbud til st\u00f8rre offentlige prosjekter.<\/li>\n<p>&#13;\n<\/ul>\n<p>Selskapene m\u00e5 samtidig sikre kompetanse og erfaring, blant annet gjennom partnerskap, ogs\u00e5 med akt\u00f8rer i Asia.\u00a0<\/p>\n<p>Mer enn batterier<\/p>\n<p>Tiltakene vil redusere kostnaden, \u00f8ke tempoet i det gr\u00f8nne skiftet og bidra til Europas selvstendighet fra Kina. Batterier, sammen med sol og vind, er helt sentrale i fremtidens elektrifiserte samfunn. Norge har talent, teknologi og vilje,\u00a0 men vi mangler besluttsomhet og tempo.\u00a0<\/p>\n<p>Hvis vi mener alvor med forsyningssikkerhet, verdiskapning og klimam\u00e5l, m\u00e5 vi handle n\u00e5. Staten, n\u00e6ringslivet, private investorer og bedriftene m\u00e5 dra i samme retning. Vi har ikke r\u00e5d til \u00e5 tenke oss frem til en l\u00f8sning mens andre bygger den.<\/p>\n<p><a class=\"group clear-both w-full !no-underline my-8 sm:my-12 bg-stone-50 dark:bg-brandStone-700 dark:text-brandNeutral-100 flex items-stretch flex-nowrap\" href=\"https:\/\/www.tu.no\/artikler\/ffi-advarer-mot-kinesisk-utstyr-i-kraftbransjen\/563507\" rel=\"nofollow noopener\" target=\"_blank\"><img decoding=\"async\" class=\" object-cover h-full w-full transition-transform duration-700 ease-in-out group-hover:scale-[1.05] will-change-transform\" src=\"https:\/\/www.europesays.com\/no\/wp-content\/uploads\/2025\/11\/6Q6A6166.jpg\"  alt=\"Rannveig Eidem Norfolk er direkt\u00f8r for nettdrift i Lnett og sier hun skal se p\u00e5 forsyningskjedene i S\u00f8r-Rogalands str\u00f8mnett med et dypere blikk etter at Forsvarets forskningsinstitutt advarte mot kinesisk utstyr.\" loading=\"lazy\"\/><\/p>\n<p>Les ogs\u00e5:<\/p>\n<p class=\"group-hover:underline text-brandNeutral-900 dark:text-brandNeutral-100 mt-2 text-base sm:text-xl leading-5 sm:leading-6 font-bold\">Fikk FFI-advarsel mot kinesisk utstyr i kraftbransjen: \u2013 M\u00e5 se med dypere blikk p\u00e5 forsyningskjedene v\u00e5re<\/p>\n<p><\/a><\/p>\n","protected":false},"excerpt":{"rendered":"Dette debattinnlegget gir uttrykk for skribentens meninger. Innlegg kan sendes til debatt@tu.no. Verden, Europa og Norge trenger batterier.&hellip;\n","protected":false},"author":2,"featured_media":99286,"comment_status":"","ping_status":"","sticky":false,"template":"","format":"standard","meta":{"footnotes":""},"categories":[56],"tags":[581,60,37,61,382,62,30,28,29],"class_list":{"0":"post-99285","1":"post","2":"type-post","3":"status-publish","4":"format-standard","5":"has-post-thumbnail","7":"category-naeringsliv","8":"tag-batterier","9":"tag-business","10":"tag-debatt","11":"tag-economy","12":"tag-energi","13":"tag-naeringsliv","14":"tag-no","15":"tag-norge","16":"tag-norway"},"share_on_mastodon":{"url":"https:\/\/pubeurope.com\/@no\/115628192952291990","error":""},"_links":{"self":[{"href":"https:\/\/www.europesays.com\/no\/wp-json\/wp\/v2\/posts\/99285","targetHints":{"allow":["GET"]}}],"collection":[{"href":"https:\/\/www.europesays.com\/no\/wp-json\/wp\/v2\/posts"}],"about":[{"href":"https:\/\/www.europesays.com\/no\/wp-json\/wp\/v2\/types\/post"}],"author":[{"embeddable":true,"href":"https:\/\/www.europesays.com\/no\/wp-json\/wp\/v2\/users\/2"}],"replies":[{"embeddable":true,"href":"https:\/\/www.europesays.com\/no\/wp-json\/wp\/v2\/comments?post=99285"}],"version-history":[{"count":0,"href":"https:\/\/www.europesays.com\/no\/wp-json\/wp\/v2\/posts\/99285\/revisions"}],"wp:featuredmedia":[{"embeddable":true,"href":"https:\/\/www.europesays.com\/no\/wp-json\/wp\/v2\/media\/99286"}],"wp:attachment":[{"href":"https:\/\/www.europesays.com\/no\/wp-json\/wp\/v2\/media?parent=99285"}],"wp:term":[{"taxonomy":"category","embeddable":true,"href":"https:\/\/www.europesays.com\/no\/wp-json\/wp\/v2\/categories?post=99285"},{"taxonomy":"post_tag","embeddable":true,"href":"https:\/\/www.europesays.com\/no\/wp-json\/wp\/v2\/tags?post=99285"}],"curies":[{"name":"wp","href":"https:\/\/api.w.org\/{rel}","templated":true}]}}