{"id":99287,"date":"2025-11-28T16:10:21","date_gmt":"2025-11-28T16:10:21","guid":{"rendered":"https:\/\/www.europesays.com\/no\/99287\/"},"modified":"2025-11-28T16:10:21","modified_gmt":"2025-11-28T16:10:21","slug":"ny-barnehage-og-skolestruktur-skole-og-barnehage","status":"publish","type":"post","link":"https:\/\/www.europesays.com\/no\/99287\/","title":{"rendered":"Ny barnehage- og skolestruktur, Skole og barnehage"},"content":{"rendered":"\n<p><b>I dag fredag skal Oppvekst- og utdanningsutvalget behandle saken \u00abOppstart og organisering av ny barnehage- og skolestruktur \u2013 prinsipper, prosess og prioriteringer\u00bb. Det er helt riktig at saken m\u00e5 opp igjen, men det er vanskelig \u00e5 forst\u00e5 hvordan forslaget fra ledelsen i Troms\u00f8 kommune skal bidra til en bedre prosess enn sist.<\/b><\/p>\n<p><b>Saksutredningen <\/b>peker p\u00e5 at kommunen i dag har for mange sm\u00e5 enheter, noe som gir h\u00f8ye driftskostnader og vanskeliggj\u00f8r en b\u00e6rekraftig \u00f8konomi. Likevel foresl\u00e5s det \u00e5 engasjere en ekstern prosjektleder, til tross for at dette verken er finansiert eller n\u00f8dvendigvis vil gjenoppbygge s\u00e5rt tiltrengt tillit i befolkningen. Jeg siterer fra sak 25\/20278-1:<\/p>\n<p>\u00abDet anbefales \u00e5 engasjere en ekstern prosjektleder med relevant erfaring og kompetanse innen ledelse av komplekse utviklingsprosesser i offentlig sektor. Anbefalingen bygger p\u00e5 behovet for \u00e5 styrke tilliten i befolkningen etter forrige struktursak, samt begrenset kapasitet i avdelingen. Det presiseres at det per i dag ikke er avsatt midler til denne stillingen\u00bb. <\/p>\n<p><b>Etter \u00e5 ha brukt<\/b> millionbel\u00f8p p\u00e5 forrige uavhengige granskning, skal kommunen n\u00e5 alts\u00e5 vurdere \u00e5 bruke flere millioner til \u2013 denne gang p\u00e5 en konsulent som i verste fall sitter p\u00e5 et advokatkontor i Oslo og ikke kjenner Troms\u00f8-samfunnet.<\/p>\n<p><b>Til dere <\/b>politikere og medlemmer av utvalget: En ekstern prosjektleder kan absolutt v\u00e6re dyktig. Men vil det i seg selv styrke innbyggernes tillit?<\/p>\n<p><b>Hvorfor ikke <\/b>heller satse p\u00e5 de mange kompetente og erfarne fagfolkene som allerede jobber i Troms\u00f8 kommune? Vi har rektorer, barnehagestyrere, enhetsledere og seksjonsledere med solid lokal kunnskap, profesjonsforst\u00e5else og st\u00e5lkontroll p\u00e5 hva som faktisk fungerer. Dersom Troms\u00f8 kommune som arbeidsgiver virkelig mener at ingen av dem er gode nok, b\u00f8r de g\u00e5 minst en runde til og vurdere egne ansatte f\u00f8r man g\u00e5r utenfor kommunegrensen.<\/p>\n<p><b>Tillit bygges<\/b> ikke ved \u00e5 overse egne ansatte. Den bygges ved \u00e5 bruke og styrke den fagkompetansen vi allerede har. Troms\u00f8 kommune m\u00e5 slutte \u00e5 hente inn eksterne l\u00f8sninger n\u00e5r de beste ressursene finnes p\u00e5 innsiden.<\/p>\n","protected":false},"excerpt":{"rendered":"I dag fredag skal Oppvekst- og utdanningsutvalget behandle saken \u00abOppstart og organisering av ny barnehage- og skolestruktur \u2013&hellip;\n","protected":false},"author":2,"featured_media":99288,"comment_status":"","ping_status":"","sticky":false,"template":"","format":"standard","meta":{"footnotes":""},"categories":[10],"tags":[36,20,21,24,25,15,22,23,13,30,28,29,12703,14,1533,7335,16,12704,26,27,1424],"class_list":{"0":"post-99287","1":"post","2":"type-post","3":"status-publish","4":"format-standard","5":"has-post-thumbnail","7":"category-norge","8":"tag-art","9":"tag-breaking-news","10":"tag-breakingnews","11":"tag-featured-news","12":"tag-featurednews","13":"tag-headlines","14":"tag-latest-news","15":"tag-latestnews","16":"tag-news","17":"tag-no","18":"tag-norge","19":"tag-norway","20":"tag-ny-barnehage-og-skolestruktur","21":"tag-nyheter","22":"tag-opinion","23":"tag-oppvekst-og-utdanning","24":"tag-overskrifter","25":"tag-skole-og-barnehage","26":"tag-top-stories","27":"tag-topstories","28":"tag-tromso-kommune"},"share_on_mastodon":{"url":"https:\/\/pubeurope.com\/@no\/115628200781074127","error":""},"_links":{"self":[{"href":"https:\/\/www.europesays.com\/no\/wp-json\/wp\/v2\/posts\/99287","targetHints":{"allow":["GET"]}}],"collection":[{"href":"https:\/\/www.europesays.com\/no\/wp-json\/wp\/v2\/posts"}],"about":[{"href":"https:\/\/www.europesays.com\/no\/wp-json\/wp\/v2\/types\/post"}],"author":[{"embeddable":true,"href":"https:\/\/www.europesays.com\/no\/wp-json\/wp\/v2\/users\/2"}],"replies":[{"embeddable":true,"href":"https:\/\/www.europesays.com\/no\/wp-json\/wp\/v2\/comments?post=99287"}],"version-history":[{"count":0,"href":"https:\/\/www.europesays.com\/no\/wp-json\/wp\/v2\/posts\/99287\/revisions"}],"wp:featuredmedia":[{"embeddable":true,"href":"https:\/\/www.europesays.com\/no\/wp-json\/wp\/v2\/media\/99288"}],"wp:attachment":[{"href":"https:\/\/www.europesays.com\/no\/wp-json\/wp\/v2\/media?parent=99287"}],"wp:term":[{"taxonomy":"category","embeddable":true,"href":"https:\/\/www.europesays.com\/no\/wp-json\/wp\/v2\/categories?post=99287"},{"taxonomy":"post_tag","embeddable":true,"href":"https:\/\/www.europesays.com\/no\/wp-json\/wp\/v2\/tags?post=99287"}],"curies":[{"name":"wp","href":"https:\/\/api.w.org\/{rel}","templated":true}]}}