{"id":99293,"date":"2025-11-28T16:13:08","date_gmt":"2025-11-28T16:13:08","guid":{"rendered":"https:\/\/www.europesays.com\/no\/99293\/"},"modified":"2025-11-28T16:13:08","modified_gmt":"2025-11-28T16:13:08","slug":"sagaen-om-isfolket-ved-nationaltheatret-anmeldelser-og-anbefalinger","status":"publish","type":"post","link":"https:\/\/www.europesays.com\/no\/99293\/","title":{"rendered":"\u00abSagaen om Isfolket\u00bb ved National\u00adtheatret \u2013 Anmeldelser og anbefalinger"},"content":{"rendered":"<p>Eventyr for voksne, er den blitt kalt, <a href=\"https:\/\/snl.no\/Margit_Sandemo\" target=\"_blank\" ec-id=\"https:\/\/snl.no\/Margit_Sandemo\" ec-name=\"Margit Sandemos\" rel=\"nofollow noopener\">Margit Sandemos<\/a> serie \u00abSagaen om Isfolket\u00bb.<\/p>\n<p><strong>Mer folkekj\u00e6r litteratur skal du lete lenge etter: 47 b\u00f8ker best\u00e5r den av, opplaget er p\u00e5 over seks millioner, og Sandemo skrev serien i en fykende fei mellom 1982 og 1989. <\/strong><\/p>\n<p>De kvinnelige leserne \u2013 for det var flest kvinner \u2013 trykket b\u00f8kene til sitt bryst, og ung\u00adjenter leste dem i skjul, trollbundet av hekse\u00adslekten med de katte\u00adgule \u00f8ynene og den intense driv\u00adkraften. <\/p>\n<p>Serien var elsket av folket, mens det litter\u00e6re etablissementet <a href=\"https:\/\/www.nrk.no\/ytring\/for-en-revansje-for-margit-sandemo-1.17668036\" target=\"_blank\" ec-id=\"pp:article:1.17668036\" ec-name=\"rynket p\u00e5 nesen\" rel=\"nofollow noopener\">rynket p\u00e5 nesen<\/a>. <\/p>\n<p><img decoding=\"async\"   src=\"data:image\/gif;base64,R0lGODlhAQABAIAAAAAAAP\/\/\/yH5BAEAAAAALAAAAAABAAEAAAIBRAA7\" loading=\"eager\" alt=\"Boken &quot;Trollbundet&quot; av Margit Sandemo i bokserien Sagaen om isfolket st\u00e5ende p\u00e5 et bord med en blomstrete duk, vegg med m\u00f8nstret tapet i bakgrunnen\" title=\"\"\/><\/p>\n<p class=\"no-credit\">SOLGTE MILLIONER: Norsk-svenske Margit Sandemos (1924\u20132018) serie om Isfolket.<\/p>\n<p>Under\u00adverdenen kommer<\/p>\n<p>Mye har skjedd siden den tid. <\/p>\n<p>Margit Sandemo <a href=\"https:\/\/www.nrk.no\/innlandet\/margit-sandemo-fikk-medalje-1.11680327\" target=\"_blank\" ec-id=\"pp:article:1.11680327\" ec-name=\"har f\u00e5tt Kongens for\" rel=\"nofollow noopener\">har f\u00e5tt Kongens for<\/a><a href=\"https:\/\/www.nrk.no\/innlandet\/margit-sandemo-fikk-medalje-1.11680327\" target=\"_blank\" ec-id=\"pp:article:1.11680327\" ec-name=\"tjeneste\" rel=\"nofollow noopener\">\u00adtjeneste\u00ad<\/a><a href=\"https:\/\/www.nrk.no\/innlandet\/margit-sandemo-fikk-medalje-1.11680327\" target=\"_blank\" ec-id=\"pp:article:1.11680327\" ec-name=\"medalje\" rel=\"nofollow noopener\">medalje<\/a>, og romantasy-b\u00f8ker <a href=\"http:\/\/www.nrk.no\/rogaland\/romantasy-boker-er-blitt-populaere-_-lange-ventetider-pa-bibliotekene-1.17009446\" target=\"_blank\" ec-id=\"pp:article:1.17009446\" ec-name=\"har blitt stuerene\" rel=\"nofollow noopener\">har blitt stuerene<\/a>. P\u00e5 Sandemos tid het det kiosk\u00adlitteratur, og det var der du fikk kj\u00f8pt b\u00f8kene \u2013 i kiosken.<\/p>\n<p>I 2025 kan du til og med delta p\u00e5 skrive\u00adkurs som heter \u00abHekse\u00adsirkel\u00bb \u2013 s\u00e5 da er det kanskje ikke s\u00e5 overraskende at National\u00adtheatret, som trenger \u00e5 vise seg relevant for et nytt publikum midt i alt <a href=\"https:\/\/www.nrk.no\/stor-oslo\/ny-undersokelse-om-nationaltheatret_-_-delt-losning-mer-aktuelt_-mener-statsbygg-1.17406112\" ec-id=\"pp:article:1.17406112\" ec-name=\"byggekaoset\" rel=\"nofollow noopener\" target=\"_blank\">byggekaoset<\/a>, setter opp \u00abSagaen om Is\u00adfolket\u00bb som teater. <\/p>\n<p><strong>Og n\u00e5r de f\u00f8rst gj\u00f8r det, drar de p\u00e5 med alle 47 b\u00f8kene. <\/strong><\/p>\n<p>Usedvanlig har det blitt. For n\u00e5 inn\u00adtar under\u00adverdenen den \u00e6r\u00adverdige, gylne hoved\u00adscenen.<\/p>\n<p><img decoding=\"async\"   src=\"data:image\/gif;base64,R0lGODlhAQABAIAAAAAAAP\/\/\/yH5BAEAAAAALAAAAAABAAEAAAIBRAA7\" loading=\"eager\" alt=\"En kvinne med langt, r\u00f8dt h\u00e5r st\u00e5r i sentrum av scenen, omgitt av m\u00f8rk kledde mennesker. De ser ut til \u00e5 v\u00e6re i en rituell positur, med hendene hevet mot henne. I bakgrunnen er en stor, belyst pentagram-sirkel, og det er lys og t\u00e5ke som bidrar til en dramatisk stemning. En m\u00e5ne er synlig i det bakre hj\u00f8rnet av scenen.\" title=\"Foto: Erika Hebbert \/ Nationaltheatret\"\/><\/p>\n<p class=\"\">SATAN SJ\u00d8L: Lucifer er en sentral skikkelse i \u00abSagaen om Isfolket\u00bb.<\/p>\n<p>Foto: Erika Hebbert \/ Nationaltheatret<\/p>\n<p>Umettelig begj\u00e6r <\/p>\n<p>\u00c5 yte en omfattende 47-binds\u00adserie rettferdig\u00adhet som teater er p\u00e5 et vis umulig. <\/p>\n<p>Simen Formo Hay og Oda Radoor har likevel klart \u00e5 skape noe som viser respekt for leserne og universet samtidig som det er underholdende \u2013 selv om stykket tenderer mot det parodiske. <\/p>\n<p>Akkurat det siste er ikke s\u00e5 rart.<\/p>\n<p>Sandemos karakterer er ikke spesielt komplekse, de er enkle \u00e5 forst\u00e5 og kjenne seg igjen i, og det er ogs\u00e5 noe av det som har v\u00e6rt med p\u00e5 \u00e5 skape driv\u00adkraften i dette roman\u00aduniverset. <\/p>\n<p><strong>Det og det pirrende i det okkulte, de dype kreftene, erotikken og begj\u00e6ret. <\/strong><\/p>\n<p>S\u00e5 n\u00e5r Lucifer opptrer med diamant\u00adbelagt penis, er det spot on romantasy: Vel\u00adutstyrte menn og kvinner med stort begj\u00e6r er en viktig ingrediens i denne typen fortellinger. <\/p>\n<p>Og folk elsker det. Det vet Hay og Radoor, og de lar det g\u00e5 hett for seg, gjerne helt fremst p\u00e5 scenen, b\u00e5de titt og ofte.\n<\/p>\n<p><img decoding=\"async\"   src=\"data:image\/gif;base64,R0lGODlhAQABAIAAAAAAAP\/\/\/yH5BAEAAAAALAAAAAABAAEAAAIBRAA7\" loading=\"eager\" alt=\"En person i kostyme st\u00e5r p\u00e5 scenen i en teater, mens publikum f\u00f8lger med. Den kledde figuren har dragerelaterte elementer og kneler p\u00e5 scenen. Omgivelsene har en tradisjonell teaterinredning med dekorativ belysning. Publikum sitter i rader og ser opp mot scenen.\" title=\"Foto: Lars Opstad \/ Nationaltheatret\"\/><\/p>\n<p class=\"\">DJEVELSK: Demonene er ogs\u00e5 hjertelig til stede i \u00abSagaen om Isfolket\u00bb. Publikum f\u00e5r et tett m\u00f8te med Sandemos univers. Demonkostymet til Nora Fr\u00f8lich er designet av Alva Walderhaug Brosten.<\/p>\n<p>Foto: Lars Opstad \/ Nationaltheatret<\/p>\n<p>Godt lydbilde<\/p>\n<p>Visuelt er dette et sanse\u00adbombardement. <\/p>\n<p>National\u00adtheatrets scene blir liksom for liten for dette grandiose verket, og dermed tyter scenografien ut i publikums\u00adomr\u00e5det, og publikum kan ogs\u00e5 ta plass p\u00e5 scenen. <\/p>\n<p><strong>Alt av balkonger er i bruk, skue<\/strong>\u00ad<strong>spillerne bruker salen aktivt \u2013 et typisk grep av Hay og Radoor, flittig benyttet i <a href=\"https:\/\/www.nrk.no\/anmeldelser\/anmeldelse_-_europavisjonar_-pa-det-norske-teatret-1.17309109\" target=\"_blank\" ec-id=\"pp:article:1.17309109\" ec-name=\"\u00abEuropavisjonar\u00bb\" rel=\"nofollow noopener\">\u00abEuropavisjonar\u00bb<\/a>, som duoen ogs\u00e5 stod bak. <\/strong><\/p>\n<p>Sterke farger og tydelig symbolikk g\u00e5r igjen i det visuelle ut\u00adtrykket, og kostymene forsterker de ulike karakterenes hoved\u00adtrekk. <\/p>\n<p><img decoding=\"async\"   src=\"data:image\/gif;base64,R0lGODlhAQABAIAAAAAAAP\/\/\/yH5BAEAAAAALAAAAAABAAEAAAIBRAA7\" loading=\"eager\" alt=\"Tre personer er p\u00e5 scenen i et dramatisk lyssetting. En skikkelse med blader holder en gjenstand, mens to andre viser intensitet i bevegelsene. Omgivelsene er svakt opplyst med tung t\u00e5ke, som skaper en mystisk atmosf\u00e6re. En av de to personene er synlig i en b\u00f8yd stilling, og en annen rekker armene opp.\" title=\"Foto: Erika Hebbert \/ Nationaltheatret\"\/><\/p>\n<p class=\"\">DET SISTE SLAGET: Alrunen som har fulgt Isfolkets forbannelse gjennom \u00e5rhundrer, blir levendegjort, og snart er enden n\u00e6r. Fra venstre: Ingjerd Egeberg, Sebastian Warholm og Jacob Jensen.<\/p>\n<p>Foto: Erika Hebbert \/ Nationaltheatret<\/p>\n<p>Lyd\u00adbildet er omfattende og gjennom\u00adkomponert.<\/p>\n<p>Tobi Pfeil, som blant annet har herjet p\u00e5 Det Norske Teatrets Scene 3 det siste \u00e5ret, har skapt et m\u00f8rkt og usedvanlig godt lyd\u00adbilde som opp\u00admerksomheten stadig trekkes mot. <\/p>\n<p>Virke\u00admidlene og spillet drar i samme retning: Her m\u00e5 man godta den rare historien og de grunne karakterene, bli med p\u00e5 deres premisser. <\/p>\n<p><strong>Gi seg hen, p\u00e5 en m\u00e5te. For det er da det blir g\u00f8y.<\/strong><\/p>\n<p><img decoding=\"async\"   src=\"data:image\/gif;base64,R0lGODlhAQABAIAAAAAAAP\/\/\/yH5BAEAAAAALAAAAAABAAEAAAIBRAA7\" loading=\"eager\" alt=\"To personer er i fokus p\u00e5 scenen; en med spisse skuldre holder en annen med b\u00f8lgete h\u00e5r. Den andre personen ser ut til \u00e5 lene seg ned, mens en tredje figur delvis ses i bakgrunnen. Bakgrunnen har r\u00f8de og gr\u00f8nne elementer, som setter en dramatisk tone til scenen.\" title=\"Foto: Lars Opstad \/ Nationaltheatret\"\/><\/p>\n<p class=\"\">BEGJ\u00c6R: \u00abHvem kan begj\u00e6re meg\u00bb, tenker Tengel den gode av Isfolket (H\u00e5kon Ramstad). Det kan Silje, og sammen f\u00f8rer de Isfolket arv videre. P\u00e5 Tengels fang: Sol av Isfolket (Hanna-Maria Gr\u00f8nneberg).\u00a0<\/p>\n<p>Foto: Lars Opstad \/ Nationaltheatret<\/p>\n<p>Snakkis<\/p>\n<p>Samtidig blir det for intenst for lenge. Dette er ikke noe for sarte \u00f8rer eller dem som ikke t\u00e5ler \u00e5 se en f\u00f8dsel forfra. <\/p>\n<p>Det er mye humor, og oppsetningen fyker av g\u00e5rde, full av morsomme l\u00f8sninger og over\u00adraskende vendinger. <\/p>\n<p><img decoding=\"async\"   src=\"data:image\/gif;base64,R0lGODlhAQABAIAAAAAAAP\/\/\/yH5BAEAAAAALAAAAAABAAEAAAIBRAA7\" loading=\"eager\" alt=\"To personer i lyse kl\u00e6r, en holder en dukke, skaper en dramatisk scene med en tilskuers fokusert uttrykk. Omgivelsene er svakt opplyst og ser ut til \u00e5 v\u00e6re en teaterscene. Scenen virker intens og kan tolkes som en del av en forestilling med dype temaer.\" title=\"Foto: Lars Opstad \/ Nationaltheatret\"\/><\/p>\n<p class=\"\">RAMMET: I hvert slektsledd hos Isfolket f\u00f8des det en som er rammet av en forbannelse. Og det f\u00f8des mye. Fra venstre: Liv Bernhoft Osa og Ingjerd Egeberg.<\/p>\n<p>Foto: Lars Opstad \/ Nationaltheatret<\/p>\n<p>Noen endringer vil ihuga lesere selvsagt opp\u00addage. For dette g\u00e5r fort. <\/p>\n<p><strong>Starten av sagaen blir tydelig og godt presentert, s\u00e5 spoles det i rekord<\/strong>\u00ad<strong>fart gjennom flere hundre\u00e5r, f\u00f8r under<\/strong>\u00ad<strong>verdenen slippes l\u00f8s p\u00e5 den \u00e6r<\/strong>\u00ad<strong>verdige scenen. <\/strong><\/p>\n<p>Og i dette spinnet, i denne farten, s\u00e5 mister forestillingen grepet om sin egen form. Avslutningen fungerer d\u00e5rlig, og frem mot den er det flere punkter der forestillingen tvinger seg selv videre. <\/p>\n<p><img decoding=\"async\"   src=\"data:image\/gif;base64,R0lGODlhAQABAIAAAAAAAP\/\/\/yH5BAEAAAAALAAAAAABAAEAAAIBRAA7\" loading=\"eager\" alt=\"Bilde fra Sagaen om Isfolket\" title=\"Foto: Erika Hebbert \/ Nationaltheatret\"\/><\/p>\n<p class=\"\">HEFTIG OG BEGEISTRET: Sex blir det aldri nok av i \u00abSagaen om Isfolket\u00bb. Her: Dobbelt opp. Fra venstre: Hanna-Maria Gr\u00f8nneberg, Ibrahim Fazlic, Nora Fr\u00f8lich og Jacob Jensen.<\/p>\n<p>Foto: Erika Hebbert \/ Nationaltheatret<\/p>\n<p>\u00abSagaen om Isfolket\u00bb er morsom, intens og kaotisk.<strong> <\/strong><\/p>\n<p><strong>Og at dette blir en snakkis, det er jeg sikker p\u00e5. <\/strong><\/p>\n<p>Om forestillinga<\/p>\n<p><strong>Tittel:<\/strong> \u00abSagaen om Isfolket\u00bb<\/p>\n<p><strong>Av:<\/strong> Simen Formo Hay og Oda Radoor, basert p\u00e5 b\u00f8kene til Margit Sandemo<\/p>\n<p><strong>Sted:<\/strong> Nationaltheatret, Oslo<\/p>\n<p><strong>N\u00e5r:<\/strong> 26. november 2025 til 19. mars 2026<\/p>\n<p><strong>Varighet:<\/strong> Ca. tre timer og 40 minutter inkludert pause<\/p>\n<p><strong>Regiss\u00f8r:<\/strong> Simen Formo Hay og Oda Radoor<\/p>\n<p><strong>Scenograf og videodesigner:<\/strong> Eilif Fjeld<\/p>\n<p><strong>Kostymedesigner:<\/strong> Alva Walderhaug Brosten<\/p>\n<p><strong>Lysdesigner: <\/strong>Oscar Udbye<\/p>\n<p><strong>Komponist, video- og lyddesigner: <\/strong>Tobi Pfeil<\/p>\n<p><strong>Intimitetskoreograf: <\/strong>Kristin Ryg Helgebostad<\/p>\n<p><strong>Mask\u00f8r: <\/strong>Ida Kristine H\u00f8gbakk<\/p>\n<p><strong>Dramaturg Nationaltheatret: <\/strong>Elin Grinaker<\/p>\n<p><strong>Medvirkende: <\/strong>Hanna-Maria Gr\u00f8nneberg, Selome Emnetu, Liv Bernhoft Osa, Marika Enstad, Heidi Goldmann, Jenny Mueni Ndunda, Ingjerd Egeberg, Nora Fr\u00f8lich, H\u00e5kon Ramstad, Christoffer R. Masters, Jacob Jensen, Ibrahim Fazlic, Sebastian Warholm, Hilma Ruth Karin Skar-Fr\u00f6ding, Ester Horn, Christine Stoesen<\/p>\n<p>Publisert<\/p>\n<p>28.11.2025, kl. 13.41<\/p>\n","protected":false},"excerpt":{"rendered":"Eventyr for voksne, er den blitt kalt, Margit Sandemos serie \u00abSagaen om Isfolket\u00bb. Mer folkekj\u00e6r litteratur skal du&hellip;\n","protected":false},"author":2,"featured_media":99294,"comment_status":"","ping_status":"","sticky":false,"template":"","format":"standard","meta":{"footnotes":""},"categories":[58],"tags":[71,30,28,29,72],"class_list":{"0":"post-99293","1":"post","2":"type-post","3":"status-publish","4":"format-standard","5":"has-post-thumbnail","7":"category-underholdning","8":"tag-entertainment","9":"tag-no","10":"tag-norge","11":"tag-norway","12":"tag-underholdning"},"share_on_mastodon":{"url":"https:\/\/pubeurope.com\/@no\/115628212408315079","error":""},"_links":{"self":[{"href":"https:\/\/www.europesays.com\/no\/wp-json\/wp\/v2\/posts\/99293","targetHints":{"allow":["GET"]}}],"collection":[{"href":"https:\/\/www.europesays.com\/no\/wp-json\/wp\/v2\/posts"}],"about":[{"href":"https:\/\/www.europesays.com\/no\/wp-json\/wp\/v2\/types\/post"}],"author":[{"embeddable":true,"href":"https:\/\/www.europesays.com\/no\/wp-json\/wp\/v2\/users\/2"}],"replies":[{"embeddable":true,"href":"https:\/\/www.europesays.com\/no\/wp-json\/wp\/v2\/comments?post=99293"}],"version-history":[{"count":0,"href":"https:\/\/www.europesays.com\/no\/wp-json\/wp\/v2\/posts\/99293\/revisions"}],"wp:featuredmedia":[{"embeddable":true,"href":"https:\/\/www.europesays.com\/no\/wp-json\/wp\/v2\/media\/99294"}],"wp:attachment":[{"href":"https:\/\/www.europesays.com\/no\/wp-json\/wp\/v2\/media?parent=99293"}],"wp:term":[{"taxonomy":"category","embeddable":true,"href":"https:\/\/www.europesays.com\/no\/wp-json\/wp\/v2\/categories?post=99293"},{"taxonomy":"post_tag","embeddable":true,"href":"https:\/\/www.europesays.com\/no\/wp-json\/wp\/v2\/tags?post=99293"}],"curies":[{"name":"wp","href":"https:\/\/api.w.org\/{rel}","templated":true}]}}